{"id":55532,"date":"2022-09-21T11:49:38","date_gmt":"2022-09-21T09:49:38","guid":{"rendered":"https:\/\/www.die-stadtzeitung.de\/?p=55532"},"modified":"2022-09-21T11:49:38","modified_gmt":"2022-09-21T09:49:38","slug":"jan-filipzik-irgendwo-dazwischen-in-bergamo","status":"publish","type":"post","link":"https:\/\/www.die-stadtzeitung.de\/index.php\/2022\/09\/21\/jan-filipzik-irgendwo-dazwischen-in-bergamo\/","title":{"rendered":"Jan Filipzik: Irgendwo dazwischen \u2013 in Bergamo"},"content":{"rendered":"<div id=\"attachment_55536\" class=\"wp-caption alignnone\" style=\"max-width: 1034px;\"><img loading=\"lazy\" decoding=\"async\" class=\"size-large wp-image-55536\" src=\"\/wp-content\/uploads\/2022\/09\/img_20220910_163525.jpg-1024x768.webp\" alt=\"\" width=\"1024\" height=\"768\" \/><span class=\"wp-caption-text\">Lina &amp; Jan bestens gelaunt in Bergamo &#8211; \u00a9 reisen-ist.jetzt<\/span><\/div>\n<p>Wir purzeln aus der Haust\u00fcr und stehen mitten im Leben. Caf\u00e9s, kleine Restaurants, sch\u00f6ne Fashionl\u00e4den, eine lebendige Altstadt \u2013 und \u00fcber allem schwebt schon beinahe das italienische Lebensgef\u00fchl, la dolce vita, Aperitivo in der Sp\u00e4tsommersonne, knatternde Vespas auf Kopfsteinpflaster und lautstarke Diskussionen in einer Sprache, von der wir nur Bruchst\u00fccke verstehen.<span class=\"Apple-converted-space\">\u00a0<\/span><\/p>\n<p>So hatten wir uns das vorgestellt, als wir unsere Unterkunft in Bergamo gebucht haben. Und w\u00e4hrend in Deutschland das Wetter langsam herbstlich wird, genie\u00dfen wir hier noch einmal den Sommer, viel zu faul, um uns gro\u00df zu bewegen oder aktiv zu sein, stattdessen lassen wir uns treiben und mitrei\u00dfen, verabschieden uns f\u00fcr ein paar Tage vom Minimalismus und genie\u00dfen einfach nur.<span class=\"Apple-converted-space\">\u00a0<\/span><\/p>\n<div id=\"attachment_55537\" class=\"wp-caption alignnone\" style=\"max-width: 1034px;\"><img loading=\"lazy\" decoding=\"async\" class=\"wp-image-55537 size-large\" src=\"\/wp-content\/uploads\/2022\/09\/img_20220911_135549-1024x431.webp\" alt=\"\" width=\"1024\" height=\"431\" \/><span class=\"wp-caption-text\">Traumhafte Landschaft rund um Bergamo &#8211; \u00a9 reisen-ist.jetzt<\/span><\/div>\n<p>Fast schon schade, dass wir viel zu tun haben. Am liebsten w\u00fcrden wir ganze Tage einfach drau\u00dfen verbringen, wer braucht schon seinen Laptop und E-Mails, die ja doch nur neue Arbeit bescheren. Umso wertvoller die Momente, in denen wir ausbrechen und ganz hier sind, in dieser Stadt.<\/p>\n<p>Mir ist klar, dass das im Widerspruch steht zum Titel dieses Artikels, doch das l\u00e4sst sich schnell erkl\u00e4ren. Denn hier sind wir mitten im Leben \u2013 und doch zwischen den Dingen: zwischen den Jahreszeiten, denn schon bald geht es f\u00fcr uns zur\u00fcck nach Deutschland, wo es aktuell tendenziell eher grau und definitiv k\u00e4lter ist.<\/p>\n<h4>In Lenas &amp; Jans Reiseblog &#8222;reisen-ist.jetzt &#8211; Unterwegs ist da,\u00a0wo wir sind&#8220; finden Sie noch viel mehr Fotos, Infos und Impressionen:<\/h4>\n<p><a href=\"https:\/\/reisen-ist.jetzt\">https:\/\/reisen-ist.jetzt<\/a><\/p>\n<p>Zwischen zwei grunds\u00e4tzlich verschiedenen Lebensstilen, denn in wenigen Monaten, ja nur noch Wochen, starten wir unsere Weltreise. Und zwischen zwei Urlauben, denn nach der Schweiz geht es f\u00fcr uns demn\u00e4chst f\u00fcr eine Woche mit meinen Eltern und meiner Schwester nach Polen.<span class=\"Apple-converted-space\">\u00a0<\/span><\/p>\n<div id=\"attachment_55538\" class=\"wp-caption alignnone\" style=\"max-width: 1034px;\"><img loading=\"lazy\" decoding=\"async\" class=\"wp-image-55538 size-large\" src=\"\/wp-content\/uploads\/2022\/09\/img_20220911_154029-1024x768.webp\" alt=\"\" width=\"1024\" height=\"768\" \/><span class=\"wp-caption-text\">Lena geniesst in euner Bodega das Treiben auf der Strasse &#8211; \u00a9 reisen-ist.jetzt<\/span><\/div>\n<p>Davor habe ich noch eine Woche Urlaub, alleine, Lena muss leider weiterarbeiten. Und w\u00e4hrend sie \u00fcber Wangen im Allg\u00e4u nach Heidelberg reisen wird, werde ich die gleiche Strecke mit dem Fahrrad bew\u00e4ltigen. Zumindest ist das mein Plan.<\/p>\n<p>Schon in wenigen Stunden soll es losgehen, Samstagfr\u00fch startet die Tour \u2013 und nat\u00fcrlich habe ich mir f\u00fcr den ersten Tag einen pers\u00f6nlichen Rekord vorgenommen: 160 Kilometer sollen es sein, von Bergamo bis nach Riva am Gardasee.<span class=\"Apple-converted-space\">\u00a0<\/span><\/p>\n<p>Von dort aus geht es in mehreren Etappen \u00fcber Meran und Bozen und \u00fcber die Alpen bis hinunter nach Garmisch-Partenkirchen, weiter \u00fcber Augsburg und Stuttgart bis nach Heidelberg, wo ich dann hoffentlich am kommenden Freitag, nach knapp 1000 Kilometern auf dem Rad, auf Lena treffe.<span class=\"Apple-converted-space\">\u00a0<\/span><\/p>\n<p>Von dort fahren wir dann gemeinsam mit dem Auto nach Wuppertal. Am n\u00e4chsten Tag folgt dann der Teil mit der Woche Urlaub in Polen und der Familie.<\/p>\n<div id=\"attachment_55540\" class=\"wp-caption alignnone\" style=\"max-width: 970px;\"><img loading=\"lazy\" decoding=\"async\" class=\"wp-image-55540 size-full\" src=\"\/wp-content\/uploads\/2022\/09\/img_20220911_165721.jpeg\" alt=\"\" width=\"960\" height=\"957\" \/><span class=\"wp-caption-text\">Ein wundersch\u00f6ner Ort: Der idyllische Markplatz in Bergamo &#8211; \u00a9 reisen-ist.jetzt<\/span><\/div>\n<p>Ob ich die Radtour wirklich schaffe? Keine Ahnung, ehrlich gesagt. Ich habe mir auf jeden Fall viel vorgenommen. Jede einzelne Etappe ist anstrengend, aber machbar \u2013 die Herausforderung sind die vielen Tage hintereinander.<span class=\"Apple-converted-space\">\u00a0<\/span><\/p>\n<p>Noch kann ich mir nicht wirklich vorstellen, in ein paar Stunden aufzubrechen \u2013 und ich habe, auch weil ich mein Rad vorsorglich noch einmal in die Werkstatt gebracht und durchchecken habe lassen, definitiv weniger trainiert als ich wollte.<span class=\"Apple-converted-space\">\u00a0<\/span><\/p>\n<p>Aber so oder so, ob mit dem Rad oder nach v\u00f6lliger Ersch\u00f6pfung doch mit dem Zug, ob mit wundem Hintern und Muskelkater oder doch v\u00f6llig entspannt und gelassen, ob bei Sonnenschein oder str\u00f6mendem Regen (ich habe mich noch nicht getraut, mir den Wetterbericht f\u00fcr die n\u00e4chsten Tage anzuschauen):<span class=\"Apple-converted-space\">\u00a0<\/span><\/p>\n<p>Am Ende werde ich in Heidelberg landen und mich mal mindestens mit einer gro\u00dfen Pizza belohnen. F\u00fcr einen Moment italienischer Lebensfreude und zur\u00fcckschauend auf ein weiteres, au\u00dfergew\u00f6hnliches Erlebnis. Wie es mir ergangen ist, lest ihr dann hier.<\/p>\n<p><strong>Jan Filipzik<\/strong><\/p>\n<p><strong>September 2022<\/strong><\/p>\n<div id=\"attachment_55541\" class=\"wp-caption alignnone\" style=\"max-width: 1034px;\"><img loading=\"lazy\" decoding=\"async\" class=\"wp-image-55541 size-large\" src=\"\/wp-content\/uploads\/2022\/09\/img_20220911_165730-1024x768.webp\" alt=\"\" width=\"1024\" height=\"768\" \/><span class=\"wp-caption-text\">Im idyllischen Bergamo liessen Jan und Lena die Seele einmal so richtig baumeln &#8211; \u00a9 reisen-ist.jetzt<\/span><\/div>\n<div id=\"attachment_55542\" class=\"wp-caption alignnone\" style=\"max-width: 1034px;\"><img loading=\"lazy\" decoding=\"async\" class=\"wp-image-55542 size-large\" src=\"\/wp-content\/uploads\/2022\/09\/titelbild_bergamo-1024x576.jpeg\" alt=\"\" width=\"1024\" height=\"576\" \/><span class=\"wp-caption-text\">Lena &amp; Jan liessen sich die leckeren K\u00f6stlichkeiten der Region schmecken &#8211; \u00a9 reisen-ist.jetzt<\/span><\/div>\n<h4>In Lenas &amp; Jans Reiseblog &#8222;reisen-ist.jetzt &#8211; Unterwegs ist da,\u00a0wo wir sind&#8220; finden Sie noch viel mehr Fotos, Infos und Impressionen:<\/h4>\n<p><a href=\"https:\/\/reisen-ist.jetzt\">https:\/\/reisen-ist.jetzt<\/a><\/p>\n<p>&nbsp;<\/p>\n","protected":false},"excerpt":{"rendered":"<p>Sie sind buchst\u00e4blich auf dem Weg, sich ihren grossen Traum zu erf\u00fcllen &#8211; die Unternehmensberaterin Lena Lichterbeck und der Berater Jan Filipzik, in Wuppertal bekannt und gesch\u00e4tzt als Chefredakteur des ehemaligen, werbefreien Magazins &#8222;talw\u00e4rts&#8220;. Die beiden haben ihre gemeinsame Wohnung bereits aufgegeben und sind seit Juni unterwegs auf Deutschland- und Europa-Reise.  Ab jetzt werden wir Lena und Jan auf ihrer Tour begleiten. Gerade haben es sich die beiden in Bergamo (Italien) gut gehen lassen. Hier Jans Reisebericht.<\/p>\n","protected":false},"author":7,"featured_media":0,"comment_status":"open","ping_status":"open","sticky":false,"template":"","format":"standard","meta":{"footnotes":""},"categories":[25],"tags":[],"class_list":["post-55532","post","type-post","status-publish","format-standard","hentry","category-lifestyle"],"publishpress_future_action":{"enabled":false,"date":"2026-05-05 08:22:31","action":"change-status","newStatus":"draft","terms":[],"taxonomy":"category","extraData":[]},"publishpress_future_workflow_manual_trigger":{"enabledWorkflows":[]},"_links":{"self":[{"href":"https:\/\/www.die-stadtzeitung.de\/index.php\/wp-json\/wp\/v2\/posts\/55532","targetHints":{"allow":["GET"]}}],"collection":[{"href":"https:\/\/www.die-stadtzeitung.de\/index.php\/wp-json\/wp\/v2\/posts"}],"about":[{"href":"https:\/\/www.die-stadtzeitung.de\/index.php\/wp-json\/wp\/v2\/types\/post"}],"author":[{"embeddable":true,"href":"https:\/\/www.die-stadtzeitung.de\/index.php\/wp-json\/wp\/v2\/users\/7"}],"replies":[{"embeddable":true,"href":"https:\/\/www.die-stadtzeitung.de\/index.php\/wp-json\/wp\/v2\/comments?post=55532"}],"version-history":[{"count":7,"href":"https:\/\/www.die-stadtzeitung.de\/index.php\/wp-json\/wp\/v2\/posts\/55532\/revisions"}],"predecessor-version":[{"id":55546,"href":"https:\/\/www.die-stadtzeitung.de\/index.php\/wp-json\/wp\/v2\/posts\/55532\/revisions\/55546"}],"wp:attachment":[{"href":"https:\/\/www.die-stadtzeitung.de\/index.php\/wp-json\/wp\/v2\/media?parent=55532"}],"wp:term":[{"taxonomy":"category","embeddable":true,"href":"https:\/\/www.die-stadtzeitung.de\/index.php\/wp-json\/wp\/v2\/categories?post=55532"},{"taxonomy":"post_tag","embeddable":true,"href":"https:\/\/www.die-stadtzeitung.de\/index.php\/wp-json\/wp\/v2\/tags?post=55532"}],"curies":[{"name":"wp","href":"https:\/\/api.w.org\/{rel}","templated":true}]}}