{"id":55242,"date":"2022-09-13T10:24:26","date_gmt":"2022-09-13T08:24:26","guid":{"rendered":"https:\/\/www.die-stadtzeitung.de\/?p=55242"},"modified":"2022-09-21T11:42:48","modified_gmt":"2022-09-21T09:42:48","slug":"lena-ii-dolce-far-niente-am-gardasee","status":"publish","type":"post","link":"https:\/\/www.die-stadtzeitung.de\/index.php\/2022\/09\/13\/lena-ii-dolce-far-niente-am-gardasee\/","title":{"rendered":"Lena: II dolce far niente am Gardasee"},"content":{"rendered":"<div id=\"attachment_55245\" class=\"wp-caption alignnone\" style=\"max-width: 1034px;\"><img loading=\"lazy\" decoding=\"async\" class=\"size-large wp-image-55245\" src=\"\/wp-content\/uploads\/2022\/09\/pra-da-bont_titel-1024x576.jpeg\" alt=\"\" width=\"1024\" height=\"576\" \/><span class=\"wp-caption-text\">Lena und Jan strahlen am Gardasee &#8211; \u00a9\u00a0reisen-ist.jetzt<\/span><\/div>\n<h4>II dolce far niente am Gardasee &#8211; auf Deutsch: &#8222;Faulenzen am Gardasee&#8220;.<\/h4>\n<p>Es ist Sonntagvormittag und mir scheint die Sonne auf den R\u00fccken, w\u00e4hrend ich an \u201emeinem\u201c Schreibtisch sitze und diese Zeilen schreibe. In einiger Entfernung kann ich die Glocken der K\u00fche und Schafe h\u00f6ren, die auf den Wiesen am Berg weiden, dazwischen das Bellen einiger Hofhunde, die lautstark auf sich aufmerksam machen und noch weiter entfernt \u2013 unten im Tal \u2013 das Rauschen der Autos und Motorr\u00e4der, die sich entlang des Seeufers schl\u00e4ngeln.<span class=\"Apple-converted-space\">\u00a0<\/span><\/p>\n<p>Wenn ich meinen Kopf drehe und nach rechts aus dem Fenster schaue, sehe ich gr\u00fcne H\u00e4nge, kleine D\u00f6rfer, die sich an die H\u00fcgel schmiegen, weiter hinten hoch aufragende Berge und einen kleinen Ausschnitt des Gardasees, auf dem die Sonne glitzert. Absolut idyllisch.<\/p>\n<p>Nach unserem Schweiz-Abenteuer ist es hier ein wenig ruhig um uns geworden. Vielleicht liegt es daran, dass die Wanderung durch die Schweizer Alpen wirklich anstrengend, fordern \u2013 bisweilen auch \u00fcberfordernd \u2013 und sehr intensiv war, sodass sich diese Eindr\u00fccke erst einmal setzen mussten, bevor wir \u00fcber unsere n\u00e4chste Station berichten.<\/p>\n<h4>In Lenas &amp; Jans Reiseblog &#8222;reisen-ist.jetzt &#8211; Unterwegs ist da,\u00a0wo wir sind&#8220; finden Sie noch viel mehr Fotos, Infos und Impressionen:<\/h4>\n<p><a href=\"https:\/\/reisen-ist.jetzt\">https:\/\/reisen-ist.jetzt<\/a><\/p>\n<p>Vielleicht ist der Grund aber auch einfach der, dass hier oben auf unserem Berg in Pra\u2018 da Bont, nicht so wahnsinnig viel passiert, wor\u00fcber es sich zu berichten lohnt. Gemeinsam mit vier, f\u00fcnf anderen Geb\u00e4uden, liegt unser H\u00e4uschen etwas nach hinten versetzt an der einen engen Stra\u00dfe, die entlang dieses Berges f\u00fchrt \u2013 sehr idyllisch, aber eben auch absolut ab vom Schuss.<span class=\"Apple-converted-space\">\u00a0<\/span><\/p>\n<div id=\"attachment_55251\" class=\"wp-caption alignnone\" style=\"max-width: 1034px;\"><img loading=\"lazy\" decoding=\"async\" class=\"wp-image-55251 size-large\" src=\"\/wp-content\/uploads\/2022\/09\/img_20220901_141715-1-1024x768.webp\" alt=\"\" width=\"1024\" height=\"768\" \/><span class=\"wp-caption-text\">Der Gardasee bei Regenwetter &#8211; \u00a9 reisen-ist.jetzt<\/span><\/div>\n<p>Das n\u00e4chste Dorf ist knapp 25 Minuten zu Fu\u00df entfernt, also auch nicht so nah, dass man \u201emal eben\u201c seine Mittagspause dort im Caf\u00e9 verbringt, oder h\u00e4ufig nach Feierabend auf ein Getr\u00e4nk vorbeischaut. Wenn man es doch tut, gilt es auf jeden Fall ein wachsames Auge auf die Motorr\u00e4der, deutschen SUVs und italienischen Kleinwagen zu haben, von denen letztere gerne wie kleine Geschosse um die engen Kurven jagen und aufgrund der fehlenden Gehwege, recht gef\u00e4hrlich werden k\u00f6nnen.<\/p>\n<p>Insbesondere die Zeit von Montag bis Freitagnachmittag, beschr\u00e4nkt sich somit weitgehend auf unser 50 Quadratmeter-Domizil, in dem wir uns teilweise fast ein wenig eingesperrt f\u00fchlen, weil eben leider auch kein entspannter Spaziergang mal eben so die Stra\u00dfe entlang m\u00f6glich ist und wir nicht st\u00e4ndig das Auto nehmen m\u00f6chten.<span class=\"Apple-converted-space\">\u00a0<\/span><\/p>\n<p>Nat\u00fcrlich wollen wir uns nicht beklagen und sind sehr dankbar, gerade vier Wochen in Italien verbringen zu k\u00f6nnen, aber trotzdem sind es aktuell doch eher die Wochenenden, auf die wir uns freuen, da sie es sind, die f\u00fcr Abwechslung und echtes Urlaubsfeeling sorgen.<\/p>\n<div id=\"attachment_55252\" class=\"wp-caption alignnone\" style=\"max-width: 778px;\"><img loading=\"lazy\" decoding=\"async\" class=\"wp-image-55252 size-large\" src=\"\/wp-content\/uploads\/2022\/09\/img_20220903_152326.jpg-768x1024.webp\" alt=\"\" width=\"768\" height=\"1024\" \/><span class=\"wp-caption-text\">Idylle am Gardasee &#8211; \u00a9 reisen-ist.jetzt<\/span><\/div>\n<p>So haben wir unser erstes Wochenende am Gardasee traditionell italienisch mit \u201eAperitivo\u201c, Oliven, N\u00fcssen und salzigen Chips (bekommt man hier tats\u00e4chlich in jedem Lokal automatisch gereicht) im Nachbardorf Gardola eingel\u00e4utet. Am Samstag haben wir uns vom Regen nicht abhalten lassen und sind hinunter ins Tal, um die wundersch\u00f6nen Orte Limone Sul Garda und Riva del Garda zu besuchen. W\u00e4hrend es im ersten Ort wirklich sehr, sehr nass war \u2013 irgendwie aber auch gem\u00fctlich \u2013 ist das Wetter sp\u00e4ter am Tag zum Gl\u00fcck noch deutlich besser geworden. So konnten wir den Bummel durch die vielen Gassen, die bunt verputzten H\u00e4user und den s\u00fcdl\u00e4ndischen Charme von Riva del Garda ausgiebig genie\u00dfen.<span class=\"Apple-converted-space\">\u00a0<\/span><\/p>\n<p>W\u00e4hrend wir am Samstag die n\u00f6rdlichste Spitze des Gardasees erkundet haben, hat es uns am Sonntag genau in die entgegengesetzte Richtung, ans S\u00fcd-Ufer gezogen, wo wir bei herrlichem Sonnenschein eine 18 Kilometer-Wanderung unternommen haben. Ausgehend von Desenzano del Garda, in dessen Altstadt wir uns dann abends auch mit Pizza und Eis entsprechend belohnt haben.<\/p>\n<p>Nach einer etwas weniger ereignisreichen Arbeitswoche hoch oben auf unserem Berg, die wir abends mit viel Sport, lesen, Podcast h\u00f6ren und Serien schauen verbracht haben, sind wir uns treu geblieben und haben unser Programm vom vorherigen Freitag einfach wiederholt \u2013 die Aperitivo-Hour (die hier zugegebenerma\u00dfen gef\u00fchlt rund um die Uhr stattfindet) auf dem Marktplatz von Gardola ausnutzen, in das italienische Lebensgef\u00fchl eintauchen und den Dorfbewohnern bei ihrem abendlichen, lautstarken Austausch lauschen \u2013 herrlich und Urlaub pur.<span class=\"Apple-converted-space\">\u00a0<\/span><\/p>\n<p>Gestern ging es dann f\u00fcr Jan fr\u00fch mit dem Rennrad und f\u00fcr mich etwas sp\u00e4ter mit dem Auto in den S\u00fcden, wieder nach Desenzano del Garda, wo wir uns mittags getroffen haben, um einen ausgedehnten Spaziergang auf die Halbinsel Sirmionezu machen.<span class=\"Apple-converted-space\">\u00a0<\/span><\/p>\n<p>Auch ein wundersch\u00f6ner Ort mit ganz viel Charme, in dem Pizza und Eis nach unserem 14 Kilometer-Spaziergang nat\u00fcrlich ebenfalls nicht fehlen durften. Von dort ging es entspannt mit der F\u00e4hre zur\u00fcck zu unserem Ausgangspunkt. Heute freue ich mich sehr darauf, dass auch ich mal wieder nach l\u00e4ngerer Pause aufs Rennrad steigen kann.<span class=\"Apple-converted-space\">\u00a0<\/span><\/p>\n<div id=\"attachment_55253\" class=\"wp-caption alignnone\" style=\"max-width: 1034px;\"><img loading=\"lazy\" decoding=\"async\" class=\"wp-image-55253 size-large\" src=\"\/wp-content\/uploads\/2022\/09\/img_20220826_175507-1024x768.webp\" alt=\"\" width=\"1024\" height=\"768\" \/><span class=\"wp-caption-text\">Lena und Jan g\u00f6nnen sich einen &#8222;Aperol Spritz&#8220; als Erfrischung &#8211; \u00a9 reisen-ist.jetz<\/span><\/div>\n<p>Da die Welt bekannterma\u00dfen ein Dorf und der Gardasee offensichtlich noch ein bisschen mehr Dorf \u2013 zumindest als andere Orte \u2013 ist, treffen wir uns heute mit einem ehemaligen Arbeitskollegen von Jan, der mit seiner Familie gerade zuf\u00e4llig nur 20 Kilometer von uns entfernt in Maderno Urlaub macht. Wie ich h\u00f6rte, d\u00fcrfen wir uns auf Obst, Kuchen und Stand Up Paddling auf dem Gardasee freuen. Also der perfekte Sonntag, bevor wir uns heute Abend 660 H\u00f6henmeter zur\u00fcck, \u201eunseren\u201c Berg hinauf mit dem Rennrad k\u00e4mpfen<\/p>\n<p>Unser bisheriges Italien-Fazit, besteht somit darin, dass eine ruhige und abgelegene Unterkunft im Gr\u00fcnen grunds\u00e4tzlich total sch\u00f6n ist, dann aber bitte mit der M\u00f6glichkeit auch zu Fu\u00df entspannt die Umgebung und Natur erkunden zu k\u00f6nnen.<span class=\"Apple-converted-space\">\u00a0<\/span><\/p>\n<p>Wir freuen uns jetzt erst einmal darauf, n\u00e4chste Woche Samstag weiter nach Bergamo zu fahren, wo wir direkt in der Stadt sein werden und sozusagen das Kontrastprogramm erleben k\u00f6nnen.<\/p>\n<p><strong>Lena Lichterbeck<\/strong><\/p>\n<p><i>September 2022<\/i><\/p>\n<h4>In Lenas &amp; Jans Reiseblog &#8222;reisen-ist.jetzt &#8211; Unterwegs ist da,\u00a0wo wir sind&#8220; finden Sie noch viel mehr Fotos, Infos und Impressionen:<\/h4>\n<p><a href=\"https:\/\/reisen-ist.jetzt\">https:\/\/reisen-ist.jetzt<\/a><\/p>\n<p>&nbsp;<\/p>\n","protected":false},"excerpt":{"rendered":"<p>Sie sind buchst\u00e4blich auf dem Weg, sich ihren grossen Traum zu erf\u00fcllen &#8211; die Unternehmensberaterin Lena Lichterbeck und der Berater Jan Filipzik, in Wuppertal bekannt und gesch\u00e4tzt als Chefredakteur des ehemaligen, werbefreien Magazins &#8222;talw\u00e4rts&#8220;. Die beiden haben ihre gemeinsame Wohnung bereits aufgegeben und sind seit Juni unterwegs auf Deutschland- und Europa-Reise.  Ab jetzt werden wir Lena und Jan auf ihrer Tour begleiten. Gerade haben die beiden die Region am Gardasee erkundet. Hier Lenas Reisebericht.<\/p>\n","protected":false},"author":7,"featured_media":0,"comment_status":"open","ping_status":"open","sticky":false,"template":"","format":"standard","meta":{"footnotes":""},"categories":[25],"tags":[],"class_list":["post-55242","post","type-post","status-publish","format-standard","hentry","category-lifestyle"],"publishpress_future_action":{"enabled":false,"date":"2026-05-05 08:23:44","action":"change-status","newStatus":"draft","terms":[],"taxonomy":"category","extraData":[]},"publishpress_future_workflow_manual_trigger":{"enabledWorkflows":[]},"_links":{"self":[{"href":"https:\/\/www.die-stadtzeitung.de\/index.php\/wp-json\/wp\/v2\/posts\/55242","targetHints":{"allow":["GET"]}}],"collection":[{"href":"https:\/\/www.die-stadtzeitung.de\/index.php\/wp-json\/wp\/v2\/posts"}],"about":[{"href":"https:\/\/www.die-stadtzeitung.de\/index.php\/wp-json\/wp\/v2\/types\/post"}],"author":[{"embeddable":true,"href":"https:\/\/www.die-stadtzeitung.de\/index.php\/wp-json\/wp\/v2\/users\/7"}],"replies":[{"embeddable":true,"href":"https:\/\/www.die-stadtzeitung.de\/index.php\/wp-json\/wp\/v2\/comments?post=55242"}],"version-history":[{"count":9,"href":"https:\/\/www.die-stadtzeitung.de\/index.php\/wp-json\/wp\/v2\/posts\/55242\/revisions"}],"predecessor-version":[{"id":55544,"href":"https:\/\/www.die-stadtzeitung.de\/index.php\/wp-json\/wp\/v2\/posts\/55242\/revisions\/55544"}],"wp:attachment":[{"href":"https:\/\/www.die-stadtzeitung.de\/index.php\/wp-json\/wp\/v2\/media?parent=55242"}],"wp:term":[{"taxonomy":"category","embeddable":true,"href":"https:\/\/www.die-stadtzeitung.de\/index.php\/wp-json\/wp\/v2\/categories?post=55242"},{"taxonomy":"post_tag","embeddable":true,"href":"https:\/\/www.die-stadtzeitung.de\/index.php\/wp-json\/wp\/v2\/tags?post=55242"}],"curies":[{"name":"wp","href":"https:\/\/api.w.org\/{rel}","templated":true}]}}