{"id":55180,"date":"2022-09-07T09:23:18","date_gmt":"2022-09-07T07:23:18","guid":{"rendered":"https:\/\/www.die-stadtzeitung.de\/?p=55180"},"modified":"2022-09-07T09:23:18","modified_gmt":"2022-09-07T07:23:18","slug":"stadtplanung-das-wuenschen-sich-kinder","status":"publish","type":"post","link":"https:\/\/www.die-stadtzeitung.de\/index.php\/2022\/09\/07\/stadtplanung-das-wuenschen-sich-kinder\/","title":{"rendered":"Stadtplanung: Das w\u00fcnschen sich Kinder\u2026"},"content":{"rendered":"<div id=\"attachment_55183\" class=\"wp-caption alignnone\" style=\"max-width: 923px;\"><img loading=\"lazy\" decoding=\"async\" class=\"wp-image-55183\" src=\"\/wp-content\/uploads\/2022\/09\/image003-2.jpg\" alt=\"\" width=\"913\" height=\"604\" \/><span class=\"wp-caption-text\">So werden Baustellen zur Attraktion: Dschungel in Elberfeld 2021 &#8211; \u00a9 Vok Dams iNotes<\/span><\/div>\n<p>&#8222;Das w\u00fcnschen sich Kinder&#8220; &#8211; meldet Nina Bossy, Redakteurin der Wuppertaler Rundschau in der WR.<\/p>\n<p>Und \u2013 \u00dcberraschung \u2013 \u201eKinder und Jugendliche w\u00fcnschen sich unter anderem \u201eeinen Ort, an dem Wasser zum Spielen spritzt\u201c. In Verbindung mit weiteren W\u00fcnschen w\u00e4chst die Erkenntnis, dass Kinder offenbar mehr Gef\u00fchl f\u00fcr innerst\u00e4dtische Aufenthalts-Qualit\u00e4t haben, als viele St\u00e4dteplaner, Politiker und Verwaltungsfachleute.<\/p>\n<p>Wie sonst k\u00f6nnte man sich erkl\u00e4ren, dass statt einer \u201eWuppertaler K\u00d6\u201c der Wall als Bus-Autobahn die Fu\u00dfg\u00e4ngerzone der Elberfelder Innenstadt zerschneidet, der Von der Heydt-Platz in der gleichen Ausgabe als \u201eFl\u00e4che ohne Merkmale\u201c<br \/>\nbezeichnet wird und bei dem Umbau des Deweerthschen Gartens Trinkwasser-Brunnen und \u00f6ffentliche Toiletten angemahnt werden.<\/p>\n<div id=\"attachment_55184\" class=\"wp-caption alignnone\" style=\"max-width: 596px;\"><img loading=\"lazy\" decoding=\"async\" class=\"wp-image-55184 size-full\" src=\"\/wp-content\/uploads\/2022\/09\/image002.jpg\" alt=\"\" width=\"586\" height=\"439\" \/><span class=\"wp-caption-text\">Traurig aber wahr\u2026 der Von der Heydt-Platz 2021 &#8211; \u00a9 Vok Dans iNotes<\/span><\/div>\n<p>Letzteres offensichtlich ein gr\u00f6\u00dferes Problem, mit dem sich die Verwaltung im<span class=\"Apple-converted-space\">\u00a0<\/span>Zusammenhang mit dem Elberfelder Neumarkt schon seit l\u00e4ngerem auseinandersetzt<b>.<\/b><\/p>\n<p>Aus unserem NotizBlog<br \/>\n<a href=\"https:\/\/vokdamsatelierhaus.de\/2021\/09\/22\/stadtbummelwuppertaler-koe-kann-kommen-2\/\">https:\/\/vokdamsatelierhaus.de\/2021\/09\/22\/stadtbummelwuppertaler-koe-kann-kommen-2\/<\/a><\/p>\n<p>Wie man es in einer Stadt mit vielen Baustellen und Stadtpl\u00e4tzen auch besser machen kann, zeigt ein Blick in unseren NotizBlog: der \u201eDschungel in Elberfeld\u201c aus dem Jahre 2021 und der Rheingarten in K\u00f6ln aus dem Jahr 2017.Aus unserem NotizBlog<br \/>\n<a href=\"https:\/\/vokdamsatelierhaus.de\/2017\/07\/03\/stadtmarketing-mit-pfunden-wuchern\/\">https:\/\/vokdamsatelierhaus.de\/2017\/07\/03\/stadtmarketing-mit-pfunden-wuchern\/<\/a><\/p>\n<p><strong>Vok Dams<\/strong><\/p>\n<div id=\"attachment_55185\" class=\"wp-caption alignnone\" style=\"max-width: 596px;\"><img loading=\"lazy\" decoding=\"async\" class=\"wp-image-55185 size-full\" src=\"\/wp-content\/uploads\/2022\/09\/image004.jpg\" alt=\"\" width=\"586\" height=\"439\" \/><span class=\"wp-caption-text\">Rheingarten in K\u00f6ln 2017: \u201eEinen Ort wo Wasser zu Spielen spritzt\u201c &#8211; \u00a9 Vok Dams iNotes<\/span><\/div>\n<p>Mit diesen und anderen Themen besch\u00e4ftigt sich Vok Dams in senem ATELIERHAUS NotizBlog:<br \/>\n<a href=\"http:\/\/vokdamsatelierhaus.de\/blog\/\">http:\/\/vokdamsatelierhaus.de\/blog\/<\/a><\/p>\n","protected":false},"excerpt":{"rendered":"<p>Vok Dams, Marketing-Experte, Wuppertal Botschafter und Galerist, ist ein Mann der klaren Worte! Der \u00fcberzeugte Wuppertaler h\u00e4lt u.a. in seinem NotizBlog mit seiner Meinung nicht hinter dem Berg, wenn es um das Image seiner Heimatstadt geht. Hier geht es um die Frage: Was sich Kinder und Jugendliche von den Stadtplanern w\u00fcnschen.<\/p>\n","protected":false},"author":7,"featured_media":0,"comment_status":"open","ping_status":"open","sticky":false,"template":"","format":"standard","meta":{"footnotes":""},"categories":[26],"tags":[],"class_list":["post-55180","post","type-post","status-publish","format-standard","hentry","category-politik"],"publishpress_future_action":{"enabled":false,"date":"2026-05-09 00:02:49","action":"change-status","newStatus":"draft","terms":[],"taxonomy":"category","extraData":[]},"publishpress_future_workflow_manual_trigger":{"enabledWorkflows":[]},"_links":{"self":[{"href":"https:\/\/www.die-stadtzeitung.de\/index.php\/wp-json\/wp\/v2\/posts\/55180","targetHints":{"allow":["GET"]}}],"collection":[{"href":"https:\/\/www.die-stadtzeitung.de\/index.php\/wp-json\/wp\/v2\/posts"}],"about":[{"href":"https:\/\/www.die-stadtzeitung.de\/index.php\/wp-json\/wp\/v2\/types\/post"}],"author":[{"embeddable":true,"href":"https:\/\/www.die-stadtzeitung.de\/index.php\/wp-json\/wp\/v2\/users\/7"}],"replies":[{"embeddable":true,"href":"https:\/\/www.die-stadtzeitung.de\/index.php\/wp-json\/wp\/v2\/comments?post=55180"}],"version-history":[{"count":3,"href":"https:\/\/www.die-stadtzeitung.de\/index.php\/wp-json\/wp\/v2\/posts\/55180\/revisions"}],"predecessor-version":[{"id":55186,"href":"https:\/\/www.die-stadtzeitung.de\/index.php\/wp-json\/wp\/v2\/posts\/55180\/revisions\/55186"}],"wp:attachment":[{"href":"https:\/\/www.die-stadtzeitung.de\/index.php\/wp-json\/wp\/v2\/media?parent=55180"}],"wp:term":[{"taxonomy":"category","embeddable":true,"href":"https:\/\/www.die-stadtzeitung.de\/index.php\/wp-json\/wp\/v2\/categories?post=55180"},{"taxonomy":"post_tag","embeddable":true,"href":"https:\/\/www.die-stadtzeitung.de\/index.php\/wp-json\/wp\/v2\/tags?post=55180"}],"curies":[{"name":"wp","href":"https:\/\/api.w.org\/{rel}","templated":true}]}}