{"id":55057,"date":"2022-08-25T12:51:57","date_gmt":"2022-08-25T10:51:57","guid":{"rendered":"https:\/\/www.die-stadtzeitung.de\/?p=55057"},"modified":"2022-09-03T11:32:08","modified_gmt":"2022-09-03T09:32:08","slug":"lenchen-flohmarkt-laedt-in-die-50er-jahre-ein","status":"publish","type":"post","link":"https:\/\/www.die-stadtzeitung.de\/index.php\/2022\/08\/25\/lenchen-flohmarkt-laedt-in-die-50er-jahre-ein\/","title":{"rendered":"&#8222;Lenchen&#8220;-Flohmarkt l\u00e4dt in die 50er Jahre ein"},"content":{"rendered":"<div id=\"attachment_55060\" class=\"wp-caption alignnone\" style=\"max-width: 1034px;\"><img loading=\"lazy\" decoding=\"async\" class=\"size-large wp-image-55060\" src=\"\/wp-content\/uploads\/2022\/08\/Moonshine-Torpedos-2-1024x708.jpg\" alt=\"\" width=\"1024\" height=\"708\" \/><span class=\"wp-caption-text\">Halten Sound der 50er Jahre in Erinnerung: Die &#8222;Moonshine Torpedos&#8220; aus Wuppertal &#8211; \u00a9 Moonshine Torpedos<\/span><\/div>\n<p>Das spiegelt sich in Musik, Mode, Schmuck, M\u00f6bel und Wohnaccessoires und anderen Sch\u00e4tzen vergangener Jahrzehnte wider.<\/p>\n<p>F\u00fcr die musikalische Untermalung sorgt diesmal DJ Rambling Hoss vom &#8222;Rhythm Express&#8220; und die Wuppertaler Band &#8222;Moonshine Torpedos&#8220;.<span class=\"Apple-converted-space\">\u00a0<\/span><\/p>\n<p>Kaffee, Kuchen, Bier und herzhafte Kleinigkeiten runden das bunte Nostalgie-Angebot ab.<span class=\"Apple-converted-space\">\u00a0<\/span><\/p>\n<p>Parkpl\u00e4tze gibt es bei Seidenb\u00e4nder Halbach an der Ritterstra\u00dfe 15.<span class=\"Apple-converted-space\">\u00a0<\/span><\/p>\n<div id=\"attachment_55061\" class=\"wp-caption alignnone\" style=\"max-width: 560px;\"><img loading=\"lazy\" decoding=\"async\" class=\" wp-image-55061\" src=\"\/wp-content\/uploads\/2022\/08\/Foto-1-Flohmarkt-Lenchen_Asita-Mehrgani-und-Jean-Juwel-2-1024x949.jpg\" alt=\"\" width=\"550\" height=\"510\" \/><span class=\"wp-caption-text\">Die Veranstalterinnen Asita Mehrgani (l.) und Jean Jewel im Look der 50er &#8211; \u00a9 \u00a0Selfie Mehrgani\/Jewel<\/span><\/div>\n<p><b>Termin:<span class=\"Apple-converted-space\">\u00a0<\/span><\/b><\/p>\n<h4>&#8222;Lenchen&#8220;<\/h4>\n<p>03. Vintage Flohmarkt<span class=\"Apple-converted-space\">\u00a0<\/span><\/p>\n<p>Samstag &#8211; 03.09.2022 &#8211; 11:00 bis 16:00 Uhr<span class=\"Apple-converted-space\">\u00a0<\/span><\/p>\n<p>Ritterstra\u00dfe 31 &#8211; 42899 Remscheid-L\u00fcttringhausen<span class=\"Apple-converted-space\">\u00a0<\/span><\/p>\n<p>Eintritt frei<\/p>\n","protected":false},"excerpt":{"rendered":"<p>\u201eLenchen\u201c geht in die dritte Runde. Das 50er Jahre Event mit Flohmarkt findet am Samstag (03.09.) erneut in Remscheid-L\u00fcttringhausen (Ritterstr. 31) statt. Dann dreht sich wieder alles um die Lebensart der 50er Jahre.<\/p>\n","protected":false},"author":7,"featured_media":0,"comment_status":"open","ping_status":"open","sticky":false,"template":"","format":"standard","meta":{"footnotes":""},"categories":[25],"tags":[],"class_list":["post-55057","post","type-post","status-publish","format-standard","hentry","category-lifestyle"],"publishpress_future_action":{"enabled":false,"date":"2026-05-08 05:05:20","action":"change-status","newStatus":"draft","terms":[],"taxonomy":"category","extraData":[]},"publishpress_future_workflow_manual_trigger":{"enabledWorkflows":[]},"_links":{"self":[{"href":"https:\/\/www.die-stadtzeitung.de\/index.php\/wp-json\/wp\/v2\/posts\/55057","targetHints":{"allow":["GET"]}}],"collection":[{"href":"https:\/\/www.die-stadtzeitung.de\/index.php\/wp-json\/wp\/v2\/posts"}],"about":[{"href":"https:\/\/www.die-stadtzeitung.de\/index.php\/wp-json\/wp\/v2\/types\/post"}],"author":[{"embeddable":true,"href":"https:\/\/www.die-stadtzeitung.de\/index.php\/wp-json\/wp\/v2\/users\/7"}],"replies":[{"embeddable":true,"href":"https:\/\/www.die-stadtzeitung.de\/index.php\/wp-json\/wp\/v2\/comments?post=55057"}],"version-history":[{"count":3,"href":"https:\/\/www.die-stadtzeitung.de\/index.php\/wp-json\/wp\/v2\/posts\/55057\/revisions"}],"predecessor-version":[{"id":55062,"href":"https:\/\/www.die-stadtzeitung.de\/index.php\/wp-json\/wp\/v2\/posts\/55057\/revisions\/55062"}],"wp:attachment":[{"href":"https:\/\/www.die-stadtzeitung.de\/index.php\/wp-json\/wp\/v2\/media?parent=55057"}],"wp:term":[{"taxonomy":"category","embeddable":true,"href":"https:\/\/www.die-stadtzeitung.de\/index.php\/wp-json\/wp\/v2\/categories?post=55057"},{"taxonomy":"post_tag","embeddable":true,"href":"https:\/\/www.die-stadtzeitung.de\/index.php\/wp-json\/wp\/v2\/tags?post=55057"}],"curies":[{"name":"wp","href":"https:\/\/api.w.org\/{rel}","templated":true}]}}