{"id":54758,"date":"2022-08-22T17:28:30","date_gmt":"2022-08-22T15:28:30","guid":{"rendered":"https:\/\/www.die-stadtzeitung.de\/?p=54758"},"modified":"2025-05-12T18:40:15","modified_gmt":"2025-05-12T16:40:15","slug":"bernd-klueser-schlauer-fux-wechselte-rechtzeitig-sein-revier","status":"publish","type":"post","link":"https:\/\/www.die-stadtzeitung.de\/index.php\/2022\/08\/22\/bernd-klueser-schlauer-fux-wechselte-rechtzeitig-sein-revier\/","title":{"rendered":"Bernd Kl\u00fcser: Schlauer &#8218;Fux&#8216; wechselte rechtzeitig sein Revier"},"content":{"rendered":"<div id=\"attachment_54790\" class=\"wp-caption alignnone\" style=\"max-width: 1034px;\"><img loading=\"lazy\" decoding=\"async\" class=\"size-large wp-image-54790\" src=\"\/wp-content\/uploads\/2022\/08\/MG_5507-2-1024x696.jpg\" alt=\"\" width=\"1024\" height=\"696\" \/><span class=\"wp-caption-text\">Der Musiker Bernd Kl\u00fcser alias Fux &#8211; \u00a9 fuxmusic<\/span><\/div>\n<p>Doch der Erfolg ist ihm nie zu Kopf gestiegen. Auch nicht, als s\u00e4mtliche TV-Sender bei ihm auf der Matte standen, um den erfolgreichen Newcomer in ihren Musik-Shows ins Rampenlicht zu hieven. Die Hochphase von Fux fiel in die Zeit, in der die Neue Deutsche Welle langsam abflaute. Kolleginnen und und Kollegen aus der Musikbranche erkannten das grosse Talent von Bernd Kl\u00fcser, Pop-Songs zu schreiben und standen bei ihm Schlange.<\/p>\n<p>Und so komponierte und produziere er u.a. Titel f\u00fcr Tony Christie, Nino de Angelo, Chris Roberts, Roland Kaiser oder Christina Bach. Aber auch Fux bekam irgendwann den fast revolution\u00e4ren Wandel in der Musikbranche zu sp\u00fcren. CD&#8217;s verkauften sich nicht mehr so gut, Plattenfirmen gingen Pleite, TV-Sender strichen Musiksendungen aus ihren Programmen.<\/p>\n<p><img loading=\"lazy\" decoding=\"async\" class=\"alignnone size-full wp-image-83834\" src=\"\/wp-content\/uploads\/2025\/05\/Hand-aufs-Herz-88510200.jpg\" alt=\"\" width=\"350\" height=\"66\" \/><\/p>\n<p>Schlau wie ein Fux nun einmal ist, fand \u00a0Bernd Kl\u00fcser schnell ein neues Revier. Er blieb zwar der Musik treu, aber seine Zielgruppe \u00e4nderte er radikal: Ab da schrieb er Lieder f\u00fcr zwei bis zw\u00f6lfj\u00e4hrige Kids und deren Eltern. Seine Vertragspartner waren jetzt nicht mehr Plattenfirmen und Labels, sondern die Industrie, die Kinder- und Jugend-Organisatoren und die gro\u00dfen Freizeitparks. Ein echter Gl\u00fccksgriff!<\/p>\n<p>In der Kinder-TV-Show &#8222;Tigerentenklub&#8220; (KiKA) und anderen Kindersendungen sind Original-Fux und sein Kumpel &#8222;Fanny Fux&#8220;, eine Figur im Fuchskost\u00fcm, gern gesehene G\u00e4ste.<\/p>\n<div id=\"attachment_54772\" class=\"wp-caption alignnone\" style=\"max-width: 760px;\"><img loading=\"lazy\" decoding=\"async\" class=\" wp-image-54772\" src=\"\/wp-content\/uploads\/2022\/08\/b3efc514-ea4e-4123-a748-886cb27c4c79-2.jpg\" alt=\"\" width=\"750\" height=\"328\" \/><span class=\"wp-caption-text\">Die Band Fux in den 80er Jahren. Bernd Kl\u00fcser in der Mitte &#8211; \u00a9 fuxmusic<\/span><\/div>\n<p>Bei seinem jungen Publikum trifft Musiker Bernd Kl\u00fcser, selbst Vater von zwei Kindern, \u00a0jedenfalls mit seiner modernen, g\u00e4ngigen Pop-Musik und den kindgerechten Texten genau den richtigen Ton. Under hat bei dem einen oder anderen Lied auch durchaus einen p\u00e4dagogischen Ansatz. In seinem Song &#8222;Joey aus Jamaica&#8220; thematisiert er beispielsweise das Problem Integration.<\/p>\n<p>Wir haben uns in unserer Interview-Reihe &#8222;Hand aufs Herz&#8220; mit Bernd Kl\u00fcser \u00fcber die alte und neue Fux-\u00c4ra unterhalte.<\/p>\n<p><b>DS: Sie sind seit \u00fcber 30 Jahren im Musikbusiness. Hat Sie die Arbeit<span class=\"Apple-converted-space\">\u00a0 <\/span>mit Kindern selbst auch jung gehalten?<\/b><\/p>\n<p>Bernd Kl\u00fcser: &#8222;Sehr! Nach einem Auftritt f\u00fcr Kinder bin ich abends immer sehr froh und gl\u00fccklich, dass ich das gemacht habe. Obwohl ich nach all den Jahren vor Auftritten morgens immer noch nerv\u00f6s bin.&#8220;<\/p>\n<p><b>DS: Die meisten traditionellen Kinderlieder sind f\u00fcr Erwachsene nur schwer zu ertragen, bei Ihren Kid-Songs summen Mama und Papa mit und wippen mit dem Fu\u00df. Was ist Ihr Erfolgsrezept?<span class=\"Apple-converted-space\">\u00a0<\/span><\/b><\/p>\n<p>Bernd Kl\u00fcser: &#8222;Als wir angefangen haben, Musik f\u00fcr Kinder zu schreiben, war es uns sehr wichtig, dass wir diese Musik selbst auch ertragen konnten. Es gab allerdings auch Eltern, die mich gefragt haben, &#8218;warum hat Deine gelbe Kinder-CD eigentlich keinen Selbstzerst\u00f6rungsmodus, unsere Kids wollten auf der Fahrt zur Ostsee die ganze Zeit lang nur Dein Album h\u00f6ren?&#8216; (lacht). Aber unterm Strich kann man unsere Kinderlieder als Erwachsener wirklich gut ertragen.&#8220;<\/p>\n<p><b>DS: <\/b><b>Was ist schwieriger: Songs f\u00fcr Erwachsene oder Kinder zu schreiben?<\/b><\/p>\n<p>Bernd Kl\u00fcser: &#8222;Ich kann mich bei Kinderliedern viel mehr austoben. Da sind die Themen Zwischenmenschlichkeit, Umwelt, da kann ich einfach drauf losschreiben. Bei den Erwachsenen tue ich mich pers\u00f6nlich schwerer mit den Texten. Da f\u00fchle ich mich viel eingeschr\u00e4nkter.&#8220;<\/p>\n<div id=\"attachment_54773\" class=\"wp-caption alignnone\" style=\"max-width: 761px;\"><img loading=\"lazy\" decoding=\"async\" class=\" wp-image-54773\" src=\"\/wp-content\/uploads\/2022\/08\/7b79f1d7-b35a-4c2f-aa2b-fce55ee865ab-2.jpg\" alt=\"\" width=\"751\" height=\"608\" \/><span class=\"wp-caption-text\">Die Cover der Singles &#8222;\u00dcberdosis Gl\u00fcck&#8220; und &#8222;Einsam f\u00fcr Mich&#8220; &#8211; \u00a9 fuxmusic<\/span><\/div>\n<p><b>DS: <\/b><b>Gibt es beim Produzieren von Liedern f\u00fcr Kinder oder Erwachsenen \u00fcberhaupt einen Unterschied &#8211; und falls ja &#8211; worin liegt der?<\/b><\/p>\n<p>Bernd Kl\u00fcser: &#8222;Man spricht ein ganz anderes Zielpublikum an. Alles, was man f\u00fcr Kinder schreibt finde ich direkter, freier, ehrlicher. Das ist einfach so mein Gef\u00fchl und meine Wahrnehmung.&#8220;<\/p>\n<p><b>DS: <\/b><b>Wie viele eigene Kinder haben Sie eigentlich selbst?<\/b><\/p>\n<p>Bernd Kl\u00fcser: &#8222;Ich habe habe zwei Kinder. Mein Sohn ist 24 und meine Tochter Lina 19 &#8211; sie sind also schon voll gro\u00df.&#8220;<\/p>\n<p><b>DS: <\/b><b>Tritt denn eines ihnen einmal in Ihre Fussstapfen?<\/b><\/p>\n<p>Bernd Kl\u00fcser: &#8222;Beide sind sehr musikalisch. Besonders meine Tochter singt sehr gern und spielt gern Klavier. Ich habe beide immer zum Musikunterricht gedr\u00e4ngt und darauf geachtet, dass sie halbwegs Noten lesen k\u00f6nnen. Aber ob sie sich wirklich auf die B\u00fchne stellen und ins Musikbusiness einsteigen wollen, das bezweifele ich. Aber sage niemals nie.&#8220;<\/p>\n<p><b>DS: <\/b><b>Sind Ihre Kids mit die ersten, die sich einen neuen Song von Ihnen anh\u00f6ren d\u00fcrfen oder m\u00fcssen?<\/b><\/p>\n<p>Bernd Kl\u00fcser (lacht): &#8222;M\u00fcssen ist gut! Ich spiele die neuen Songs immer zuerst in der Familie vor. Besonders meiner Frau und meiner Tochter, die mehr auf Musik abf\u00e4hrt als mein Sohn. Zum G\u00fcck sind sie meine Fans und sehr gn\u00e4dig mit mir.&#8220;<\/p>\n<p><b>DS: <\/b><b>Verarbeiten Sie Erlebnisse mit Ihren Kindern in Ihren Songs?<\/b><\/p>\n<p>Bernd Kl\u00fcser: &#8222;Das inspiriert mich auf jeden Fall und wenn es Erlebnisse mit meinen Kindern gab, dann habe ich sie auch in meinen Songs verbraten. Solche Storys kann man auf all meinen Alben wiederfinden. Erlebnisse aus der eigenen Kindheit, Erlebnisse mit den eigenen Kids.&#8220;<\/p>\n<div id=\"attachment_54792\" class=\"wp-caption alignnone\" style=\"max-width: 760px;\"><img loading=\"lazy\" decoding=\"async\" class=\" wp-image-54792\" src=\"\/wp-content\/uploads\/2022\/08\/inCollage_20200707_201540294-1024x768.jpeg\" alt=\"\" width=\"750\" height=\"563\" \/><span class=\"wp-caption-text\">Bernd Kl\u00fcser in seinem Tonstudio &#8211; \u00a9 fuxmusic<\/span><\/div>\n<p><b>DS: <\/b><b>Das Musikgesch\u00e4ft hat sich im Laufe der Jahre stark ver\u00e4ndert. Inwieweit hat Sie das ber\u00fchrt?<\/b><\/p>\n<p>Bernd Kl\u00fcser: &#8222;Total! Ich habe ja sehr fr\u00fch mit der Kindermusik einen eigenen Weg gew\u00e4hlt. Es war schon ein komisches Gef\u00fchl, als sich die CD&#8217;s nicht mehr wie gewohnt verkauften und die ganzen Zwischenh\u00e4ndler, Labels und Verlage wegbrachen. Aber da wir mit unserer Kindermusik seit 20 Jahre eng mit der Industrie und mit Freizeitparks zusammenarbeiten, dadurch autark sind und nicht mehr auf Plattenfirmen angewiesen waren, habe ich die ganze Entwicklung im Musikbusiness nur noch von der Seite mitbekommen.&#8220;<\/p>\n<p><b>DS: <\/b><b>Was hat Sie bewogen, Ihren alten Hit &#8222;\u00dcberdosis Gl\u00fcck&#8220; nach 30 Jahren noch einmal neu einzuspielen?<\/b><\/p>\n<p>Bernd Kl\u00fcser: &#8222;Das wurde wie die Kindermusik von au\u00dfen an mich herangetragen. Bekannten und Freunde haben gesagt: &#8218;Mensch, \u00dcberdosis Gl\u00fcck war in den 80er Jahren so ein geiler Song, warum nehmt Ihr den nicht noch einmal ganz neu auf?&#8216; Ich haben dann in alten Tapes herumgekramt und auch die alten Studiob\u00e4nder wiedergefunden und da nat\u00fcrlich reingeh\u00f6rt. Und sofort hatte ich Bock, den Song noch einmal ganz neu und zeitgem\u00e4ss einzuspielen.&#8220;<\/p>\n<p><b>DS: Inwieweit unterscheiden sich die Versionen von 1988 und 2022?<\/b><\/p>\n<p>Bernd Kl\u00fcser: &#8222;Die 80er Version ist langsamer als die neue, der ich einen tanzbaren Groove verpasst habe.&#8220;<\/p>\n<p><b>DS: In welchen TV-Sendungen sind Sie bereits aufgetreten?<\/b><\/p>\n<p>Bernd Kl\u00fcser: &#8222;In den 80er Jahren sind wir wohl in allen Showsendungen aufgetreten, die es damals gab. Viele Privatsender waren zu der Zeit noch gar nicht am Start. Mit unserem Song &#8218;Der Stoff aus dem die Tr\u00e4ume sind&#8216; hatten wir allein bestimmt 40 Fernseh-Auftritte. Mit der Kindermusik war ich regelm\u00e4ssiger Gast bei KiKA im Tigerentenclub.&#8220;<\/p>\n<p><b>DS: <\/b><b>Sie schreiben nicht nur f\u00fcr Kinder, sondern komponieren und produzieren auch Songs f\u00fcr erwachsene und gestandene K\u00fcnstler-Kollegen: K\u00f6nnen Sie einmal ein paar Namen nennen?<\/b><\/p>\n<p>Bernd Kl\u00fcser: &#8222;Das war in erster Linie in den 90er Jahren. Wir hatten Erfolg und dann wird man auch von Kollegen angesprochen &#8218;Das ist geil, was Ihr da macht. Kannst Du mir nicht auch einmal einen Song schreiben?&#8216; Dann kommt man fast automatisch rein ins Komponieren und Texten. Damals habe ich f\u00fcr Nicole, f\u00fcr Chris Roberts, Roland Kaiser, Tony Christie, Christina Bach oder Nino de Angelo gearbeitet. Das hat sehr viel Spass gemacht. Das hat nachgelassen, als sich CD&#8217;s nicht mehr so gut verkauften. Dann kam zu Gl\u00fcck das Kinder-Projekt und ich hatte ich auch gar keine Zeit mehr, f\u00fcr Kolleginnen und Kollegen zu schreiben.&#8220;<\/p>\n<p><b>DS: <\/b><b>Was sind das f\u00fcr Kinder, denen Sie Musikunterricht erteilen?<\/b><\/p>\n<p>Bernd Kl\u00fcser: &#8222;Das sind gro\u00dfe ud kleine Kinder und sogar Erwachsene, denen mit 40 oder 50 Jahren auf einmal einf\u00e4llt, dass sie eigentlich immer schon Klavier- oder Gitarrenspielen lernen wollten. Ich sage allen Interessenten egal welchen Alters vorab: &#8218;Klassischer Musikunterricht ist nicht mein Ding, bei mir gibt es keine kleinen Mozarts. Nachdem sie das Notenlesen und Harmonielehre gelernt haben, machen wir einfach zusammen Musik, spielen bekannte Songs gemeinsam. Am besten funktioniert das in Ensembles von drei oder vier Sch\u00fclern. Das macht auch allen richtig viel Spass. Andere gehen in klassische Musikschulen, bei mir machen wir eben POP-Musik.&#8220;<\/p>\n<div id=\"attachment_54775\" class=\"wp-caption alignnone\" style=\"max-width: 761px;\"><img loading=\"lazy\" decoding=\"async\" class=\"wp-image-54775 size-full\" src=\"\/wp-content\/uploads\/2022\/08\/e653886b-3562-4be2-9272-11ec8e68ae0a.jpg\" alt=\"\" width=\"751\" height=\"493\" \/><span class=\"wp-caption-text\">Bernd Kl\u00fcser alias Fux in den 80er Jahren &#8211; \u00a9 fuxmusic<\/span><\/div>\n<p><b>DS: <\/b><b>Woran arbeiten Sie gerade?<\/b><\/p>\n<p>Bernd Kl\u00fcser: &#8222;Jetzt im Sommer bin ich sehr viel mit meinem Kinder-Projekt unterwegs. Ich habe demn\u00e4chst einen TV-Auftritt bei &#8222;Immer wieder sonntags&#8220; im Freizeitpark Rust. Und sobald es nicht mehr so heiss ist und ich keine Lust mehr habe, jeden Tag in die Bigge zu springen, bekomme ich sicher auch wieder gro\u00dfe Lust, an neuen Songs zu arbeiten.&#8220;<\/p>\n<p><b>DS: <\/b><b>Wird man Sie noch einmal mit Band auf der B\u00fchne sehen?<\/b><\/p>\n<p>Bernd Kl\u00fcser: &#8222;Kann schon sein: Wenn die Leute die neue Version von &#8218;\u00dcberdosis Gl\u00fcck&#8216; und andere alte und neue Songs richtig geil finden und es sich auch einigermassen finanziell rechnet, dann h\u00e4tte ich voll Bock darauf, noch einmal mit Band auf der B\u00fchne zu stehen und die Sachen live zu spielen. Solange pr\u00e4sentiere ich ganz allein die Songs mit der Akustikgitarre und Halbplayback. Das macht mir auch Riesenspass und den Leute gef\u00e4llt es auch, ich sehe immer in gl\u00fcckliche Gesichter. Aber so ein Band-Projekt w\u00fcrde mich schon sehr reizen. Mit &#8218;FUX&#8216; sind wir damals viel zu selten live aufgetreten. Wir haben insgesamt h\u00f6chstens 20 Gigs gespielt. Ansonsten hatten wir irgendwelche Promo-Auftritte, um die Alben zu vermarkten.&#8220;<\/p>\n<p><b>DS: <\/b><b>Welche Musik h\u00f6ren Sie privat?<\/b><\/p>\n<p>Bernd Kl\u00fcser: &#8222;Jazz, Latin, POP-Musik und die alten Sachen, mit denen ich aufgewachsen bin. Ich mag heute immer noch die Songs von den Beatles, von Simon &amp; Garfunkel oder den Pet Shop Boys. Ich habe so meine ganz pers\u00f6nliche Playlist, da tauchen auch immer wieder mal ganz neue Songs auf &#8211; z.B. Lieder von Ed Sheeran.&#8220;<span class=\"Apple-converted-space\">\u00a0<\/span><\/p>\n<p><b>DS: <\/b><b>Was halten Sie von der jungen Musikergeneration?<\/b><\/p>\n<p>Bernd Kl\u00fcser: &#8222;Es gibt ja Newcomer wie &#8218;Jeremias&#8216;, die sich wieder wie klassische Bands auf die B\u00fchne stellen, alles live spielen, gute Texte haben. Da gibt es auch Sch\u00fclerinnen und Sch\u00fcler im Musikunterricht, die sagen, &#8218;lass uns doch mal einen Song von Jeremias spielen&#8216;. Es scheint so, dass handgemachte Musik wieder im Trend liegt. Und das finde ich als Musiker mega.&#8220;<\/p>\n<p><b>DS: <\/b><b>Welche Hobbys haben Sie?<\/b><\/p>\n<p>Bernd Kl\u00fcser: &#8222;Ich spiele seit ewigen Zeiten Fu\u00dfball. Seit 20 Jahren laufe ich in der Altliga auf. Ich lasse sogar ein Spiel meines Lieblingsvereins Borussia M\u00f6nchengladbach im TV sausen, wenn ich in der Zeit selber spielen kann. Musik ist nicht nur mein Job, sondern auch mein Hobby. Ich mache sogenannte Selbersingen-Konzerte, zu denen ich Leute einlade. Dann projeziere ich die Texte einfach auf eine Leinwand und alle singen mit. Das mache ich seit 40 Jahren. Ich setze mich ans Klavier oder greife zur Gitarre und spiele dann Songs von Elton John oder den Beatles. Im Sommer gehe ich t\u00e4glich schwimmen im Biggesee. Ansonsten fahre ich gern mit dem Rad, f\u00fcr ein Tischtennis-Duell bin ich auch immer zu haben. Und als passionierter Hobby-G\u00e4rtner verbringe ich m\u00f6glichst viel Zeit in meinem Pastorsgarten.&#8220;<\/p>\n<p><strong>DS: Vielen Dank f\u00fcr das interessante, offene Gespr\u00e4ch<\/strong><\/p>\n<p><strong>Das Interview f\u00fchrte Peter Pionke<\/strong><\/p>\n<div id=\"attachment_54778\" class=\"wp-caption alignnone\" style=\"max-width: 760px;\"><img loading=\"lazy\" decoding=\"async\" class=\" wp-image-54778\" src=\"\/wp-content\/uploads\/2022\/08\/Cover_Fux_3000x3000_FINAL-1024x1024.jpg\" alt=\"\" width=\"750\" height=\"750\" \/><span class=\"wp-caption-text\">Bernd Kl\u00fcser alias Fux auf dem Cover seines v\u00f6llig neu produzierten alten Hits &#8222;\u00dcberdosis Gl\u00fcck&#8220; &#8211; \u00a9 fuxmusic<\/span><\/div>\n<h4>VITA BERND KL\u00dcSER ALIAS FUX<\/h4>\n<p>Bernd Kl\u00fcser wurde 1965 geboren und wuchs in Finnentrop (Sauerland) auf. Schon schnell bekam er wegen seiner roten Haare den Spitznamen Fux. Er erhielt Klavierunterricht und lernte das Gitarrenspielen.<\/p>\n<p>Mitte der 80er Jahre gr\u00fcndete er mit Uli Sprenger die Band Fux. 1988 kam das Deb\u00fctalbum &#8222;\u00dcberdosis Gl\u00fcck&#8220; heraus. Die gleichnamige Single wurde ein Hit. Ebenso die Songs &#8222;Einsam f\u00fcr mich&#8220;, &#8222;Der Stoff aus dem die Tr\u00e4ume sind&#8220;, &#8222;Ich und Du &#8211; Rendezvous&#8220; oder &#8222;Alles nur getr\u00e4umt&#8220;. Seither hat Fux f\u00fcnf Alben ver\u00f6ffentlicht: &#8222;\u00dcberdosis Gl\u00fcck&#8220; (1988) &#8211; &#8222;Rendezvous&#8220; (1989) &#8211; &#8222;Funny Fux&#8220; (2001) &#8211; &#8222;Ich mach Spass&#8220; (2005) &#8211; &#8222;Hereinspaziert&#8220; (2010).<\/p>\n<p>Bernd Kl\u00fcser komponierte zudem Songs f\u00fcr Nicole, f\u00fcr Chris Roberts, Roland Kaiser, Tony Christie, Christina Bach, Michael Morgan oder Nino de Angelo.<\/p>\n<p>Die Erfolgs-Single &#8222;\u00dcberdosis Gl\u00fcck&#8220; hat er jetzt nach \u00fcber 30 Jahre noch einmal in ganz neuem Gewand in seinem eigenen Tonstudio eingespielt.<\/p>\n<p>Seit 2001 macht er &#8211; um es mit seinen eigenen Worten auszudr\u00fccken &#8211; &#8222;Live-Entertainment mit Herz und Sinn f\u00fcr Kinder&#8220;. Zielgruppe sind die Zwei- bis Zw\u00f6lfj\u00e4hrigen und deren Eltern. Kl\u00fcser engagiert sich immer wieder f\u00fcr soziale Organisationen und auch f\u00fcr die &#8222;Aktion Mensch&#8220;.<\/p>\n<p>Positive \u00a0Schlagzeilen machte sein Inklusions-Workshop f\u00fcr die &#8222;Aktion Mensch&#8220;. Mit behinderten und nicht behinderten Musikern und S\u00e4ngern nahm er \u00a0&#8222;Ich bin Ich&#8220;, den bekannten Song der Band &#8222;Glasperlenspiel&#8220;, in seinem eigenen Tonstudio auf. Live uraufgef\u00fchrt wurde das Lied anschlie\u00dfend in der Kirche Lennestadt-Meggen. Von dem Projekt produzierte Bernd Kl\u00fcser ein beeindruckendes Video (siehe Link weiter unten).<\/p>\n<div id=\"attachment_54794\" class=\"wp-caption alignnone\" style=\"max-width: 1034px;\"><img loading=\"lazy\" decoding=\"async\" class=\"size-large wp-image-54794\" src=\"\/wp-content\/uploads\/2022\/08\/MG_5099-1-2-2-1024x972.jpeg\" alt=\"\" width=\"1024\" height=\"972\" \/><span class=\"wp-caption-text\">Bernd Kl\u00fcser &#8211; \u00a9 fuxmusic<\/span><\/div>\n<p>Als freier Produzent und Songwriter arbeitete er u.a. f\u00fcr das NRW-Verkehrsministerium, die Bundesligisten Borussia M\u00f6nchengladbach und Bayer 04 Leverkusen sowie f\u00fcr viele andere Vereine, Unternehmen, Institutionen und K\u00fcnstler.<\/p>\n<p>Viel Spass bereitet ihm auch die eigene Musikschule, in der er Kindern, aber auch dem einen oder anderen Erwachsenen das Klavier-, Keyboard- oder Gitarrenspieler beibringt.<\/p>\n<p>Bernd Kl\u00fcser ist seit vielen Jahren mit Simone verheiratet. Gemeinsam haben sie einen 24 Jahre alten Sohn und die 19 Jahre alte Tochter Lina.<\/p>\n<p>Seine Hobbys: Musik, Fu\u00dfballspielen in der Altliga, Schwimmen, Radfahren, Tischtennis und Gartenarbeit.<\/p>\n<p><strong>Link zur Webseite von Fux:<\/strong><\/p>\n<p><a href=\"http:\/\/www.fuxmusic.com\">http:\/\/www.fuxmusic.com<\/a><\/p>\n<p><strong>Link zum Video &#8222;Ich bin Ich&#8220; &#8211; Inklusions-Workshop f\u00fcr die &#8222;Aktion Mensch&#8220;:<\/strong><\/p>\n<p><a href=\"https:\/\/www.youtube.com\/watch?v=0G608xKY3DU\">https:\/\/www.youtube.com\/watch?v=0G608xKY3DU<\/a><\/p>\n<p><strong>Link zur neuen Version von &#8222;\u00dcberdosis Gl\u00fcck&#8220;:<\/strong><\/p>\n<p><a href=\"https:\/\/www.youtube.com\/watch?v=Deo9yV9-UxE\">https:\/\/www.youtube.com\/watch?v=Deo9yV9-UxE<\/a><\/p>\n<p><strong>Den neuen Song kann man bei Spotify, Amazon, iTunes etc. kostenpflichtig herunterladen<\/strong><\/p>\n","protected":false},"excerpt":{"rendered":"<p>Fux wurde er schon als Kind genannt &#8211; wegen seiner roten Haare. Fux hiess auch seine Band, die in den 80er Jahren sehr erfolgreich war. Und Fux rufen ihn auch seine kleinen, jungen Fans, die er heute musikalisch bespasst. Dabei heisst er eigentlich Bernd Kl\u00fcser. Aus der Feder des Vollblutmusikers aus dem sauerl\u00e4ndischen Finnentrop stammen Hits wie &#8222;\u00dcberdosis Gl\u00fcck&#8220;, &#8222;Einsam f\u00fcr mich&#8220;. &#8222;Der Stoff aus dem die Tr\u00e4ume sind&#8220; oder &#8222;Alles nur ein Traum&#8220;.<\/p>\n","protected":false},"author":7,"featured_media":0,"comment_status":"open","ping_status":"open","sticky":false,"template":"","format":"standard","meta":{"footnotes":""},"categories":[32],"tags":[],"class_list":["post-54758","post","type-post","status-publish","format-standard","hentry","category-interviews"],"publishpress_future_action":{"enabled":false,"date":"2026-05-08 16:32:01","action":"change-status","newStatus":"draft","terms":[],"taxonomy":"category","extraData":[]},"publishpress_future_workflow_manual_trigger":{"enabledWorkflows":[]},"_links":{"self":[{"href":"https:\/\/www.die-stadtzeitung.de\/index.php\/wp-json\/wp\/v2\/posts\/54758","targetHints":{"allow":["GET"]}}],"collection":[{"href":"https:\/\/www.die-stadtzeitung.de\/index.php\/wp-json\/wp\/v2\/posts"}],"about":[{"href":"https:\/\/www.die-stadtzeitung.de\/index.php\/wp-json\/wp\/v2\/types\/post"}],"author":[{"embeddable":true,"href":"https:\/\/www.die-stadtzeitung.de\/index.php\/wp-json\/wp\/v2\/users\/7"}],"replies":[{"embeddable":true,"href":"https:\/\/www.die-stadtzeitung.de\/index.php\/wp-json\/wp\/v2\/comments?post=54758"}],"version-history":[{"count":30,"href":"https:\/\/www.die-stadtzeitung.de\/index.php\/wp-json\/wp\/v2\/posts\/54758\/revisions"}],"predecessor-version":[{"id":83849,"href":"https:\/\/www.die-stadtzeitung.de\/index.php\/wp-json\/wp\/v2\/posts\/54758\/revisions\/83849"}],"wp:attachment":[{"href":"https:\/\/www.die-stadtzeitung.de\/index.php\/wp-json\/wp\/v2\/media?parent=54758"}],"wp:term":[{"taxonomy":"category","embeddable":true,"href":"https:\/\/www.die-stadtzeitung.de\/index.php\/wp-json\/wp\/v2\/categories?post=54758"},{"taxonomy":"post_tag","embeddable":true,"href":"https:\/\/www.die-stadtzeitung.de\/index.php\/wp-json\/wp\/v2\/tags?post=54758"}],"curies":[{"name":"wp","href":"https:\/\/api.w.org\/{rel}","templated":true}]}}