{"id":54644,"date":"2022-08-12T15:41:31","date_gmt":"2022-08-12T13:41:31","guid":{"rendered":"https:\/\/www.die-stadtzeitung.de\/?p=54644"},"modified":"2024-02-09T18:31:17","modified_gmt":"2024-02-09T17:31:17","slug":"gwg-feierte-und-sammelte-fuer-wuppertal-hilft","status":"publish","type":"post","link":"https:\/\/www.die-stadtzeitung.de\/index.php\/2022\/08\/12\/gwg-feierte-und-sammelte-fuer-wuppertal-hilft\/","title":{"rendered":"gwg feierte und sammelte f\u00fcr WUPPERTAL HILFT!\u00a0"},"content":{"rendered":"<div id=\"attachment_54646\" class=\"wp-caption alignnone\" style=\"max-width: 1034px;\"><img loading=\"lazy\" decoding=\"async\" class=\"wp-image-54646 size-large\" src=\"\/wp-content\/uploads\/2022\/08\/quartiersfest_62-2-1024x789.jpg\" alt=\"\" width=\"1024\" height=\"789\" \/><span class=\"wp-caption-text\">Die drei f\u00fcr WUPPERTAL HILF!: (v.l.) Lea Micus (gwg), Anja K\u00e4ppner-Herzog und Hildegart Daum (WUPPERTAL HILFT!) stellen den Charity-Verein beim &#8222;Quartiers-Fest&#8220; vor &#8211; \u00a9 gwg<\/span><\/div>\n<p>Auch die WSW, AWG und ESW waren als langj\u00e4hrige Kooperationspartner vor Ort und beteiligten sich mit eigenen St\u00e4nden. Zum Rahmenprogramm geh\u00f6rten Musik, Tanz und Zirkus: Neben einer Band und einem DJ, die f\u00fcr die musikalische Begleitung sorgten, zeigte das Tanzhaus Wuppertal verschiedene Einzel\u2010 und Gruppent\u00e4nze.<span class=\"Apple-converted-space\">\u00a0<\/span><\/p>\n<p>Die Kinder wurden vom &#8222;Zirkus Kr\u00fcmel&#8220; zum Mitmachen eingeladen oder konnten sich schminken und von einem Ballonclown mit Phantasiefiguren beschenken lassen.<span class=\"Apple-converted-space\">\u00a0<\/span><\/p>\n<p>Auch der Charity-Verein \u201eWUPPERTALHILFT!\u201c war mit vor Ort: Die gwg\u2010Azubis sammelten im Rahmen eines Waffelverkaufstandes flei\u00dfig Spenden, welche zu 100 Prozent an die Organisation gehen und dort f\u00fcr soziale Projekte in Wuppertal eingesetzt werden.<span class=\"Apple-converted-space\">\u00a0<\/span><\/p>\n<div id=\"attachment_54647\" class=\"wp-caption alignnone\" style=\"max-width: 1034px;\"><img loading=\"lazy\" decoding=\"async\" class=\"wp-image-54647 size-large\" src=\"\/wp-content\/uploads\/2022\/08\/quartiersfest_90b-1024x683.jpg\" alt=\"\" width=\"1024\" height=\"683\" \/><span class=\"wp-caption-text\">Beste Stimmung bei k\u00fchlen Getr\u00e4nken und herzhaften Speisen &#8211; \u00a9 gwg<\/span><\/div>\n<p>Au\u00dferdem nutzte die gwg die Gelegenheit, interessierte Mieterinnen und Mieter \u00fcber die geplanten Modernisierungsvorhaben an der Agnes\u2010Miegel\u2010Stra\u00dfe zu informieren. In den kommenden Jahren ist eine nachhaltige Quartiersentwicklung geplant.<span class=\"Apple-converted-space\">\u00a0<\/span><\/p>\n<p>Das erste Konzept beinhaltet unter anderem verschiedene Ma\u00dfnahmen f\u00fcr eine Verringerung des Energieverbrauchs. \u201eUns ist es wichtig, unsere Mieterinnen und Mieter fr\u00fchzeitig in unsere Planungen einzubeziehen\u201c, erkl\u00e4rte gwg\u2010Gesch\u00e4ftsf\u00fchrer Oliver Zier.<span class=\"Apple-converted-space\">\u00a0<\/span><\/p>\n<p>Au\u00dferdem dankte er allen Beteiligten des Mieterfestes: \u201eWir haben mit unseren Mitarbeiter:innen und Partnern ein abwechslungsreiches Programm auf die Beine gestellt und hoffen, dass es ein wenig Spa\u00df und Abwechslung gebracht hat. Das k\u00f6nnen wir alle \u2013 und vor allem die Kinder \u2013 im Moment gut gebrauchen.\u201c<span class=\"Apple-converted-space\">\u00a0<\/span><\/p>\n<p><b>Neues Fassaden\u2010Kunstwerk angebracht<span class=\"Apple-converted-space\">\u00a0<\/span><\/b><\/p>\n<p>W\u00e4hrend des Mieterfestes wurde au\u00dferdem das vierte gro\u00dffl\u00e4chige Kunstwerk an einer Fassade der Agnes\u2010Miegel\u2010Stra\u00dfe aufgeh\u00e4ngt. Nun schm\u00fcckt das neue, 14 x 3,80 Meter gro\u00dfe Gem\u00e4lde des K\u00fcnstlers Andreas Komotzki die Wand.<span class=\"Apple-converted-space\">\u00a0<\/span><\/p>\n<div id=\"attachment_54649\" class=\"wp-caption alignnone\" style=\"max-width: 1034px;\"><img loading=\"lazy\" decoding=\"async\" class=\"wp-image-54649 size-large\" src=\"\/wp-content\/uploads\/2022\/08\/quartiersfest_77-1024x684.jpg\" alt=\"\" width=\"1024\" height=\"684\" \/><span class=\"wp-caption-text\">gwg-Gesch\u00e4ftsf\u00fchrer Oliver Zier (Mitte) feierte kr\u00e4ftig mit &#8211; \u00a9 gwg<\/span><\/div>\n<p>Die \u201eBer\u00fchmten Wuppertaler\u201c von Andreas M. Wiese wurden damit abgel\u00f6st. Die Idee, die Fassade in der der Agnes\u2010Miegel\u2010Stra\u00dfe als Kunstgalerie zu nutzen, geht auf die Aktion \u201eout and about\u201c (kurz OAA) der K\u00fcnstler Frank N und Birgit Pardun zur\u00fcck.<span class=\"Apple-converted-space\">\u00a0<\/span><\/p>\n<p><a href=\"http:\/\/www.gwg\u2010wuppertal.de\">http:\/\/www.gwg\u2010wuppertal.de<\/a><\/p>\n","protected":false},"excerpt":{"rendered":"<p>Die &#8222;Gemeinn\u00fctzige Wohnungsbau-Gesellschaft Wuppertal (gwg) hat mit den Mieterinnen und Mietern der Agnes-Miegel-Stra\u00dfe den &#8222;Tag des Quartiers&#8220; z\u00fcnftig mit einem Mieterfest gefeiert.\u00a0<\/p>\n","protected":false},"author":7,"featured_media":0,"comment_status":"open","ping_status":"open","sticky":false,"template":"","format":"standard","meta":{"footnotes":""},"categories":[24],"tags":[],"class_list":["post-54644","post","type-post","status-publish","format-standard","hentry","category-wuppertal"],"publishpress_future_action":{"enabled":false,"date":"2026-05-06 23:56:50","action":"change-status","newStatus":"draft","terms":[],"taxonomy":"category","extraData":[]},"publishpress_future_workflow_manual_trigger":{"enabledWorkflows":[]},"_links":{"self":[{"href":"https:\/\/www.die-stadtzeitung.de\/index.php\/wp-json\/wp\/v2\/posts\/54644","targetHints":{"allow":["GET"]}}],"collection":[{"href":"https:\/\/www.die-stadtzeitung.de\/index.php\/wp-json\/wp\/v2\/posts"}],"about":[{"href":"https:\/\/www.die-stadtzeitung.de\/index.php\/wp-json\/wp\/v2\/types\/post"}],"author":[{"embeddable":true,"href":"https:\/\/www.die-stadtzeitung.de\/index.php\/wp-json\/wp\/v2\/users\/7"}],"replies":[{"embeddable":true,"href":"https:\/\/www.die-stadtzeitung.de\/index.php\/wp-json\/wp\/v2\/comments?post=54644"}],"version-history":[{"count":7,"href":"https:\/\/www.die-stadtzeitung.de\/index.php\/wp-json\/wp\/v2\/posts\/54644\/revisions"}],"predecessor-version":[{"id":54677,"href":"https:\/\/www.die-stadtzeitung.de\/index.php\/wp-json\/wp\/v2\/posts\/54644\/revisions\/54677"}],"wp:attachment":[{"href":"https:\/\/www.die-stadtzeitung.de\/index.php\/wp-json\/wp\/v2\/media?parent=54644"}],"wp:term":[{"taxonomy":"category","embeddable":true,"href":"https:\/\/www.die-stadtzeitung.de\/index.php\/wp-json\/wp\/v2\/categories?post=54644"},{"taxonomy":"post_tag","embeddable":true,"href":"https:\/\/www.die-stadtzeitung.de\/index.php\/wp-json\/wp\/v2\/tags?post=54644"}],"curies":[{"name":"wp","href":"https:\/\/api.w.org\/{rel}","templated":true}]}}