{"id":54567,"date":"2022-08-14T15:47:25","date_gmt":"2022-08-14T13:47:25","guid":{"rendered":"https:\/\/www.die-stadtzeitung.de\/?p=54567"},"modified":"2022-10-26T11:43:38","modified_gmt":"2022-10-26T09:43:38","slug":"reisen-ist-jetzt-unterwegs-mit-lena-jan","status":"publish","type":"post","link":"https:\/\/www.die-stadtzeitung.de\/index.php\/2022\/08\/14\/reisen-ist-jetzt-unterwegs-mit-lena-jan\/","title":{"rendered":"&#8222;reisen-ist.jetzt&#8220;: Unterwegs mit Lena &#038; Jan"},"content":{"rendered":"<div id=\"attachment_54577\" class=\"wp-caption alignnone\" style=\"max-width: 1034px;\"><img loading=\"lazy\" decoding=\"async\" class=\"size-large wp-image-54577\" src=\"\/wp-content\/uploads\/2022\/08\/cancun_2021-1024x768.jpeg\" alt=\"\" width=\"1024\" height=\"768\" \/><span class=\"wp-caption-text\">Wollen m\u00f6glichst viel von der Welt sehen: Lena Lichterbeck und Jan Filipzik 2021 un Cancun (Mexiko) &#8211; \u00a9 reisen-ist.jetzt<\/span><\/div>\n<p>Im n\u00e4chsten Jahr gehen Lena und Jan sogar noch einen Schritt weiter! Dann steigen die beiden komplett aus und reisen mindestens zwei Jahre lang durch die gro\u00dfe weite Welt. Ihre Fulltime-Jobs haben beide bereits zum Jahresende gek\u00fcndigt. Wer m\u00f6chte, der kann an ihrem Traum und ihren Abenteuern regelm\u00e4ssig teilhaben: Hier in der STADTZEITUNG oder noch ausf\u00fchrlicher in Lenas und Jans attraktiven, spannenden<\/p>\n<p><strong>Reiseblog\u00a0<a href=\"https:\/\/reisen-ist.jetzt\/\">https:\/\/reisen-ist.jetzt\/<\/a><\/strong><\/p>\n<p>Hier finden Sie alle Infos und Details \u00fcber die Stationen der Reise, die genaue Reiseroute, interessante, emotionale Erlebnisberichte und viele attraktive Fotos.<\/p>\n<h4>JAN: WAS UNS SO UMTREIBT<\/h4>\n<p>&#8222;Den Blick in den Garten, den Bauch vom Abendessen gut gef\u00fcllt und den n\u00e4chsten Urlaub in Sicht \u2013 ja, so l\u00e4sst sich ein Artikel doch gut angehen. Bevor wir in wenigen Tagen f\u00fcr eine Woche mehr oder weniger offline sind \u2013 dazu am Ende mehr \u2013 wollen wir uns noch einmal kurz sammeln und zusammenfassen: Wie ist es uns in der Zwischenzeit ergangen? Was besch\u00e4ftigt uns? Und was haben wir von unserer Reise bislang mitgenommen?<\/p>\n<p>Die Fakten sind schnell erz\u00e4hlt: Am Frankfurter Flughafen, also bei der R\u00fcckkehr aus Island, holt Lena mich ab und wir fahren auf direktem Weg in die n\u00e4chste Unterkunft. In dem Fall nach Rengsdorf, einem kleinen Ort etwa 20 Kilometer n\u00f6rdlich von Koblenz, da wo Mosel und Rhein aufeinandertreffen. Eine sch\u00f6ne Gegend, auch zum Fahrradfahren, in die wir aber vor allem gekommen sind, um am folgenden Wochenende mit Lenas ehemaligen Arbeitskollegen durch das Ahrtal zu wandern.<span class=\"Apple-converted-space\">\u00a0<\/span><\/p>\n<div id=\"attachment_54586\" class=\"wp-caption alignnone\" style=\"max-width: 1034px;\"><img loading=\"lazy\" decoding=\"async\" class=\"size-large wp-image-54586\" src=\"\/wp-content\/uploads\/2022\/08\/img_20220806_125324.jpg-1024x768.webp\" alt=\"\" width=\"1024\" height=\"768\" \/><span class=\"wp-caption-text\">Lena und Jan machen mal Rast &#8211; \u00a9 reisen-ist.jetzt<\/span><\/div>\n<p>Vor zwei Jahren sind wir schon einmal hier gewesen, jetzt, ein Jahr nach der Flut, hat sich vieles ver\u00e4ndert und die Auswirkungen der Katastrophe sind immer noch \u00fcberall sichtbar. Viel ist dazu geschrieben worden, deshalb hier nur so viel: Wenn man sieht, wie hoch das Wasser gestanden hat \u2013 und dann auf das kleine B\u00e4chlein schaut, das sich durch das Tal schl\u00e4ngelt \u2013 es ist unvorstellbar, selbst wenn man direkt davorsteht.<\/p>\n<p>Am Wochenende danach geht es schon weiter \u2013 also wieder alles einr\u00e4umen. Inzwischen l\u00e4uft das v\u00f6llig routiniert ab. Spa\u00dfeshalber haben wir auf die Uhr geschaut: etwa eine halbe Stunde, um die Sachen zur\u00fcck in die Kartons und Kisten zu packen, dann noch einmal eine halbe Stunde, um den Fabian (unser Auto) zu f\u00fcllen und abfahrbereit zu machen. Das passt und wir sind ein bisschen stolz.<\/p>\n<h4>Etappenziel Westerheim<\/h4>\n<p>Unser n\u00e4chstes Ziel ist Westerheim, wo ich auch aktuell sitze und den Sonnenuntergang hinterm Apfelbaum beobachte. Westerheim liegt gut 40 Kilometer von Stuttgart entfernt, ziemlich weit im S\u00fcden. Einen besonderen Grund, dass wir ausgerechnet hier sind, gibt es eigentlich nicht \u2013 l\u00e4sst man unser n\u00e4chstes Ziel einmal au\u00dfer Acht. Uns hat einfach die Unterkunft gefallen: Knapp 40 Quadratmeter Grundfl\u00e4che, was fast ein Tinyhouse sein k\u00f6nnte, w\u00e4re da nicht die zweite Etage, die die Wohnfl\u00e4che nahezu verdoppelt.<span class=\"Apple-converted-space\">\u00a0<\/span><\/p>\n<p>Und eine Erkenntnis mit sich bringt: Auch wenn ich dachte, ein wirkliches Tinyhouse absolut spannend zu finden \u2013 auf Dauer w\u00e4ren 40 Quadratmeter f\u00fcr mich vermutlich zu wenig. Vor allem, wenn man nicht die ganze Zeit drau\u00dfen sein kann. Aber es m\u00fcssen auch keine 170 Quadratmeter sein, wie in der Wohnung, die wir in Wuppertal hatten, das definitiv nicht.<\/p>\n<p>Was sich ebenfalls ge\u00e4ndert hat: Mittlerweile ist auch das Ankommen super entspannt. Anfangs hat es mich gestresst, in jeder neuen Unterkunft jeden Handgriff neu zu lernen. Wo sind die Steckdosen, wo ist das Besteck, wo finde ich Gew\u00fcrze, wo ist Platz f\u00fcr Sport \u2013 solche Dinge halt. Inzwischen st\u00f6rt mich das gar nicht mehr.<span class=\"Apple-converted-space\">\u00a0<\/span><\/p>\n<div id=\"attachment_54591\" class=\"wp-caption alignnone\" style=\"max-width: 1034px;\"><img loading=\"lazy\" decoding=\"async\" class=\"size-large wp-image-54591\" src=\"\/wp-content\/uploads\/2022\/08\/img_20220730_114923.jpg-1024x768.webp\" alt=\"\" width=\"1024\" height=\"768\" \/><span class=\"wp-caption-text\">Auf Wanderung durch das Ahrtal &#8211; \u00a9 reisen-ist.jetzt<\/span><\/div>\n<p>Eigentlich finde ich es sogar sch\u00f6n. Da man st\u00e4ndig auf neue Dinge st\u00f6\u00dft und sich neu mit seiner Umgebung auseinandersetzt, f\u00fchlt es sich immer ein bisschen wie Urlaub an. Selbst ein schn\u00f6der Einkauf im Supermarkt wird so zu einer kleinen Erkundungstour. In dieser Hinsicht keine Routinen zu haben, ist tats\u00e4chlich auch sehr reizvoll.<\/p>\n<p>Was wir sonst noch gelernt haben, will ich kurz zusammenfassen. Erstens: Nur eine Woche an einem Ort zu bleiben, ist definitiv zu wenig. Denn durch das Weiterreisen f\u00e4llt viel Zeit weg, die wir gerne nutzen w\u00fcrden, um die Gegend intensiver zu erkunden. K\u00fcnftig \u2013 zumindest, solange wir in Deutschland sind und wo es m\u00f6glich ist \u2013 wollen wir daher an jeder Station mindestens zwei Wochen bleiben.<span class=\"Apple-converted-space\">\u00a0<\/span><\/p>\n<p>Zweitens: Wenn man, so wie wir aktuell, gar nicht mehr so viel hat, um das man sich neben der Arbeit k\u00fcmmern braucht, bleibt auch im Kopf mehr Zeit f\u00fcr andere Dinge. Was bei mir dazu gef\u00fchrt hat, dass ich mich jetzt noch mehr mit ausgewogener Ern\u00e4hrung besch\u00e4ftige und wieder mit dem Meditieren angefangen habe. Das ist eine unglaubliche Bereicherung.<span class=\"Apple-converted-space\">\u00a0<\/span><\/p>\n<p>Drittens: Es ist so sch\u00f6n, sich inspirieren zu lassen, wenn man mit anderen Menschen ins Gespr\u00e4ch kommt. So wollen wir jetzt auf der Weltreise unbedingt mal einen Segelt\u00f6rn machen \u2013 und Indien steht auch ganz hoch im Kurs. Doch bis dahin ist es \u2013 zum Gl\u00fcck \u2013 noch lange Zeit, deshalb bleiben wir in der Gegenwart.<\/p>\n<h4>Eine Woche Urlaub in der Schweiz<\/h4>\n<p>Unsere Reise macht nach wie vor Spa\u00df, ehrlich gesagt sogar mit jedem Tag ein bisschen mehr. Am Samstag (13.08.) geht es dann auch schon weiter, diesmal f\u00fcr eine Woche in die Schweiz, wo wir unseren Urlaub verbringen. Deswegen auch Westerheim, weil es von hier aus mit dem Auto nicht ganz so weit ist und unsere Route uns immer weiter nach S\u00fcden f\u00fchrt.<span class=\"Apple-converted-space\">\u00a0<\/span><\/p>\n<p>Mit Blick auf das Wetter \u2013 es k\u00fcndigt sich ein Tiefdruckgebiet an \u2013 haben wir mit uns gerungen, aber letztlich wollen wir unseren Plan nicht aufgeben: eine Woche mit Zelt und Rucksack als Selbstversorger auf dem Sardona-Welterbe-Weg wandern, knapp 100 Kilometer mit rund 6.500 H\u00f6henmetern.<span class=\"Apple-converted-space\">\u00a0<\/span><\/p>\n<p>Inzwischen haben wir so viel Zeit investiert, uns informiert, Karten studiert, Essen gebunkert und sogar ein Hotel gefunden, in dem wir unsere Kartons und Fahrr\u00e4der w\u00e4hrend der kompletten Tour kostenlos unterstellen k\u00f6nnen (daf\u00fcr jetzt schon einmal vielen Dank, ihr seid einfach nur gro\u00dfartig), dass wir uns von Regen und schlechtem Wetter nicht abhalten lassen wollen. Sonnenschein w\u00e4re sch\u00f6ner und vielleicht haben wir ja noch Gl\u00fcck, aber so oder so: es wird ein Abenteuer, auf das ich mich jetzt schon riesig freue. Und vor dem ich geh\u00f6rig Respekt habe. Wir werden berichten, garantiert.&#8220;<\/p>\n<p><strong>12. August 2022<\/strong><\/p>\n<p>&nbsp;<\/p>\n<div id=\"attachment_54592\" class=\"wp-caption alignnone\" style=\"max-width: 1034px;\"><img loading=\"lazy\" decoding=\"async\" class=\"size-large wp-image-54592\" src=\"\/wp-content\/uploads\/2022\/08\/kaiserstuhl_deutschland_2020.jpg-1024x768.webp\" alt=\"\" width=\"1024\" height=\"768\" \/><span class=\"wp-caption-text\">Lena und Jan am Kaiserstuhl &#8211; \u00a9 reisen-ist.jetzt<\/span><\/div>\n<h4>\u00dcBER UNS<\/h4>\n<p><strong>HEY, WIR SIND<\/strong> <a href=\"https:\/\/reisen-ist.jetzt\/ueber-uns\/\">LENA &amp; JAN<\/a><\/p>\n<p>\u2026 und freuen uns, dass Du hier bist! Unser Reiseblog <b>reisen-ist.jetzt<\/b>, wird unser Begleiter sein in den kommenden 22 Monaten \u2013 mindestens.<\/p>\n<p>Ab Juni 2022 starten wir auf eine 7-monatige Tour mit dem Auto quer durch Deutschland. In der Zeit arbeiten wir beide weiter remote in unseren Vollzeit-Jobs und genie\u00dfen das Leben als digitale Nomaden, bevor wir Ende Dezember komplett aussteigen und 2023 unseren Traum wahr werden lassen: ein Jahr lang die Welt bereisen, au\u00dferhalb Europas. Und was danach kommt? Mal schauen\u2026<\/p>\n<p>In unserem Reiseblog nehmen wir Dich mit auf unsere Abenteuer und lassen Dich an unseren Eindr\u00fccken und Gedanken teilhaben. Wir sind gespannt, was die Zeit mit uns machen wird. Doch bevor es losgeht, gibt es noch einiges vorzubereiten und dabei darfst Du uns ab sofort begleiten.<\/p>\n<p>Viel Spa\u00df beim Lesen!<\/p>\n<h4>LENA: WIE MAN AUF SOWAS KOMMT<\/h4>\n<p>Es ist raus: Wir gehen auf Weltreise und touren vorher sieben Monate mit dem Auto, besser gesagt Transporter, und unseren wichtigsten Habseligkeiten durch Deutschland und Europa. Wahnsinn. Es f\u00fchlt sich gut an, dass nun alle Bescheid wissen und nicht mehr nur der engste Kreis, mit dem wir nat\u00fcrlich schon lange \u00fcber unsere Pl\u00e4ne gesprochen haben.<span class=\"Apple-converted-space\">\u00a0<\/span><\/p>\n<p>Neben dem riesigen Meilenstein, unsere Wohnung zu k\u00fcndigen, war der Start unseres Blogs ein weiterer wichtiger Schritt: Es ganz offiziell machen, etwas, das bisher nur auf der pers\u00f6nlichen To-do-Liste stand, endlich in die Tat umsetzen und sp\u00fcren, dass Dinge in Bewegung kommen, greifbar werden.<span class=\"Apple-converted-space\">\u00a0<\/span><\/p>\n<p>Zus\u00e4tzlich zu dem gro\u00dfartigen Gef\u00fchl, tats\u00e4chlich in die Umsetzung unseres Plans zu gehen, hat mir der Start unseres Blogs, einen echten Motivationsschub gegeben, denn die Reaktionen darauf und auf unser Vorhaben, waren so positiv, voller Begeisterung, Unterst\u00fctzung und Interesse, dass es mich einfach gl\u00fccklich und dankbar macht!<span class=\"Apple-converted-space\">\u00a0<\/span><\/p>\n<div id=\"attachment_54581\" class=\"wp-caption alignnone\" style=\"max-width: 1010px;\"><img loading=\"lazy\" decoding=\"async\" class=\"size-full wp-image-54581\" src=\"\/wp-content\/uploads\/2022\/08\/5916598982560360880.jpeg\" alt=\"\" width=\"1000\" height=\"522\" \/><span class=\"wp-caption-text\">Das Gep\u00e4ck, mit dem Lena und Jan unterwegs sind &#8211; \u00a9 reisen-ist.jetzt<\/span><\/div>\n<p>Und ja, dass unsere Eltern vielleicht nicht ganz so vor Freude im Sechseck springen, wie wir es tun, verstehe ich auch irgendwie \u2013 sie wollen nun mal unser Bestes und machen sich Sorgen, wie alle Eltern. Am Ende bin ich dankbar f\u00fcr ihre F\u00fcrsorge und kann unseren Lieben nur versprechen, dass wir wie immer gut auf uns aufpassen werden\u2026<\/p>\n<p>All die Reaktionen zu sehen, hat mich aber auch innehalten lassen. Wie hat das eigentlich nochmal alles mit unserem Weltreise-Traum angefangen? Gute Frage. Es f\u00fchlt sich an, als wenn es schon immer unser Wunsch war. Wir haben mittlerweile so oft dar\u00fcber gesprochen, Ideen ausgetauscht, stellen es nicht mehr in Frage. Es ist unsere Realit\u00e4t geworden und ich kann mich so ohne Weiteres nicht an die Anf\u00e4nge erinnern.<span class=\"Apple-converted-space\">\u00a0<\/span><\/p>\n<p>Gut, dass wir ab jetzt einen Blog haben, der nichts mehr vergisst\u2026 Wenn ich unseren WhatsApp-Nachrichten Glauben schenken darf, ist das Wort \u201eWeltreise\u201c zum ersten Mal im November 2018 in unseren Gespr\u00e4chen gefallen. Damals als fl\u00fcchtiger Gedanke im Kontext dessen, wie wir uns unser weiteres gemeinsames Leben theoretisch vorstellen k\u00f6nnen, an kein Datum, oder irgendeinen Plan zur tats\u00e4chlichen Umsetzung gekn\u00fcpft und damit auch schnell wieder aus dem Blick verloren. So ist das eben mit den Dingen, die man nicht fixiert und konkret plant.<\/p>\n<p>Und dann kam Corona: Eingesperrt im x-ten Lockdown, der gerade wieder verl\u00e4ngert wurde, auf absehbare Zeit jeglicher M\u00f6glichkeit zum Reisen beraubt und frustriert nach den langen, kalten und grauen Monaten in Deutschland, war es einer unserer zwischenzeitlich liebgewonnenen Homeoffice-Mittagspausen-Spazierg\u00e4nge Anfang M\u00e4rz 2021, bei dem wir rumgesponnen und uns weit weg in die W\u00e4rme getr\u00e4umt haben.<span class=\"Apple-converted-space\">\u00a0<\/span><\/p>\n<p>Auf dem Streifzug durch unsere Nachbarschaft noch ein Tagtraum, zu Hause dann die Frage: Warum eigentlich nicht? Und die Erkenntnis, wenn wir uns jetzt kein festes Datum setzen, wird es wieder nur eine theoretische Option bleiben. Wann wird Corona wohl vorbei und das Reisen wieder erlaubt sein? Was ist mit unseren Jobs? K\u00fcndigen, oder pausieren? Und wenn ja, ab wann? Was machen wir mit unserer Wohnung?<span class=\"Apple-converted-space\">\u00a0<\/span><\/p>\n<div id=\"attachment_54582\" class=\"wp-caption alignnone\" style=\"max-width: 1010px;\"><img loading=\"lazy\" decoding=\"async\" class=\"size-full wp-image-54582\" src=\"\/wp-content\/uploads\/2022\/08\/10458826168424846076.jpeg\" alt=\"\" width=\"1000\" height=\"522\" \/><span class=\"wp-caption-text\">Das Auto ist gepackt f\u00fcr die gro\u00dfe Deutschland- und Europa-Tour &#8211; \u00a9 reisen-ist.jetzt<\/span><\/div>\n<p>Wie lange wollen wir \u00fcberhaupt unterwegs sein und was kostet das? So viele Fragen, die uns durch den Kopf geschossen sind und die wir eine nach der anderen f\u00fcr uns beantwortet haben, mit dem Ergebnis: Das Jahr 2023 wollen wir auf Weltreise verbringen, ohne Wenn und Aber.<\/p>\n<p>Und damit war es auf einmal nicht mehr nur ein Gedankenspiel, ein gro\u00dfer Traum, der ausschlie\u00dflich in unseren K\u00f6pfen existiert. Pl\u00f6tzlich war es etwas, das wir wirklich tun w\u00fcrden, ein fester Plan, von dem wir unseren Familien und Freunden erz\u00e4hlen konnten und der mit jedem Tag, jedem Gespr\u00e4ch, jeder Entscheidung immer mehr Form angenommen hat.<span class=\"Apple-converted-space\">\u00a0<\/span><\/p>\n<p>Seitdem wir unsere Weltreise zur Priorit\u00e4t gemacht haben, fragen wir uns nicht mehr, ob sie stattfinden, verschoben, oder verk\u00fcrzt wird, wenn Hindernisse aufkommen \u2013 und die kommen zwangsl\u00e4ufig auf, wie wir bereits gelernt haben \u2013 sondern unsere Frage lautet: Wie sieht die L\u00f6sung aus, damit unser Plan trotzdem funktioniert?<\/p>\n<p>Dass wir nun sogar sieben Monate fr\u00fcher von zu Hause starten und noch eine Deutschland-Europa-Tour einschieben, ist zum Beispiel so eine L\u00f6sung f\u00fcr ein Hindernis, das ganz pl\u00f6tzlich aufgetaucht ist. Flexibel bleiben scheint hier die beste Antwort zu sein und ist wohl insgesamt ein ziemlich guter Weg f\u00fcr die Weltreise.<span class=\"Apple-converted-space\">\u00a0<\/span><\/p>\n<p>&nbsp;<\/p>\n<p><img loading=\"lazy\" decoding=\"async\" class=\"alignnone size-full wp-image-54572\" src=\"\/wp-content\/uploads\/2022\/08\/fuchs.png\" alt=\"\" width=\"200\" height=\"200\" \/><\/p>\n<p><strong>Link zum Reiseblog &#8222;reisen-ist.jetzt &#8211; Unterwegs ist da,\u00a0wo wir sind&#8220;<\/strong><\/p>\n<p><a href=\"https:\/\/reisen-ist.jetzt\">https:\/\/reisen-ist.jetzt<\/a><\/p>\n<p><strong>Das STADTZEITUNGS-Team w\u00fcnscht GUTE REISE!<\/strong><\/p>\n","protected":false},"excerpt":{"rendered":"<p>Sie sind buchst\u00e4blich auf dem Weg, sich ihren grossen Traum zu erf\u00fcllen &#8211; die Unternehmensberaterin Lena Lichterbeck und der Journalist Jan Filipzik, in Wuppertal bekannt und gesch\u00e4tzt als Chefredakteur des ehemaligen, werbefreien Magazins &#8222;talw\u00e4rts&#8220;. Die beiden haben ihre gemeinsame Wohnung bereits aufgegeben und sind seit Juni unterwegs auf Deutschland- und Europa-Reise. Gerade machen sie Station in der Schweiz. Ab jetzt werden wir Lena und Jan  auf ihrer Tour begleiten. Doch das ist nur der Anfang&#8230;<\/p>\n","protected":false},"author":7,"featured_media":0,"comment_status":"open","ping_status":"open","sticky":false,"template":"","format":"standard","meta":{"footnotes":""},"categories":[25],"tags":[],"class_list":["post-54567","post","type-post","status-publish","format-standard","hentry","category-lifestyle"],"publishpress_future_action":{"enabled":false,"date":"2026-05-08 06:01:33","action":"change-status","newStatus":"draft","terms":[],"taxonomy":"category","extraData":[]},"publishpress_future_workflow_manual_trigger":{"enabledWorkflows":[]},"_links":{"self":[{"href":"https:\/\/www.die-stadtzeitung.de\/index.php\/wp-json\/wp\/v2\/posts\/54567","targetHints":{"allow":["GET"]}}],"collection":[{"href":"https:\/\/www.die-stadtzeitung.de\/index.php\/wp-json\/wp\/v2\/posts"}],"about":[{"href":"https:\/\/www.die-stadtzeitung.de\/index.php\/wp-json\/wp\/v2\/types\/post"}],"author":[{"embeddable":true,"href":"https:\/\/www.die-stadtzeitung.de\/index.php\/wp-json\/wp\/v2\/users\/7"}],"replies":[{"embeddable":true,"href":"https:\/\/www.die-stadtzeitung.de\/index.php\/wp-json\/wp\/v2\/comments?post=54567"}],"version-history":[{"count":25,"href":"https:\/\/www.die-stadtzeitung.de\/index.php\/wp-json\/wp\/v2\/posts\/54567\/revisions"}],"predecessor-version":[{"id":56273,"href":"https:\/\/www.die-stadtzeitung.de\/index.php\/wp-json\/wp\/v2\/posts\/54567\/revisions\/56273"}],"wp:attachment":[{"href":"https:\/\/www.die-stadtzeitung.de\/index.php\/wp-json\/wp\/v2\/media?parent=54567"}],"wp:term":[{"taxonomy":"category","embeddable":true,"href":"https:\/\/www.die-stadtzeitung.de\/index.php\/wp-json\/wp\/v2\/categories?post=54567"},{"taxonomy":"post_tag","embeddable":true,"href":"https:\/\/www.die-stadtzeitung.de\/index.php\/wp-json\/wp\/v2\/tags?post=54567"}],"curies":[{"name":"wp","href":"https:\/\/api.w.org\/{rel}","templated":true}]}}