{"id":53513,"date":"2022-07-19T09:11:30","date_gmt":"2022-07-19T07:11:30","guid":{"rendered":"https:\/\/www.die-stadtzeitung.de\/?p=53513"},"modified":"2022-07-20T15:11:49","modified_gmt":"2022-07-20T13:11:49","slug":"kuenstlerin-anna-timtchenko-das-schweigen-der-maenner","status":"publish","type":"post","link":"https:\/\/www.die-stadtzeitung.de\/index.php\/2022\/07\/19\/kuenstlerin-anna-timtchenko-das-schweigen-der-maenner\/","title":{"rendered":"K\u00fcnstlerin Anna Timtchenko: &#8218;Das Schweigen der M\u00e4nner&#8216;"},"content":{"rendered":"<div id=\"attachment_53515\" class=\"wp-caption alignnone\" style=\"max-width: 1034px;\"><img loading=\"lazy\" decoding=\"async\" class=\"size-large wp-image-53515\" src=\"\/wp-content\/uploads\/2022\/07\/Anna_Timtchenko-2-1024x753.jpeg\" alt=\"\" width=\"1024\" height=\"753\" \/><span class=\"wp-caption-text\">Anna Timtchenko wurde mit dem Stella-Baum-Preis ausgezeichnet. Eines ihrer Projekte stellt die Kunststudentin aktuell im Rektoratsgeb\u00e4ude der Bergischen Universit\u00e4t aus &#8211; \u00a9 Foto Marylen Reschop<\/span><\/div>\n<p>Geschlechterrollen und ihre mediale Vermittlung \u2013 dieses Thema greift Anna Timtchenko in ihren drei Projekten auf, f\u00fcr die sie mit dem Stella-Baum-Preis ausgezeichnet wurde. Neben den im Rektoratsgeb\u00e4ude ausgestellten Zeichnungen unter dem Titel \u201e\u00dcberMannen\u201c wurden auch die Arbeiten \u201eDas Schweigen der M\u00e4nner\u201c und \u201edad dogs\u201c ausgezeichnet.<\/p>\n<p>\u201eW\u00e4hrend viele feministisch forschende K\u00fcnstlerinnen die Bilder von Weiblichkeit und die vielf\u00e4ltigen Aufforderungen, die mit ihnen verbunden zu sein scheinen, in den Blick nehmen, wendet sich Anna Timtchenko explizit dem m\u00e4nnlichen Geschlecht zu\u201c, so Katja Pfeiffer, Professorin f\u00fcr k\u00fcnstlerische Praxis und Dekanin in der Fakult\u00e4t f\u00fcr Design und Kunst, \u00fcber die pr\u00e4mierte Studentin.<\/p>\n<h4>Unterschiedliche Quellen<\/h4>\n<p>Inspiration f\u00fcr die Zeichnungen, die Besucherinnen und Besucher in der aktuellen Ausstellung sehen k\u00f6nnen, fand Anna Timtchenko in ganz unterschiedlichen Quellen, darunter Dokumentationen und B\u00fccher \u2013 insbesondere feministische Literatur sowie Fachliteratur aus der Psychologie und der Geschlechterforschung.<\/p>\n<p>Aber auch der Austausch mit anderen Menschen und Ausstellungsbesuchern dienten als Grundlage f\u00fcr die Umsetzung.<\/p>\n<p>Bilder, Darstellungen, Wortwitze \u2013 all das sammelt Anna Timtchenko. Arbeitstitel und \u00dcberschriften \u2013 wie in diesem Fall \u201e\u00dcberMannen\u201c \u2013 dienen der B\u00fcndelung. Die Wortkombination ebenso wie die Zeichnungen halten eine Vielzahl von Assoziationen bereit, die zum Nachdenken \u00fcber Geschlechteridentit\u00e4ten und deren mediale Pr\u00e4senz anregen sollen.<span class=\"Apple-converted-space\">\u00a0<\/span><\/p>\n<p>Prof. Karja Pfeiffer: \u201eDie Betrachtenden werden in eine mal witzige, mal groteske und bisweilen obsz\u00f6ne Bildwelt gelockt, die ihre Leichtigkeit nur vort\u00e4uscht.\u201c<\/p>\n<p>Der Stella-Baum-Preis erm\u00f6glicht Kunststudierenden, ihre Arbeiten einem breiteren Publikum zu pr\u00e4sentieren. Er wird vom Rektorat der Universit\u00e4t mit Unterst\u00fctzung der Freunde und Alumni der Bergischen Universit\u00e4t e.V. (FABU) vergeben.<span class=\"Apple-converted-space\">\u00a0<\/span><\/p>\n<p>Der Preis wurde 2010 erstmals verliehen und ist nach der 2006 verstorbenen Wuppertaler Kunstsammlerin Stella Baum benannt, die auch Ehrenb\u00fcrgerin der Bergischen Universit\u00e4t ist.<\/p>\n","protected":false},"excerpt":{"rendered":"<p>Im Rektoratsgeb\u00e4ude der Bergischen Universit\u00e4t Wuppertal auf dem Campus Grifflenberg (Geb\u00e4ude B, Ebene 08) sind derzeit Kunstwerke von Anna Timtchenko zu sehen. Die Wuppertaler Kunststudentin ist aktuelle Tr\u00e4gerin des mit 2.500 Euro dotierten Stella-Baum-Preises.<\/p>\n","protected":false},"author":7,"featured_media":0,"comment_status":"open","ping_status":"open","sticky":false,"template":"","format":"standard","meta":{"footnotes":""},"categories":[29],"tags":[],"class_list":["post-53513","post","type-post","status-publish","format-standard","hentry","category-kultur"],"publishpress_future_action":{"enabled":false,"date":"2026-05-04 22:33:24","action":"change-status","newStatus":"draft","terms":[],"taxonomy":"category","extraData":[]},"publishpress_future_workflow_manual_trigger":{"enabledWorkflows":[]},"_links":{"self":[{"href":"https:\/\/www.die-stadtzeitung.de\/index.php\/wp-json\/wp\/v2\/posts\/53513","targetHints":{"allow":["GET"]}}],"collection":[{"href":"https:\/\/www.die-stadtzeitung.de\/index.php\/wp-json\/wp\/v2\/posts"}],"about":[{"href":"https:\/\/www.die-stadtzeitung.de\/index.php\/wp-json\/wp\/v2\/types\/post"}],"author":[{"embeddable":true,"href":"https:\/\/www.die-stadtzeitung.de\/index.php\/wp-json\/wp\/v2\/users\/7"}],"replies":[{"embeddable":true,"href":"https:\/\/www.die-stadtzeitung.de\/index.php\/wp-json\/wp\/v2\/comments?post=53513"}],"version-history":[{"count":2,"href":"https:\/\/www.die-stadtzeitung.de\/index.php\/wp-json\/wp\/v2\/posts\/53513\/revisions"}],"predecessor-version":[{"id":53516,"href":"https:\/\/www.die-stadtzeitung.de\/index.php\/wp-json\/wp\/v2\/posts\/53513\/revisions\/53516"}],"wp:attachment":[{"href":"https:\/\/www.die-stadtzeitung.de\/index.php\/wp-json\/wp\/v2\/media?parent=53513"}],"wp:term":[{"taxonomy":"category","embeddable":true,"href":"https:\/\/www.die-stadtzeitung.de\/index.php\/wp-json\/wp\/v2\/categories?post=53513"},{"taxonomy":"post_tag","embeddable":true,"href":"https:\/\/www.die-stadtzeitung.de\/index.php\/wp-json\/wp\/v2\/tags?post=53513"}],"curies":[{"name":"wp","href":"https:\/\/api.w.org\/{rel}","templated":true}]}}