{"id":53350,"date":"2022-07-11T14:06:30","date_gmt":"2022-07-11T12:06:30","guid":{"rendered":"https:\/\/www.die-stadtzeitung.de\/?p=53350"},"modified":"2022-07-11T14:06:59","modified_gmt":"2022-07-11T12:06:59","slug":"bigbands-fuellen-immanuellskirche-mit-klang","status":"publish","type":"post","link":"https:\/\/www.die-stadtzeitung.de\/index.php\/2022\/07\/11\/bigbands-fuellen-immanuellskirche-mit-klang\/","title":{"rendered":"Bigbands f\u00fcllen Immanuelskirche mit Klang"},"content":{"rendered":"<div id=\"attachment_53352\" class=\"wp-caption alignnone\" style=\"max-width: 1034px;\"><img loading=\"lazy\" decoding=\"async\" class=\"size-large wp-image-53352\" src=\"\/wp-content\/uploads\/2022\/07\/JugendJazzOrchester-NRW-2021-\u00a9-Rebecca-ter-Braak-2-1024x628.jpg\" alt=\"\" width=\"1024\" height=\"628\" \/><span class=\"wp-caption-text\">Das JugendJazzOrchester NRW &#8211; Rebecca ter Braak<\/span><\/div>\n<p>Die von &#8222;NEUSTART KULTUR&#8220; gef\u00f6rderte Reihe nutzt die St\u00e4rken des au\u00dfergew\u00f6hnlichen Veranstaltungsortes, der viel Volumen f\u00fcr Klang, Musiker und f\u00fcr \u00fcber 400 Besucher bietet.<\/p>\n<p>Insbesondere f\u00fcr ihren Klang ist die Kulturkirche bis ins benachbarte Ausland bekannt und hat alleine in diesem Jahr \u00fcber 150 Buchungen f\u00fcr Musikaufnahmen zu verzeichnen. Diese betreffen vor allem CD-Produktionen in der klassischen Musik. Die Akustik eignet sich auch hervorragend f\u00fcr den von Blechbl\u00e4sern dominierten Jazzorchester-Sound.<\/p>\n<p>Initiiert wird die Konzertreihe vom 2. Vorsitzenden des F\u00f6rdervereins Karl-Heinz Krauskopf, der als Musikproduzent und Musikliebhaber in der Szene tief verankert ist. Krauskopf treibt die Vision an, das Kulturzentrum Immanuel f\u00fcr gro\u00dfe Bands zu \u00f6ffnen und somit auch den Musikernachwuchs zu st\u00e4rken.<span class=\"Apple-converted-space\">\u00a0<\/span><\/p>\n<p>Aber nicht nur das: \u201eIch m\u00f6chte mit dem neuen Format Menschen j\u00fcngerer Generationen f\u00fcr Bigband Sound begeistern und das Interesse an dieser tollen und sehr vielf\u00e4ltigen, farbenfrohen Musikform wecken&#8220;, erkl\u00e4rt Karl-Heinz Krauskopf.<\/p>\n<div id=\"attachment_53355\" class=\"wp-caption alignnone\" style=\"max-width: 1034px;\"><img loading=\"lazy\" decoding=\"async\" class=\"size-large wp-image-53355\" src=\"\/wp-content\/uploads\/2022\/07\/\u00a9-khk-BigBand-Dorsten-2-1024x414.jpg\" alt=\"\" width=\"1024\" height=\"414\" \/><span class=\"wp-caption-text\">Die Bigband Dorsten &#8211; \u00a9 khk<\/span><\/div>\n<p>Damit der Besuch f\u00fcr junge Musikinteressierte erschwinglich ist, kosten die reduzierten Eintrittskarten der ersten drei Konzerte f\u00fcr Sch\u00fcler und Studierende jeweils 12 Euro (regul\u00e4r 18 Euro). Ein weiteres Plus ist die gute Nahverkehrsanbindung des Kulturzentrums f\u00fcr Besucher jeden Alters mit Bus, Bahn und Schwebebahn.<\/p>\n<p>Mit Blick auf ein junges Publikum ist es kein Zufall, dass das JugendJazzOrchester NRW am 12. August den Startschuss f\u00fcr \u201eIMMANUEL GOES BIGBAND\u201c gibt:<\/p>\n<p>Das JugendJazzOrchester NRW (JJO NRW) besteht seit 1975.<span class=\"Apple-converted-space\">\u00a0<\/span>Nordrhein-Westfalen war das erste Bundesland, das mit Unterst\u00fctzung des damaligen Ministerpr\u00e4sidenten Johannes Rau ein Landesjugendjazzorchester einrichtete und f\u00f6rderte. Viele ehemalige Mitglieder dieses Landesensembles spielen heute in etablierten Orchestern, darunter die Big Bands des Westdeutschen und des Norddeutschen Rundfunks.<\/p>\n<p>Einen Namen machte sich die Bigband u.a. durch ausgefallene und innovative Projekte. Dazu geh\u00f6rt insbesondere die Zusammenarbeit mit klassischen Orchestern. Als Repr\u00e4sentant des Landes NRW gibt das JJO NRW Konzerte auf der ganzen Welt. <a href=\"http:\/\/www.jjonrw.de\/\">http:\/\/www.jjonrw.de<\/a><\/p>\n<div id=\"attachment_53356\" class=\"wp-caption alignnone\" style=\"max-width: 1034px;\"><img loading=\"lazy\" decoding=\"async\" class=\"size-large wp-image-53356\" src=\"\/wp-content\/uploads\/2022\/07\/\u00a9BIGBANDMUeHLHEIM-BANDFIRE-2-1024x422.jpg\" alt=\"\" width=\"1024\" height=\"422\" \/><span class=\"wp-caption-text\">Bigband M\u00fchlheim-Bandfire &#8211; \u00a9 Bigband M\u00fchlheim-Bandfire<\/span><\/div>\n<p><b>Termin:<\/b><\/p>\n<p><b>\u201eIMMANUEL GOES BIGBAND\u201c<\/b><\/p>\n<p>JugendJazzOrchester NRW (JJO NRW)<\/p>\n<p>Freitag &#8211; 12.08.2022 &#8211; 20:00 Uhr<\/p>\n<p>Tickets: 18,- \u20ac \/ erm. 12,- \u20ac bei Wuppertal-Live<\/p>\n<p>&nbsp;<\/p>\n<p><b>Weitere Termine \u201eIMMANUEL GOES BIGBAND\u201c:<\/b><\/p>\n<p>Samstag &#8211; 08.10.2022 &#8211; 20:00 Uhr<\/p>\n<p><b>Bigband Dorsten<\/b><\/p>\n<p>Konzertdauer &#8211;\u00a02 Sets \u00e0 ca. 45 Min.<\/p>\n<p>Leitung:\u00a0Hans Christian D\u00f6rrscheidt (+ Klarinette) &amp; Stephan Jochen Schulze (+ Posaune)<\/p>\n<p>Gast: Greetje Kauffeld (Gesang)<\/p>\n<p>Tickets:\u00a018,- \u20ac \/ erm. 12,- \u20ac bei Wuppertal-Live<\/p>\n<p>&nbsp;<\/p>\n<p>Donnerstag &#8211; 20.10.2022 &#8211; 20:00 Uhr<\/p>\n<p><b>BANDFIRE<\/b> <b>\u2013 Bigband M\u00fchlheim<\/b><\/p>\n<p>Konzertdauer:\u00a02 Sets \u00e0 ca. 45 Min.<\/p>\n<p>Leitung: Stefan H\u00fcfner<\/p>\n<p>G\u00e4ste: Silvia Droste (Gesang) &#8211; Ryan Carniaux (Trompete) &#8211; Werner Neumann (Gitarre) &#8211; Mickey Neher (Gesang u. Schlagzeug)<\/p>\n<p>Tickets: 18,- \u20ac \/ erm. 12,- \u20ac bei Wuppertal-Live<\/p>\n<p>&nbsp;<\/p>\n<p>Freitag &#8211; 11.11.2022 &#8211; 20:00 Uhr<\/p>\n<p><b>WDR Bigband<\/b><\/p>\n<p>Konzertdauer:\u00a02 Sets \u00e0 45 Minuten<\/p>\n<p>Leitung:\u00a0Marshall Gilkes (+Posaune)<\/p>\n<p>&nbsp;<\/p>\n<p><b>Kulturzentrum Immanuel<\/b><\/p>\n<p>Sternstra\u00dfe 73<\/p>\n<p>42275 Wuppertal<\/p>\n<p><a href=\"http:\/\/www.immanuelskirche.de\/\">www.immanuelskirche.de<\/a><\/p>\n","protected":false},"excerpt":{"rendered":"<p>In der Immanuelskirche tut sich musikalisch Gro\u00dfes! Nach den Sommerferien startet dort die Reihe \u201eIMMANUEL GOES BIGBAND\u201c. Den Anfang von zun\u00e4chst vier Konzerten macht am Freitag (12.08.) das JJO JugendJazzOrchester NRW.<\/p>\n","protected":false},"author":7,"featured_media":0,"comment_status":"open","ping_status":"open","sticky":false,"template":"","format":"standard","meta":{"footnotes":""},"categories":[29],"tags":[],"class_list":["post-53350","post","type-post","status-publish","format-standard","hentry","category-kultur"],"publishpress_future_action":{"enabled":false,"date":"2026-05-07 02:03:04","action":"change-status","newStatus":"draft","terms":[],"taxonomy":"category","extraData":[]},"publishpress_future_workflow_manual_trigger":{"enabledWorkflows":[]},"_links":{"self":[{"href":"https:\/\/www.die-stadtzeitung.de\/index.php\/wp-json\/wp\/v2\/posts\/53350","targetHints":{"allow":["GET"]}}],"collection":[{"href":"https:\/\/www.die-stadtzeitung.de\/index.php\/wp-json\/wp\/v2\/posts"}],"about":[{"href":"https:\/\/www.die-stadtzeitung.de\/index.php\/wp-json\/wp\/v2\/types\/post"}],"author":[{"embeddable":true,"href":"https:\/\/www.die-stadtzeitung.de\/index.php\/wp-json\/wp\/v2\/users\/7"}],"replies":[{"embeddable":true,"href":"https:\/\/www.die-stadtzeitung.de\/index.php\/wp-json\/wp\/v2\/comments?post=53350"}],"version-history":[{"count":4,"href":"https:\/\/www.die-stadtzeitung.de\/index.php\/wp-json\/wp\/v2\/posts\/53350\/revisions"}],"predecessor-version":[{"id":53358,"href":"https:\/\/www.die-stadtzeitung.de\/index.php\/wp-json\/wp\/v2\/posts\/53350\/revisions\/53358"}],"wp:attachment":[{"href":"https:\/\/www.die-stadtzeitung.de\/index.php\/wp-json\/wp\/v2\/media?parent=53350"}],"wp:term":[{"taxonomy":"category","embeddable":true,"href":"https:\/\/www.die-stadtzeitung.de\/index.php\/wp-json\/wp\/v2\/categories?post=53350"},{"taxonomy":"post_tag","embeddable":true,"href":"https:\/\/www.die-stadtzeitung.de\/index.php\/wp-json\/wp\/v2\/tags?post=53350"}],"curies":[{"name":"wp","href":"https:\/\/api.w.org\/{rel}","templated":true}]}}