{"id":53116,"date":"2022-06-25T13:23:35","date_gmt":"2022-06-25T11:23:35","guid":{"rendered":"https:\/\/www.die-stadtzeitung.de\/?p=53116"},"modified":"2022-07-02T11:52:47","modified_gmt":"2022-07-02T09:52:47","slug":"uni-bietet-designcamp-in-den-sommerferien-an","status":"publish","type":"post","link":"https:\/\/www.die-stadtzeitung.de\/index.php\/2022\/06\/25\/uni-bietet-designcamp-in-den-sommerferien-an\/","title":{"rendered":"Uni bietet Designcamp in den Sommerferien an"},"content":{"rendered":"<div id=\"attachment_53119\" class=\"wp-caption alignnone\" style=\"max-width: 889px;\"><img loading=\"lazy\" decoding=\"async\" class=\" wp-image-53119\" src=\"\/wp-content\/uploads\/2022\/06\/Designcamp_Sommer2022-2.jpeg\" alt=\"\" width=\"879\" height=\"572\" \/><span class=\"wp-caption-text\">Im Designcamp entwickeln die Teilnehmenden ihr eigenes Produkt &#8211; \u00a9 Foto uwid<\/span><\/div>\n<p>An den f\u00fcnf Tagen lernen die Teilnehmenden den Designprozess von Produkten im Schnelldurchlauf kennen. Interessierte m\u00fcssen keine Vorkenntnisse mitbringen, nur eine Portion Neugier und Lust, sich mit Design zu besch\u00e4ftigen. Anmeldung ab sofort unter zdi-best.de\/kursanmeldung. Die Pl\u00e4tze sind begrenzt!<\/p>\n<p>Im Rahmen des f\u00fcnft\u00e4gigen Designcamps erfinden die Teilnehmenden ihr eigenes Produkt und gestalten es bis zum fertigen Modell. Vermittelt werden dabei die vielf\u00e4ltigen Techniken zur Entwicklung und Herstellung der unterschiedlichsten Industrieprodukte. Au\u00dferdem erhalten die Teilnehmenden so einen intensiven Einblick in das Studium Industrial Design an der Bergischen Universit\u00e4t Wuppertal.<\/p>\n<p>Auf dem Stundenplan stehen zudem Vortr\u00e4ge von Lehrenden zu verschiedenen Themen. Dabei werden vor allem die verschiedenen Gestaltungsschritte unter die Lupe genommen: von der Recherche \u00fcber die Konzeption bis zum Prototypenbau und der Kommunikation \u00fcber das fertige Produkt.<\/p>\n<p>Am letzten Tag wird es eine gemeinsame Abschlusspr\u00e4sentation geben. Begleitet werden die Teilnehmenden \u00fcber die gesamte Zeit von Studierenden und Lehrenden des Studiengangs Industrial Design.<\/p>\n<p><a href=\"https:\/\/zdi-best.de\/kursanmeldung\">https:\/\/zdi-best.de\/kursanmeldung<\/a><\/p>\n<p><a href=\"http:\/\/www.uwid.de\/\">http:\/\/www.uwid.de\/<\/a><\/p>\n","protected":false},"excerpt":{"rendered":"<p>Der Studiengang Industrial Design der Bergischen Universit\u00e4t veranstaltet in der dritten Woche der Sommerferien (11. bis 15. Juli) in Kooperation mit dem zdi-Zentrum BeST \u2013 Bergisches Schul-Technikum ein Designcamp. Es richtet sich an Design-Interessierte zwischen 15 und 20 Jahren und ist kostenlos.<\/p>\n","protected":false},"author":7,"featured_media":0,"comment_status":"open","ping_status":"open","sticky":false,"template":"","format":"standard","meta":{"footnotes":""},"categories":[27],"tags":[],"class_list":["post-53116","post","type-post","status-publish","format-standard","hentry","category-wissen"],"publishpress_future_action":{"enabled":false,"date":"2026-05-09 12:05:44","action":"change-status","newStatus":"draft","terms":[],"taxonomy":"category","extraData":[]},"publishpress_future_workflow_manual_trigger":{"enabledWorkflows":[]},"_links":{"self":[{"href":"https:\/\/www.die-stadtzeitung.de\/index.php\/wp-json\/wp\/v2\/posts\/53116","targetHints":{"allow":["GET"]}}],"collection":[{"href":"https:\/\/www.die-stadtzeitung.de\/index.php\/wp-json\/wp\/v2\/posts"}],"about":[{"href":"https:\/\/www.die-stadtzeitung.de\/index.php\/wp-json\/wp\/v2\/types\/post"}],"author":[{"embeddable":true,"href":"https:\/\/www.die-stadtzeitung.de\/index.php\/wp-json\/wp\/v2\/users\/7"}],"replies":[{"embeddable":true,"href":"https:\/\/www.die-stadtzeitung.de\/index.php\/wp-json\/wp\/v2\/comments?post=53116"}],"version-history":[{"count":4,"href":"https:\/\/www.die-stadtzeitung.de\/index.php\/wp-json\/wp\/v2\/posts\/53116\/revisions"}],"predecessor-version":[{"id":53121,"href":"https:\/\/www.die-stadtzeitung.de\/index.php\/wp-json\/wp\/v2\/posts\/53116\/revisions\/53121"}],"wp:attachment":[{"href":"https:\/\/www.die-stadtzeitung.de\/index.php\/wp-json\/wp\/v2\/media?parent=53116"}],"wp:term":[{"taxonomy":"category","embeddable":true,"href":"https:\/\/www.die-stadtzeitung.de\/index.php\/wp-json\/wp\/v2\/categories?post=53116"},{"taxonomy":"post_tag","embeddable":true,"href":"https:\/\/www.die-stadtzeitung.de\/index.php\/wp-json\/wp\/v2\/tags?post=53116"}],"curies":[{"name":"wp","href":"https:\/\/api.w.org\/{rel}","templated":true}]}}