{"id":53029,"date":"2022-06-24T09:06:43","date_gmt":"2022-06-24T07:06:43","guid":{"rendered":"https:\/\/www.die-stadtzeitung.de\/?p=53029"},"modified":"2022-06-24T17:08:35","modified_gmt":"2022-06-24T15:08:35","slug":"rimini-protokoll-bei-stadtperformance-remote-wuppertal","status":"publish","type":"post","link":"https:\/\/www.die-stadtzeitung.de\/index.php\/2022\/06\/24\/rimini-protokoll-bei-stadtperformance-remote-wuppertal\/","title":{"rendered":"&#8218;Rimini Protokoll&#8216; Gast bei &#8218;Remote Wuppertal&#8216;"},"content":{"rendered":"<div id=\"attachment_53031\" class=\"wp-caption alignnone\" style=\"max-width: 1034px;\"><img loading=\"lazy\" decoding=\"async\" class=\"size-large wp-image-53031\" src=\"\/wp-content\/uploads\/2022\/06\/Rimini-Protokoll-Remote-Kiev-\u00a9-Anastasiia-Fateeva-2-1024x715.jpg\" alt=\"\" width=\"1024\" height=\"715\" \/><span class=\"wp-caption-text\">Impressionen vom &#8222;Rimini Protokoll &#8211; Remote Kiew3&#8220; &#8211; \u00a9 Anastasiia Fateeva<\/span><\/div>\n<p>Das Kollektiv l\u00e4dt B\u00fcrgerinnen und B\u00fcrger der Stadt ein zu einer kollektiven Audiotour, konzipiert von Stefan Kaegi und in der Regie von J\u00f6rg Karrenbauer.<\/p>\n<p>Die Audiotour &#8222;Remote X&#8220; beginnt auf einem Friedhof und verbindet das zuk\u00fcnftige Pina Bausch Zentrum mit vielen Orten in Wuppertal. Eine Gruppe von 50 Menschen, ausgestattet mit Kopfh\u00f6rern, bricht in die Stadt auf. Geleitet werden sie von einer k\u00fcnstlichen Stimme, wie man sie von Navigationssystemen kennt.<span class=\"Apple-converted-space\">\u00a0<\/span><\/p>\n<p>Unterwegs vertonen Kunstkopf-Aufnahmen und filmische Kompositionen die urbane Landschaft. Die Reise durch die Stadt sieht von au\u00dfen oft aus wie eine pr\u00e4zise getimte Choreografie und f\u00fchlt sich von innen mehr und mehr an wie ein kollektiver Film.<span class=\"Apple-converted-space\">\u00a0<\/span><\/p>\n<div id=\"attachment_53033\" class=\"wp-caption alignnone\" style=\"max-width: 662px;\"><img loading=\"lazy\" decoding=\"async\" class=\" wp-image-53033\" src=\"\/wp-content\/uploads\/2022\/06\/Rimini-Protokoll-Remote-Al-Ula-\u00a9-MMG-2-1024x609.jpeg\" alt=\"\" width=\"652\" height=\"388\" \/><span class=\"wp-caption-text\">&#8222;Rimini Protokoll &#8211; Remote Al-Ila&#8220; &#8211; \u00a9 MMG<\/span><\/div>\n<p>Das Projekt bewegt sich als mobiles Forschungslabor von Stadt zu Stadt. Nach ortsspezifischen Varianten u.a. in Lissabon, London, Santiago de Chile, Avignon, Bangalore, S\u00e3o Paolo, New York, Z\u00fcrich, Basel, Wien und Le Havre wird eine spezielle Version f\u00fcr Wuppertal entwickelt. Unter dem Titel Remote Wuppertal werden K\u00f6rper, Bewegungen und Achsen in der Stadt, Adern zwischen dem Schauspielhaus und zuk\u00fcnftigen Pina Bausch Zentrum sowie unterschiedlichsten Orten Wuppertals erkundet.<span class=\"Apple-converted-space\">\u00a0<\/span><\/p>\n<p>&#8222;Remote Wuppertal&#8220; stellt die Frage nach k\u00fcnstlicher Intelligenz, Big Data und unserer eigenen Vorhersagbarkeit.<\/p>\n<p>Konzept, Script und Regie: Stefan Kaegi; Script und Regie vor Ort: J\u00f6rg Karrenbauer; Sound Design Konzept: Nikolas Neecke; Sounddesign vor Ort: Karolin Killig, Florian Wulff; Dramaturgie: Aljoscha Begrich, Juliane M\u00e4nnel; Produktionsleitung: Monica Ferrari, Barbara Falter; Technische Leitung vor Ort: J\u00f6rg Ramershoven; Regieassistenz: Marvin Neidhardt<\/p>\n<div id=\"attachment_53034\" class=\"wp-caption alignnone\" style=\"max-width: 661px;\"><img loading=\"lazy\" decoding=\"async\" class=\" wp-image-53034\" src=\"\/wp-content\/uploads\/2022\/06\/Rimini-Protokoll-Remote-Taipei-\u00a9-Lafun-Photography-1024x683.jpg\" alt=\"\" width=\"651\" height=\"434\" \/><span class=\"wp-caption-text\">&#8222;Rimini Protokoll &#8211; Remote Taipei&#8220; &#8211; \u00a9 Lafun-Photography<\/span><\/div>\n<p>\u201eRemote X\u201c ist eine Produktion von Rimini Apparat in Koproduktion mit HAU Hebbel am Ufer Berlin, Maria Matos Teatro Municipal und dem Goethe-Institut Portugal, Festival Theaterformen Hannover\/Braunschweig, Festival d\u2019Avignon, Z\u00fcrcher Theater Spektakel, Kaserne Basel. Die Produktion wird gef\u00f6rdert aus Mitteln des Hauptstadtkulturfonds Berlin und unterst\u00fctzt von der Schweizer Kulturstiftung Pro Helvetia.<\/p>\n<p>\u201eRemote X\u201c entsteht in Koproduktion mit House on Fire und mit Unterst\u00fctzung des Kulturprogramms der Europ\u00e4ischen Union. Remote Wuppertal ist ein Beitrag zur Vorbereitung des Pina Bausch Zentrums und wird aus Mitteln der Beauftragten der Bundesregierung f\u00fcr Kultur und Medien, des Ministeriums f\u00fcr Kultur und Wissenschaft des Landes Nordrhein-Westfalen und der Stadt Wuppertal gef\u00f6rdert.<\/p>\n<div id=\"attachment_53035\" class=\"wp-caption alignnone\" style=\"max-width: 661px;\"><img loading=\"lazy\" decoding=\"async\" class=\" wp-image-53035\" src=\"\/wp-content\/uploads\/2022\/06\/Rimini-Protokoll-Remote-Belgrad-\u00a9-Sonja-Zugic-1024x686.jpg\" alt=\"\" width=\"651\" height=\"436\" \/><span class=\"wp-caption-text\">&#8222;Rimini Protokoll &#8211; Remote Belgrad &#8211; \u00a9 Sonja Zugig<span style=\"font-size: 16px;\">\u00a0<\/span><\/span><\/div>\n<h4>&#8222;REMOTE WUPPERTAL&#8220; \u2013 Ablauf, Tickets, Termine:<\/h4>\n<p>Die Audiotour beginnt am Evangelischen Friedhof Sonnborn, Kirchhofstr. 32, 42327 Wuppertal. Start- und Endpunkt der Tour sind nicht identisch. Es wird empfohlen mit dem \u00d6PNV anzureisen.<\/p>\n<p>Bitte seien Sie mindestens 15 Minuten vor Beginn am Startpunkt. Die Audiotour dauert ca. 110 Minuten (keine Pause). L\u00e4ngere Fu\u00dfwege sind Teil der Veranstaltung. Karten k\u00f6nnen nur im Vorverkauf erworben werden. Schulklassen, Gruppen und Familien sind willkommen.<\/p>\n<p>Empfohlene Altersgruppe: ab 9 Jahren<\/p>\n<p>Vorverkaufsbeginn: 23. Juni, 10 Uhr<\/p>\n<p>Tickets: Kulturkarte Wuppertal, Kirchplatz 1, 42103 Wuppertal, Tickethotline 0202 563 7666, <a href=\"http:\/\/www.kulturkarte-wuppertal.de\/\">www.kulturkarte-wuppertal.de<\/a><\/p>\n<p>Preise: 15 \u20ac normal \/ 7,50 \u20ac erm\u00e4\u00dfigt (Studierende bis 27 Jahre\/ Bundesfreiwillige\/ Arbeitslose) \/ 5 \u20ac f\u00fcr Kinder &amp; Sch\u00fcler*innen (bis 18 Jahre)<\/p>\n<p>Die Veranstaltung ist nicht barrierefrei. Personen mit eingeschr\u00e4nkter Mobilit\u00e4t k\u00f6nnen sich f\u00fcr weitere Informationen wenden an: <a href=\"mailto:underconstruction@pina-bausch.de\">underconstruction@pina-bausch.de<\/a><\/p>\n<p><strong>Termine:<span class=\"Apple-converted-space\">\u00a0<\/span><\/strong><\/p>\n<p>Remote Wuppertal ist an manchen Tagen kombinierbar mit Auff\u00fchrungen von \u00c1gua des Tanztheater Wuppertal Pina Bausch im Opernhaus.<\/p>\n<p>Donnerstag &#8211; 01.09.2022 &#8211; 18:00 (PREMIERE) + englische Version<\/p>\n<p>Freitag &#8211; 02.09.2022 &#8211; 18:00 <span class=\"Apple-converted-space\">\u00a0<\/span><\/p>\n<p>Samstag &#8211; 03.09.2022 &#8211; 18:00 <span class=\"Apple-converted-space\">\u00a0<\/span><\/p>\n<p>Donnerstag &#8211; 08.09.2022 &#8211; 18:00<\/p>\n<p>Freitag &#8211; 09.09.2022 &#8211; 18:00<\/p>\n<p>Samstag &#8211; 10.09.2022 &#8211; 18:00<span class=\"Apple-converted-space\">\u00a0<\/span><\/p>\n<p>Donnerstag &#8211; 15.09.2022 &#8211; 18:00<span class=\"Apple-converted-space\">\u00a0<\/span><\/p>\n<p>Freitag, -16.09.2022 &#8211; 18:00<span class=\"Apple-converted-space\">\u00a0<\/span><\/p>\n<p>Samstag &#8211; 17.09.2022 \u00a0&#8211; 17:00 + englische Version<\/p>\n<p>Samstag &#8211; 17.09.2022 &#8211; 19:30 Uhr \u00c1gua \u2013 Ein St\u00fcck von Pina Bausch<\/p>\n<p>Donnerstag &#8211; \u00a022.09.2022 &#8211; 18:00<\/p>\n<p>Freitag &#8211; 23.09.2022 &#8211; 17:00<span class=\"Apple-converted-space\">\u00a0<\/span><\/p>\n<p>Freitag &#8211; 23.09.2022- 19:30 Uhr \u00c1gua \u2013 Ein St\u00fcck von Pina Bausch<\/p>\n<p>Samstag &#8211; 24.09.2022 &#8211; 17:00 + englische Version<\/p>\n<p>Samstag &#8211; 24.09.2022 &#8211; 19:30 Uhr \u00c1gua \u2013 Ein St\u00fcck von Pina Bausch<\/p>\n<p>Donnerstag &#8211; 29.09.2022 &#8211; 17:30 <span class=\"Apple-converted-space\">\u00a0<\/span><\/p>\n<p>Freitag &#8211; 30.09.2022 &#8211; 17:30<span class=\"Apple-converted-space\">\u00a0<\/span><\/p>\n<p><i>Weitere Vorstellungstermine im Oktober folgen.<\/i><\/p>\n<p><strong>Weitere Informationen:<\/strong><br \/>\n<a href=\"https:\/\/www.rimini-protokoll.de\/\">www.rimini-protokoll.de<\/a><\/p>\n<p><a href=\"http:\/\/www.under-construction-wuppertal.de\/\">www.under-construction-wuppertal.de<\/a><\/p>\n<p><a href=\"http:\/\/www.pinabauschzentrum.de\/\">www.pinabauschzentrum.de<\/a><\/p>\n","protected":false},"excerpt":{"rendered":"<p>Im Rahmen der Vorlaufphase zum zuk\u00fcnftigen Pina Bausch Zentrum unter Leitung von Bettina Milz ist das weltweit bekannte und mehrfach ausgezeichnete K\u00fcnstlerkollektiv Rimini Protokoll im September und Oktober mit der Stadtperformance &#8222;Remote X&#8220; zu Gast in Wuppertal.\u00a0<\/p>\n","protected":false},"author":7,"featured_media":0,"comment_status":"open","ping_status":"open","sticky":false,"template":"","format":"standard","meta":{"footnotes":""},"categories":[29],"tags":[],"class_list":["post-53029","post","type-post","status-publish","format-standard","hentry","category-kultur"],"publishpress_future_action":{"enabled":false,"date":"2026-05-09 10:07:44","action":"change-status","newStatus":"draft","terms":[],"taxonomy":"category","extraData":[]},"publishpress_future_workflow_manual_trigger":{"enabledWorkflows":[]},"_links":{"self":[{"href":"https:\/\/www.die-stadtzeitung.de\/index.php\/wp-json\/wp\/v2\/posts\/53029","targetHints":{"allow":["GET"]}}],"collection":[{"href":"https:\/\/www.die-stadtzeitung.de\/index.php\/wp-json\/wp\/v2\/posts"}],"about":[{"href":"https:\/\/www.die-stadtzeitung.de\/index.php\/wp-json\/wp\/v2\/types\/post"}],"author":[{"embeddable":true,"href":"https:\/\/www.die-stadtzeitung.de\/index.php\/wp-json\/wp\/v2\/users\/7"}],"replies":[{"embeddable":true,"href":"https:\/\/www.die-stadtzeitung.de\/index.php\/wp-json\/wp\/v2\/comments?post=53029"}],"version-history":[{"count":4,"href":"https:\/\/www.die-stadtzeitung.de\/index.php\/wp-json\/wp\/v2\/posts\/53029\/revisions"}],"predecessor-version":[{"id":53038,"href":"https:\/\/www.die-stadtzeitung.de\/index.php\/wp-json\/wp\/v2\/posts\/53029\/revisions\/53038"}],"wp:attachment":[{"href":"https:\/\/www.die-stadtzeitung.de\/index.php\/wp-json\/wp\/v2\/media?parent=53029"}],"wp:term":[{"taxonomy":"category","embeddable":true,"href":"https:\/\/www.die-stadtzeitung.de\/index.php\/wp-json\/wp\/v2\/categories?post=53029"},{"taxonomy":"post_tag","embeddable":true,"href":"https:\/\/www.die-stadtzeitung.de\/index.php\/wp-json\/wp\/v2\/tags?post=53029"}],"curies":[{"name":"wp","href":"https:\/\/api.w.org\/{rel}","templated":true}]}}