{"id":52647,"date":"2022-06-09T12:31:44","date_gmt":"2022-06-09T10:31:44","guid":{"rendered":"https:\/\/www.die-stadtzeitung.de\/?p=52647"},"modified":"2022-06-09T12:31:44","modified_gmt":"2022-06-09T10:31:44","slug":"tanja-heinze-lesung-im-kindercafe-bimbilandia","status":"publish","type":"post","link":"https:\/\/www.die-stadtzeitung.de\/index.php\/2022\/06\/09\/tanja-heinze-lesung-im-kindercafe-bimbilandia\/","title":{"rendered":"Tanja Heinze: Lesung im Kindercaf\u00e9 Bimbilandia"},"content":{"rendered":"<div id=\"attachment_52654\" class=\"wp-caption alignnone\" style=\"max-width: 1034px;\"><img loading=\"lazy\" decoding=\"async\" class=\"size-large wp-image-52654\" src=\"\/wp-content\/uploads\/2022\/06\/3b896f39-e74e-432d-9a8a-c16e05e1e54e-2-1024x1006.jpg\" alt=\"\" width=\"1024\" height=\"1006\" \/><span class=\"wp-caption-text\">Tanja Heinze und Jacqueline V. Droullier mit ihrem gemeinsamen Kinderbuch &#8211; \u00a9 privat<\/span><\/div>\n<p>Die beiden erfolgreichen Autorinnen lesen Ausz\u00fcge aus ihrem Kinderbuch &#8222;Fabian und die Wellenfrau&#8220; und lassen die Kinder ab sechs Jahren dort selbst zu Wort kommen. Und wenn es schon kunterbunt wird, dann soll es auch eine kunterbunte \u00dcberraschung geben&#8230;<\/p>\n<p>Das Kinderfest, bei dem nat\u00fcrlich auch alle M\u00fctter und V\u00e4ter herzlich willkommen sind, ist kostenfrei.<\/p>\n<p>Tanja Heinze: &#8222;Jacqueline und ich freuen uns sehr \u00fcber die Einladung von Adriana Fricana vom Kindercaf\u00e9 Bimbilandia. Eine Lesung f\u00fcr Kinder ist etwas ganz Neues f\u00fcr mich, aber ich liebe Kinder und freue mich sehr darauf!&#8220;<\/p>\n<p>Im Kindercaf\u00e9 Bimbilandia gibt es f\u00fcr Kinder jeden Alters eine Menge zu entdecken, und auch die M\u00fctter lieben den gemeinsamen Plausch und genie\u00dfen dabei ein leckeres Fr\u00fchst\u00fcck oder auch nur eine Tasse Kaffee.<span class=\"Apple-converted-space\">\u00a0<\/span><\/p>\n<div id=\"attachment_52651\" class=\"wp-caption alignnone\" style=\"max-width: 384px;\"><img loading=\"lazy\" decoding=\"async\" class=\"wp-image-52651 \" src=\"\/wp-content\/uploads\/2022\/06\/a4d5fa24-7e3a-41f0-b0d1-ce6beb65f1df-1024x831.jpg\" alt=\"\" width=\"374\" height=\"303\" \/><span class=\"wp-caption-text\">Das Buch &#8222;Fabian und die Wellenfrau&#8220; in kindgerechter Deko &#8211; \u00a9 privat<\/span><\/div>\n<h4>\u00dcber das Kinderbuch &#8222;Fabian und die Wellenfrau&#8220;<\/h4>\n<p>Der achtj\u00e4hrige Junge Fabian sucht Freunde, weil er eher sch\u00fcchtern ist und auch manchmal \u00e4ngstlich. Besonders f\u00fcrchtet er sich vor den Flutwellen, den Bergen aus Wasser, die den Strand und das Land \u00fcberschwemmen. Doch dann erlebt er ein Abenteuer, das ihn seine Angst \u00fcberwinden l\u00e4sst: Er begegnet der geheimnisvollen Wellenfrau!<\/p>\n<p><strong>Termin:<\/strong><\/p>\n<h4>&#8222;Fabian und die Wellenfrau&#8220;<\/h4>\n<p>Kinderlesung<\/p>\n<p><strong>Tanja Heinze &amp; Jacqueline V. Droullier<\/strong><\/p>\n<p>Dienstag &#8211; 21.06.2022 &#8211; 16 &#8211; 18 Uhr<\/p>\n<p>Kindercaf\u00e9 Bimbilandia &#8211; Klosterstr. 2 &#8211; 42553 Velbert-Neviges<\/p>\n<p>Gerne signieren Autorin und Illustratorin im Anschluss B\u00fccher, die nat\u00fcrlich dort erh\u00e4ltlich sind.<\/p>\n","protected":false},"excerpt":{"rendered":"<p>Wenn die Nordsee frischen Wind ins zauberhafte Kindercaf\u00e9 Bimbilandia in Velbert-Neviges bringt! Die Autorinnen Tanja Heinze und Jacqueline V. Droullier haben ein gemeinsames Kinderbuch auf den Markt gebracht: &#8222;Fabian und die Wellenfrau&#8220; (Wir berichteten). Am 21. Juni gestalten Tanja Heinze und J.V. Droullier dort einen kunterbunten Nachmittag.<\/p>\n","protected":false},"author":7,"featured_media":0,"comment_status":"open","ping_status":"open","sticky":false,"template":"","format":"standard","meta":{"footnotes":""},"categories":[29],"tags":[],"class_list":["post-52647","post","type-post","status-publish","format-standard","hentry","category-kultur"],"publishpress_future_action":{"enabled":false,"date":"2026-05-06 06:46:33","action":"change-status","newStatus":"draft","terms":[],"taxonomy":"category","extraData":[]},"publishpress_future_workflow_manual_trigger":{"enabledWorkflows":[]},"_links":{"self":[{"href":"https:\/\/www.die-stadtzeitung.de\/index.php\/wp-json\/wp\/v2\/posts\/52647","targetHints":{"allow":["GET"]}}],"collection":[{"href":"https:\/\/www.die-stadtzeitung.de\/index.php\/wp-json\/wp\/v2\/posts"}],"about":[{"href":"https:\/\/www.die-stadtzeitung.de\/index.php\/wp-json\/wp\/v2\/types\/post"}],"author":[{"embeddable":true,"href":"https:\/\/www.die-stadtzeitung.de\/index.php\/wp-json\/wp\/v2\/users\/7"}],"replies":[{"embeddable":true,"href":"https:\/\/www.die-stadtzeitung.de\/index.php\/wp-json\/wp\/v2\/comments?post=52647"}],"version-history":[{"count":5,"href":"https:\/\/www.die-stadtzeitung.de\/index.php\/wp-json\/wp\/v2\/posts\/52647\/revisions"}],"predecessor-version":[{"id":52656,"href":"https:\/\/www.die-stadtzeitung.de\/index.php\/wp-json\/wp\/v2\/posts\/52647\/revisions\/52656"}],"wp:attachment":[{"href":"https:\/\/www.die-stadtzeitung.de\/index.php\/wp-json\/wp\/v2\/media?parent=52647"}],"wp:term":[{"taxonomy":"category","embeddable":true,"href":"https:\/\/www.die-stadtzeitung.de\/index.php\/wp-json\/wp\/v2\/categories?post=52647"},{"taxonomy":"post_tag","embeddable":true,"href":"https:\/\/www.die-stadtzeitung.de\/index.php\/wp-json\/wp\/v2\/tags?post=52647"}],"curies":[{"name":"wp","href":"https:\/\/api.w.org\/{rel}","templated":true}]}}