{"id":52488,"date":"2022-06-05T12:45:58","date_gmt":"2022-06-05T10:45:58","guid":{"rendered":"https:\/\/www.die-stadtzeitung.de\/?p=52488"},"modified":"2022-06-07T13:25:40","modified_gmt":"2022-06-07T11:25:40","slug":"tatsuo-miyajimi-kunstwerke-aus-spiegelfolie","status":"publish","type":"post","link":"https:\/\/www.die-stadtzeitung.de\/index.php\/2022\/06\/05\/tatsuo-miyajimi-kunstwerke-aus-spiegelfolie\/","title":{"rendered":"Tatsuo Miyajimi: Kunstwerke aus Spiegelfolie"},"content":{"rendered":"<div id=\"attachment_52491\" class=\"wp-caption alignnone\" style=\"max-width: 1034px;\"><img loading=\"lazy\" decoding=\"async\" class=\"wp-image-52491 size-large\" src=\"\/wp-content\/uploads\/2022\/06\/IMG_0224-2-1024x852.jpg\" alt=\"\" width=\"1024\" height=\"852\" \/><span class=\"wp-caption-text\">Tony Cragg (l.), weltber\u00fchmter Bildhauer und Hausherr des Skulpturenparks Waldfrieden, mit dem japanischen K\u00fcnstler Tatsuo Miyajimi &#8211; \u00a9 Ralf Silberkuhl<\/span><\/div>\n<p><b><\/b>Die Glasfassade der Ausstellungshalle im unteren Parkgel\u00e4nde hat<span class=\"Apple-converted-space\">\u00a0<\/span>Tatsuo Miyajimi in ein Kunstwerk verwandelt. Indem die Fensterfl\u00e4chen mit einer halbtransparenten Spiegelfolie bedeckt werden, aus denen Ziffern als Symbole der Zeit ausgeschnitten sind, wird die Sicht auf die umgebende Landschaft kontinuierlich ver\u00e4ndert.<span class=\"Apple-converted-space\">\u00a0<\/span><\/p>\n<p>Auch das einfallende Licht \u00e4ndert sich, ebenso wie die Besucher. Nicht zuletzt wird das Museum selbst durch die sich stetig wandelnden Fenster transformiert.<\/p>\n<p>Das Werk ber\u00fccksichtigt die Landschaft, das Museum und seine Besucher, sowie die Menschen, die sein Inneres mit dem \u00c4u\u00dferen verbinden. Und es ber\u00fccksichtigt die Zeit durch die kontinuierliche Transformation von Landschaft, Museum und Besuchern.<\/p>\n<div id=\"attachment_52492\" class=\"wp-caption alignnone\" style=\"max-width: 491px;\"><img loading=\"lazy\" decoding=\"async\" class=\"wp-image-52492 \" src=\"\/wp-content\/uploads\/2022\/06\/IMG_0232-683x1024.jpg\" alt=\"\" width=\"481\" height=\"722\" \/><span class=\"wp-caption-text\">Tatsuo Miyajimi betrachtet sein Kunstwerk &#8211; \u00a9 Ralf Silberkuhl<\/span><\/div>\n<p>Tatsuo Miyajima (geboren 1957) lebt und arbeitet in Ibaraki (Japan). Er ist international bekannt geworden mit Arbeiten und Installationen aus farbigen LED (Licht emittierende Dioden) Zahlen, die in unterschiedlichen Geschwindigkeiten etwa von 1 \u2013 9 z\u00e4hlen.<span class=\"Apple-converted-space\">\u00a0<\/span><\/p>\n<p>Der K\u00fcnstler besch\u00e4ftigt sich mit grunds\u00e4tzlichen Fragen der Wahrnehmung von Zeit und Raum. Tatsuo Miyajima hat zahlreiche Werke in Korrespondenz mit Architektur realisiert, etwa f\u00fcr die Universit\u00e4t Dufour in Genf, das Denver Art Museum in den USA oder f\u00fcr die Fassade des ICC Tower in Hong Kong 2016.<span class=\"Apple-converted-space\">\u00a0<\/span><\/p>\n<p>Eine seiner bekannten LED-Arbeiten ist in der Villa Waldfrieden installiert.<\/p>\n<p><a href=\"https:\/\/tatsuomiyajima.com\/\">https:\/\/tatsuomiyajima.com\/<\/a><\/p>\n<div id=\"attachment_52494\" class=\"wp-caption alignnone\" style=\"max-width: 490px;\"><img loading=\"lazy\" decoding=\"async\" class=\" wp-image-52494\" src=\"\/wp-content\/uploads\/2022\/06\/IMG_0159-2-1024x683.jpg\" alt=\"\" width=\"480\" height=\"320\" \/><span class=\"wp-caption-text\">Der japanische K\u00fcnstler Tatsuo Miyajimi &#8211; \u00a9 Ralf Silberkuhl<\/span><\/div>\n<p><strong>Ausstellung\u00a0<\/strong><\/p>\n<h4>Tatsuo Miyajima<\/h4>\n<p><strong>Changing Landscape \/ Changing Museum<\/strong><\/p>\n<p>04. Juni &#8211; 21. August 2022 <span class=\"Apple-converted-space\">\u00a0<\/span><\/p>\n<p>Skulpturenpark Waldfrieden<\/p>\n<p>Unterer Ausstellungspavillon<\/p>\n<p>Hirschstrasse 12 &#8211; 42285 Wuppertal<\/p>\n<p><a href=\"http:\/\/www.skulpturenpark-waldfrieden.de\">http:\/\/www.skulpturenpark-waldfrieden.de<\/a><\/p>\n","protected":false},"excerpt":{"rendered":"<p>Der Skulpturenpark Waldfrieden pr\u00e4sentiert vom Samstag (04.06.) bis 21. August die Ausstellung &#8222;Changing Landscape \/ Changing Museum&#8220; des Tatsuo Miyajima. Hausherr Tony Cragg h\u00f6chstpers\u00f6nlich stellte japanischen K\u00fcnstler vor. <\/p>\n","protected":false},"author":7,"featured_media":0,"comment_status":"open","ping_status":"open","sticky":false,"template":"","format":"standard","meta":{"footnotes":""},"categories":[29],"tags":[],"class_list":["post-52488","post","type-post","status-publish","format-standard","hentry","category-kultur"],"publishpress_future_action":{"enabled":false,"date":"2026-05-04 07:09:23","action":"change-status","newStatus":"draft","terms":[],"taxonomy":"category","extraData":[]},"publishpress_future_workflow_manual_trigger":{"enabledWorkflows":[]},"_links":{"self":[{"href":"https:\/\/www.die-stadtzeitung.de\/index.php\/wp-json\/wp\/v2\/posts\/52488","targetHints":{"allow":["GET"]}}],"collection":[{"href":"https:\/\/www.die-stadtzeitung.de\/index.php\/wp-json\/wp\/v2\/posts"}],"about":[{"href":"https:\/\/www.die-stadtzeitung.de\/index.php\/wp-json\/wp\/v2\/types\/post"}],"author":[{"embeddable":true,"href":"https:\/\/www.die-stadtzeitung.de\/index.php\/wp-json\/wp\/v2\/users\/7"}],"replies":[{"embeddable":true,"href":"https:\/\/www.die-stadtzeitung.de\/index.php\/wp-json\/wp\/v2\/comments?post=52488"}],"version-history":[{"count":3,"href":"https:\/\/www.die-stadtzeitung.de\/index.php\/wp-json\/wp\/v2\/posts\/52488\/revisions"}],"predecessor-version":[{"id":52495,"href":"https:\/\/www.die-stadtzeitung.de\/index.php\/wp-json\/wp\/v2\/posts\/52488\/revisions\/52495"}],"wp:attachment":[{"href":"https:\/\/www.die-stadtzeitung.de\/index.php\/wp-json\/wp\/v2\/media?parent=52488"}],"wp:term":[{"taxonomy":"category","embeddable":true,"href":"https:\/\/www.die-stadtzeitung.de\/index.php\/wp-json\/wp\/v2\/categories?post=52488"},{"taxonomy":"post_tag","embeddable":true,"href":"https:\/\/www.die-stadtzeitung.de\/index.php\/wp-json\/wp\/v2\/tags?post=52488"}],"curies":[{"name":"wp","href":"https:\/\/api.w.org\/{rel}","templated":true}]}}