{"id":52444,"date":"2022-05-25T09:56:11","date_gmt":"2022-05-25T07:56:11","guid":{"rendered":"https:\/\/www.die-stadtzeitung.de\/?p=52444"},"modified":"2022-06-02T21:29:51","modified_gmt":"2022-06-02T19:29:51","slug":"stoessels-komoedie-wie-entsorge-ich-meinen-alten","status":"publish","type":"post","link":"https:\/\/www.die-stadtzeitung.de\/index.php\/2022\/05\/25\/stoessels-komoedie-wie-entsorge-ich-meinen-alten\/","title":{"rendered":"St\u00f6\u00dfels Kom\u00f6die: &#8222;Wie entsorge ich meinen Alten?&#8220;"},"content":{"rendered":"<div>\n<div id=\"attachment_38340\" class=\"wp-caption alignnone\" style=\"max-width: 1034px;\"><img loading=\"lazy\" decoding=\"async\" class=\"size-large wp-image-38340\" src=\"\/wp-content\/uploads\/2021\/06\/ArvanehStoessel-2-2-1024x878.jpg\" alt=\"\" width=\"1024\" height=\"878\" \/><span class=\"wp-caption-text\">Ziemlich beste Freunde: Kristof St\u00f6\u00dfel (r.) und TV-Star Giovanni Arvaneh &#8211; \u00a9 St\u00f6\u00dfels Kom\u00f6die<\/span><\/div>\n<\/div>\n<div><\/div>\n<div>Diese neue Kom\u00f6die aus der Feder des fr\u00fcher auch in Wuppertal aktiven M&amp;M Theaters kam 2018 als Urauff\u00fchrung in Dormagen erstmalig auf die B\u00fchne und soll nun auch die Wuppertaler bestens unterhalten.<\/div>\n<div>\n<h4><strong>\u00dcber Das St\u00fcck &#8222;Wie entsorge ich meinen Alten?&#8220;<\/strong><\/h4>\n<p>In der Verwechslungskom\u00f6die von Sabine Misiorny und Tom M\u00fcller\u00a0spielt sich Folgendes ab:\u00a0Der dauerabgebrannte Karl wirbt damit, gegen anst\u00e4ndige Bezahlung alles zu entsorgen \u2013 schnell, sauber und diskret \u2013 quasi mit einem Schlag, wie sein Vorbild Rocky, der Boxer. Einen lukrativen Auftrag hat er schon geangelt. Zahnarzt Dr. Fleischmann m\u00f6chte ein unliebsames Objekt aus seiner neuen Stadtwohnung entsorgt wissen.<\/p>\n<p>Doch dieser Job scheint schwieriger als gedacht: Nicht nur hindert ihn die allgegenw\u00e4rtige Hausmeisterin daran, seinen Auftrag diskret zu erledigen und seinen Lohn einzukassieren. Nein, immer wieder taucht auch noch die merkw\u00fcrdige Geliebte des Arztes auf, die das besagte Objekt nicht sehen soll.<\/p>\n<p>Und nun erteilt sie ihm auch noch einen neuen Auftrag \u2026 Zwischen Zahnarzt und Empfangsdame, Ehemann und Ehefrau, der Hausmeisterin und seiner \u00e4u\u00dferst eifers\u00fcchtigen Freundin Susi kommt Rocky ganz sch\u00f6n ins Schwitzen und muss bald mehr entsorgen, als er bew\u00e4ltigen kann \u2026\u00a0sehr zur Freude des Publikums, das sich dabei k\u00f6niglich am\u00fcsiert.<\/p>\n<\/div>\n<div>Alle Termine finden Sie auf <a href=\"http:\/\/www.stoessels-komoedie.de\/\">www.stoessels-komoedie.de<\/a> sowie alle Infos zum St\u00fcck.<\/div>\n<div><\/div>\n<div>\n<p>&nbsp;<\/p>\n<\/div>\n","protected":false},"excerpt":{"rendered":"<p>Am Freitag (03.06.) feiert die Kom\u00f6die &#8222;Wie entsorge ich meinen Alten&#8220; von Sabine Misiorny und Tom M\u00fcller in St\u00f6\u00dfels Kom\u00f6die Premiere.\u00a0Bis zum 4. Juli planen Kristof St\u00f6\u00dfel und seine Crew 17 Vorstellungen. Nach der kurzen Sommerpause im Juli 2022 gibt es nochmals 12 Vorstellungen vom 11. bis 28. August 2022.<\/p>\n","protected":false},"author":7,"featured_media":0,"comment_status":"open","ping_status":"open","sticky":false,"template":"","format":"standard","meta":{"footnotes":""},"categories":[29],"tags":[],"class_list":["post-52444","post","type-post","status-publish","format-standard","hentry","category-kultur"],"publishpress_future_action":{"enabled":false,"date":"2026-05-08 16:14:24","action":"change-status","newStatus":"draft","terms":[],"taxonomy":"category","extraData":[]},"publishpress_future_workflow_manual_trigger":{"enabledWorkflows":[]},"_links":{"self":[{"href":"https:\/\/www.die-stadtzeitung.de\/index.php\/wp-json\/wp\/v2\/posts\/52444","targetHints":{"allow":["GET"]}}],"collection":[{"href":"https:\/\/www.die-stadtzeitung.de\/index.php\/wp-json\/wp\/v2\/posts"}],"about":[{"href":"https:\/\/www.die-stadtzeitung.de\/index.php\/wp-json\/wp\/v2\/types\/post"}],"author":[{"embeddable":true,"href":"https:\/\/www.die-stadtzeitung.de\/index.php\/wp-json\/wp\/v2\/users\/7"}],"replies":[{"embeddable":true,"href":"https:\/\/www.die-stadtzeitung.de\/index.php\/wp-json\/wp\/v2\/comments?post=52444"}],"version-history":[{"count":2,"href":"https:\/\/www.die-stadtzeitung.de\/index.php\/wp-json\/wp\/v2\/posts\/52444\/revisions"}],"predecessor-version":[{"id":52446,"href":"https:\/\/www.die-stadtzeitung.de\/index.php\/wp-json\/wp\/v2\/posts\/52444\/revisions\/52446"}],"wp:attachment":[{"href":"https:\/\/www.die-stadtzeitung.de\/index.php\/wp-json\/wp\/v2\/media?parent=52444"}],"wp:term":[{"taxonomy":"category","embeddable":true,"href":"https:\/\/www.die-stadtzeitung.de\/index.php\/wp-json\/wp\/v2\/categories?post=52444"},{"taxonomy":"post_tag","embeddable":true,"href":"https:\/\/www.die-stadtzeitung.de\/index.php\/wp-json\/wp\/v2\/tags?post=52444"}],"curies":[{"name":"wp","href":"https:\/\/api.w.org\/{rel}","templated":true}]}}