{"id":52329,"date":"2022-05-27T11:59:03","date_gmt":"2022-05-27T09:59:03","guid":{"rendered":"https:\/\/www.die-stadtzeitung.de\/?p=52329"},"modified":"2022-05-27T13:54:53","modified_gmt":"2022-05-27T11:54:53","slug":"frank-elstner-fan-moderiert-neue-reihe-taltalk","status":"publish","type":"post","link":"https:\/\/www.die-stadtzeitung.de\/index.php\/2022\/05\/27\/frank-elstner-fan-moderiert-neue-reihe-taltalk\/","title":{"rendered":"Frank Elstner-Fan moderiert neue Reihe &#8222;TalTalk&#8220;"},"content":{"rendered":"<div id=\"attachment_52350\" class=\"wp-caption alignnone\" style=\"max-width: 918px;\"><img loading=\"lazy\" decoding=\"async\" class=\" wp-image-52350\" src=\"\/wp-content\/uploads\/2022\/05\/e3678687-5b3d-4ceb-baf4-64fe55bc7149.jpg\" alt=\"\" width=\"908\" height=\"735\" \/><span class=\"wp-caption-text\">Freut sich auf seine G\u00e4ste: Moderator Michael Schmidt-Russnak &#8211; \u00a9 privat<\/span><\/div>\n<p>Zum Start der neuen Talk-Reihe kann Michael Schmidt-Russnak Oberb\u00fcrgermeister Dr. Uwe Schneidewind, Schauspielerin Silvia Munz\u00f3n L\u00f3pez, Holger Bramsiepe, Vorsitzender der Initiative PRO BUGA 2031 und Bruder Dirk (Kreuzherren-Orden), letzter M\u00f6nch in Wuppertal als G\u00e4ste begr\u00fc\u00dfen.<\/p>\n<p>Dazu gibt es musikalische Unterhaltung vom Duo Concordia mit Alexander Breitenbach (Klavier) und Mufei Feng (Cello). Wir haben uns vor der Premiere mit Moderator Michael Schmidt-Russnak unterhalten.<\/p>\n<p><b>DS:\u00a0<\/b><b>Warum ist gerade jetzt die Zeit reif f\u00fcr eine neue Talkshow in Wuppertal?<\/b><\/p>\n<p>Michael Schmidt-Russnak: &#8222;Ich glaube nach \u00fcber zwei Jahren Pandemie mit sehr vielen Einschr\u00e4nkungen, insbesondere im \u00f6ffentlichen Leben, freuen sich die Menschen wieder auf Gesellschaft und soziale Kontakte. Die Concordia bringt seit \u00fcber 220 Jahren Menschen zusammen und bietet ihnen mit den wundersch\u00f6nen R\u00e4umlichkeiten ein besonderes Flair f\u00fcr Austausch, Kultur und Unterhaltung. Diese Tradition m\u00f6chten wir mit unserem neuen TalTalk-Format aufnehmen. Wir m\u00f6chten den interessierten G\u00e4sten 100 Minuten gute Gespr\u00e4che, Musik und Unterhaltung bieten.&#8220;<\/p>\n<p><b>DS: Wie wollen Sie sich von anderen Talk-Formaten unterscheiden?<\/b><\/p>\n<p>Michael Schmidt-Russnak: &#8222;Unser TalTalk, ein Format, das vielleicht an die gro\u00dfen Talkshow-Formate im Fernsehen wie \u201eK\u00f6lner Treff\u201c, \u201e3 nach Neun\u201c oder vielleicht auch \u201eNa sowas\u201c erinnert, gibt es so in Wuppertal nicht. Gespr\u00e4che, Musik und Unterhaltung mit 3-4 G\u00e4sten und spontanen oder aktuellen \u00dcberraschungsg\u00e4sten ist einmalig in der Region.&#8220;<span class=\"Apple-converted-space\">\u00a0 \u00a0<\/span><\/p>\n<div id=\"attachment_48321\" class=\"wp-caption alignnone\" style=\"max-width: 661px;\"><img loading=\"lazy\" decoding=\"async\" class=\" wp-image-48321\" src=\"\/wp-content\/uploads\/2020\/09\/W.Sondermann-7727-2048x1365-2-1024x724.jpeg\" alt=\"\" width=\"651\" height=\"460\" \/><span class=\"wp-caption-text\">Oberb\u00fcrgermeister Dr. Uwe Schneidewind\u00a0&#8211; \u00a9 Wolf Sondermann<\/span><\/div>\n<p><b>DS: Nach welchen Kriterien suchen Sie Ihre Talk-G\u00e4ste aus?<span class=\"Apple-converted-space\">\u00a0<\/span><\/b><\/p>\n<p>Michael Scmidt-Russnak:<b> &#8222;<\/b>Unsere G\u00e4ste k\u00f6nnen prominente Menschen aus der Region sein, Menschen, die etwas Besonderes auszeichnet oder Menschen, die eine bewegende Geschichte aus Ihrem Leben zu erz\u00e4hlen haben. Das Ganze umrahmt von guter Musik und Unterhaltung.&#8220;<\/p>\n<p><b>DS: Ein guter Talkmaster verschont seine Zuh\u00f6rer mit pers\u00f6nlichen Lebensweisheiten und Erlebnissen, sondern l\u00e4sst seine G\u00e4ste reden und entlockt ihnen mit geschickten Fragen kleine Geheimnisse, die sie eigentlich gar nicht preisgeben wollten. Haben Sie ein Vorbild als Moderator?<\/b><\/p>\n<p>Michael Schmidt-Russnak: <b>&#8222;<\/b>Mmh, ja es gibt ein paar Moderatoren, die ich richtig gut finde. Aber einer den ich immer sehr bewundert habe bis heute, ist Frank Elstner. Er war schon vor seiner Fernsehzeit als Chef und Moderator bei Radio Luxemburg der, der eine besondere Gabe hatte, in einer unterhaltsamen Form, gute Gespr\u00e4che mit seinen G\u00e4sten zu f\u00fchren.&#8220;<\/p>\n<p><b>DS: Im welchem Turnus soll die Talk-Reihe &#8222;TalTalk&#8220; eigentlich stattfinden?<\/b><\/p>\n<p>Michael Schmidt-Russnak: &#8222;Wir m\u00f6chten die Reihe vier Mal im Jahr bringen.&#8220;<\/p>\n<p><b>DS: Knapp 30 Euro Eintritt k\u00f6nnen und wollen so manche interessierte B\u00fcrgerinnen und B\u00fcrger f\u00fcr eine noch so hochkar\u00e4tige Tal-Runde sicher nicht ausgeben. Welches Klientel haben Sie im Auge?<\/b><\/p>\n<p>Michael Schmidt-Russnak: &#8222;Na ja, ich wei\u00df nicht, ob der Preis jetzt wirklich hoch ist. Es ist ja wie erw\u00e4hnt eine Kombination aus Gespr\u00e4chen, guten Musikern und anderen K\u00fcnstlern. Und die Vorbereitung und Umsetzung eines solchen Formats kostet halt Geld. Inkludiert sind zudem f\u00fcr jeden Gast vor Beginn des Abends gute Getr\u00e4nke aus unserem Concordia-Weinkeller.&#8220;<\/p>\n<p><span class=\"Apple-converted-space\">\u00a0<\/span><b>DS: Das Line up der Premiere kann sich sicher sehen lassen. Immerhin ist auch Oberb\u00fcrgermeister Dr. Uwe Schneidewind mit am Start. Spannenster Gast ist sicher Holger Bramsiepe von der Initiative PRO BUGA 31. Dann liegt das Ergebnis des B\u00fcrgerentscheids allerdings bereits auf dem Tisch. Wie stehen Sie eigentlich pers\u00f6nlich zum Thema Bewerbung f\u00fcr die BUGA 2031?<\/b><\/p>\n<p>Michael Schmidt-Russnak: &#8222;Also tats\u00e4chlich sehe ich pers\u00f6nlich eine Idee wie die BUGA als gro\u00dfe Chance f\u00fcr eine weitere Attraktivit\u00e4tssteigerung Wuppertals an.<span class=\"Apple-converted-space\">\u00a0 <\/span>Ob nun die vielzitierte und diskutierte H\u00e4ngebr\u00fccke kommt, steht noch gar nicht fest. Ein Fahrradrundweg um Wuppertal w\u00e4re doch aber zum Beispiel eine tolle Sache. Wie alles, was Wuppertal noch attraktiver macht. Viele andere St\u00e4dte in der Republik sind froh, eine BUGA umgesetzt zu haben und partizipieren vielfach bis heute davon. \u00dcbrigens: Holger Bramsiepe kommt auch im Falle eines negativen Entscheids. Auch in diesem Fall gibt es viel zu diskutieren.&#8220;<\/p>\n<div id=\"attachment_51606\" class=\"wp-caption alignnone\" style=\"max-width: 660px;\"><img loading=\"lazy\" decoding=\"async\" class=\" wp-image-51606\" src=\"\/wp-content\/uploads\/2022\/04\/615c24ff256e82e4028d12bebc7bf783-3-2-1024x616.jpeg\" alt=\"\" width=\"650\" height=\"391\" \/><span class=\"wp-caption-text\">Holger Bramsiepe, 1. Vorsitzender des Buga F\u00f6rdervereins &#8211; \u00a9<\/span><\/div>\n<p><b>DS: Bruder Dirk ist ein g\u00fctiger, sympathischer und bescheidener Mensch. Der letzte M\u00f6nch in Wuppertal war ein gro\u00dfartiger Helfer w\u00e4hrend der Flutkatastrophe. Ein echtes Vorbild. Was man beileibe nicht von allen katholischen Priestern und Glaubensbr\u00fcdern sagen kann. Werden Sie ihn auch auf das aktuelle Thema Kindesmissbrauch in der Katholischen Kirche ansprechen?<\/b><\/p>\n<p>Michael Schmidt-Russnak: <b>&#8222;<\/b>Ein bedr\u00fcckendes und belastendes Thema, das mich als Katholik auch sehr besch\u00e4ftigt. Ich w\u00fcrde mir hier auch mehr Transparenz und vor allem mehr und deutliche Aufarbeitung angesichts der vielen Opfer von der katholischen Kirche w\u00fcnschen. Ja, sicher werden wir uns dar\u00fcber unterhalten. Aber nat\u00fcrlich und vor allem \u00fcber ein bewegendes Leben bis hin zu der gerade genannten unglaublichen Hilfe bei der letztj\u00e4hrigen Flutkatastrophe.&#8220;<\/p>\n<p><b>DS: Das beherrschende Thema ist zur Zeit Putins brutaler Angriffskrieg in der Ukraine. Warum findet das Ereignis in Ihrer Talkshow nicht statt &#8211; z.B. indem Sie z.B. Yevgen Besedin, Vorsitzender von &#8222;Stand with UA&#8220; oder Rosemarie Gundelbacher, Ex-Stadtverordnete und Mitbegr\u00fcnderin der Fl\u00fcchtlings-Initiative, die \u00fcber 3.500 Frauen und Kinder aus der Ukraine in Wuppertal betreut, einladen?<\/b><\/p>\n<p>Michael Schmidt-Russnak: &#8222;Auch das ist ein sehr belastendes und ber\u00fchrendes Thema. Ich m\u00f6chte jetzt nicht damit antworten, dass wir keine klassische Polit-Talkshow sind. Wir haben nat\u00fcrlich solche relevanten Themen \u201eauf dem Schirm\u201c und werden uns an dem Abend auch mit unseren G\u00e4sten zum Ukraine Krieg unterhalten. In den n\u00e4chsten Shows werden wir noch viele gesellschaftsrelevante Themen besprechen, die uns aktuell und vermutlich leider noch lange begleiten werden.&#8220;<\/p>\n<p><b>DS: Gibt es f\u00fcr Sie eine rote Linie, die Sie bei der Auswahl von Gespr\u00e4chsg\u00e4sten nicht \u00fcberschreiten werden?<\/b><\/p>\n<p>Michael Schmidt-Russnak: &#8222;Wir werden nat\u00fcrlich niemanden diskreditieren oder Boulevard-Journalismus veranstalten.&#8220;<\/p>\n<p><b>DS: Welche Schlagzeile in den Medien w\u00fcrden Sie nach der Premiere von &#8222;TalTalk&#8220; gerne lesen?<\/b><\/p>\n<p>Michael Schmidt-Russnak: &#8222;Ein sch\u00f6ner unterhaltsamer Abend und die G\u00e4ste freuen sich sehr auf die n\u00e4chste Show!&#8220;<\/p>\n<p><b>DS: Vielen Dank f\u00fcr das informative, offene Gespr\u00e4ch<\/b><\/p>\n<p><b>Das Interview f\u00fchrte Peter Pionke<\/b><\/p>\n<p>&nbsp;<\/p>\n<div id=\"attachment_52287\" class=\"wp-caption alignnone\" style=\"max-width: 660px;\"><img loading=\"lazy\" decoding=\"async\" class=\"wp-image-52287\" src=\"\/wp-content\/uploads\/2022\/05\/MG_6486-2-1024x761-2.jpeg\" alt=\"\" width=\"650\" height=\"453\" \/><span class=\"wp-caption-text\">Bruder Dirk (r.) mit Stefan Mageney, 1. Vorsitzender des Charity-Vereins WUPPERTAL HILFT! &#8211; \u00a9 Taro Kataoka<\/span><\/div>\n<h4>Die G\u00e4ste am Premieren-Abend von TalTalk:<\/h4>\n<p><b>Prof. Uwe Schneidewind,<\/b> Wuppertals Oberb\u00fcrgermeister &#8211; Mit ihm unterh\u00e4lt sich Moderator Michael Schmidt-Russnak u.a. \u00fcber die Zukunftsperspektiven, Aufgaben und die daf\u00fcr notwendigen Ver\u00e4nderungen in Wuppertal.<\/p>\n<p><b>Holger Bramsiepe<\/b>, 1. Vorsitzender der Intitiative PRO BUGA 2031 Wuppertal &#8211; Er berichtet vier Tage nach der Abstimmung \u00fcber die Bundesgartenschau 2031, warum das Projekt so wichtig f\u00fcr die Stadt ist und was es f\u00fcr M\u00f6glichkeiten und Projekte in die Stadt bringen w\u00fcrde.<\/p>\n<p><b>Silvia Munz\u00f3n L\u00f3pez<\/b>, Schauspielerin Wuppertaler B\u00fchnen \u2013 Sie berichtet unter anderem, was die R\u00fcckkehr nach der Corona-Pandemie in ein St\u00fcck Normalit\u00e4t f\u00fcr das Schauspielensemble bedeutet und sorgt f\u00fcr ein kleines \u201eLeseh\u00e4ppchen\u201c aus der Prosa von Baudelaire.<\/p>\n<p><strong>Bruder Dirk<\/strong>, letzter Ordensbruder des Kreuzherrn-Ordens in Wuppertal-Beyenburg &#8211; Er berichtet aus seinem Leben und wie es in Beyenburg, fast ein Jahr nach der\u00a0Flutkatastrophe aussieht, w\u00e4hrend der er sich sehr durch Hilfeleistungen engagiert hat.<\/p>\n<p><strong>Termin: <\/strong><\/p>\n<h4>TalTalk &#8211; Die Concordia Show<\/h4>\n<p>Moderation: Michael Schmidt-Russnak<\/p>\n<p>Premiere: Donnerstag &#8211; 02.06.2022<br \/>\nEinlass: 19:00 Uhr<br \/>\nBeginn: 19:30 Uhr<\/p>\n<p>Gesellschaft Concordia<\/p>\n<p>Werth 48 &#8211; 42275 Wuppertal<\/p>\n<p>Eintritt: \u20ac 29,00 (inklusive Getr\u00e4nken, u.a. aus unserem Concordia Weinkeller im Foyer)<\/p>\n<p>Anmeldungen erforderlich:<br \/>\nper Mail an info@concordia-wuppertal.de per Telefon 0202\/555187 &#8211;\u00a0per Fax an 0202\/551815<\/p>\n<p><strong>Link zur Webseite der Gesellschaft Concordia:<\/strong><\/p>\n<p><a href=\"http:\/\/www.concordia-wuppertal.de\">http:\/\/www.concordia-wuppertal.de<\/a><\/p>\n<p>&nbsp;<\/p>\n","protected":false},"excerpt":{"rendered":"<p>Er bewundert TV-Legende Frank Elstner (u.a. &#8222;Wetten, dass&#8230;?&#8220; &#8211; &#8222;Menschen der Woche&#8220;) f\u00fcr seine Art, Gespr\u00e4che mit Talk-G\u00e4sten zu f\u00fchren. Doch Michael Schmidt-Russnak, Moderator der neuen Wuppertaler Talk-Reihe &#8222;TalTalk&#8220; in der , will seinen ganz eigenen Stil pr\u00e4sentieren. Das Direktionsmitglied der Gesellschaft Concordia freut sich auf die Premiere am 02. Juni.<\/p>\n","protected":false},"author":7,"featured_media":0,"comment_status":"open","ping_status":"open","sticky":false,"template":"","format":"standard","meta":{"footnotes":""},"categories":[29],"tags":[],"class_list":["post-52329","post","type-post","status-publish","format-standard","hentry","category-kultur"],"publishpress_future_action":{"enabled":false,"date":"2026-05-09 04:16:16","action":"change-status","newStatus":"draft","terms":[],"taxonomy":"category","extraData":[]},"publishpress_future_workflow_manual_trigger":{"enabledWorkflows":[]},"_links":{"self":[{"href":"https:\/\/www.die-stadtzeitung.de\/index.php\/wp-json\/wp\/v2\/posts\/52329","targetHints":{"allow":["GET"]}}],"collection":[{"href":"https:\/\/www.die-stadtzeitung.de\/index.php\/wp-json\/wp\/v2\/posts"}],"about":[{"href":"https:\/\/www.die-stadtzeitung.de\/index.php\/wp-json\/wp\/v2\/types\/post"}],"author":[{"embeddable":true,"href":"https:\/\/www.die-stadtzeitung.de\/index.php\/wp-json\/wp\/v2\/users\/7"}],"replies":[{"embeddable":true,"href":"https:\/\/www.die-stadtzeitung.de\/index.php\/wp-json\/wp\/v2\/comments?post=52329"}],"version-history":[{"count":18,"href":"https:\/\/www.die-stadtzeitung.de\/index.php\/wp-json\/wp\/v2\/posts\/52329\/revisions"}],"predecessor-version":[{"id":52352,"href":"https:\/\/www.die-stadtzeitung.de\/index.php\/wp-json\/wp\/v2\/posts\/52329\/revisions\/52352"}],"wp:attachment":[{"href":"https:\/\/www.die-stadtzeitung.de\/index.php\/wp-json\/wp\/v2\/media?parent=52329"}],"wp:term":[{"taxonomy":"category","embeddable":true,"href":"https:\/\/www.die-stadtzeitung.de\/index.php\/wp-json\/wp\/v2\/categories?post=52329"},{"taxonomy":"post_tag","embeddable":true,"href":"https:\/\/www.die-stadtzeitung.de\/index.php\/wp-json\/wp\/v2\/tags?post=52329"}],"curies":[{"name":"wp","href":"https:\/\/api.w.org\/{rel}","templated":true}]}}