{"id":52002,"date":"2022-05-12T17:00:15","date_gmt":"2022-05-12T15:00:15","guid":{"rendered":"https:\/\/www.die-stadtzeitung.de\/?p=52002"},"modified":"2022-05-12T17:00:15","modified_gmt":"2022-05-12T15:00:15","slug":"bertram-ernst-leocardia-hirtes-kuenstlerbesuch-im-atelierhaus","status":"publish","type":"post","link":"https:\/\/www.die-stadtzeitung.de\/index.php\/2022\/05\/12\/bertram-ernst-leocardia-hirtes-kuenstlerbesuch-im-atelierhaus\/","title":{"rendered":"Bertram Ernst &#038; Leocardia Hirtes: K\u00fcnstlerbesuch im ATELIERHAUS"},"content":{"rendered":"<div id=\"attachment_52004\" class=\"wp-caption alignnone\" style=\"max-width: 911px;\"><img loading=\"lazy\" decoding=\"async\" class=\"wp-image-52004\" src=\"\/wp-content\/uploads\/2022\/05\/image001-2-1.jpg\" alt=\"\" width=\"901\" height=\"632\" \/><span class=\"wp-caption-text\">Zu Besuch im Vok Dams ATELIERHAUS: Leocardia Hirtes und Bertram Ernst &#8211; \u00a9 Vok Dams iNotes<\/span><\/div>\n<p>Hinzu kommt Leocardia Hirtes, eine (nat\u00fcrlich ebenfalls begnadete!) K\u00fcnstlerin, die mit ihren dreidimensionalen Bildreliefs Aufsehen erregt.<\/p>\n<p>Sie plant ihre n\u00e4chsten Ausstellungen und nutzte die Gelegenheit zu einem Besuch im Vok Dams ATELIERHAUS, der Galerie von Vok Dams, Gr\u00fcnder der weltweit erfolgreichen Agentur.<\/p>\n<p>In der aktuellen Ausstellung ist ein Raum dem K\u00fcnstler Rupert Warren gewidmet. Ein Wiedersehen unter Freunden sozusagen.<\/p>\n<p>Es sind Bilder einer fr\u00fcheren ATELIERHAUS-Ausstellung, die unter dem Titel \u201eDie Entdeckung des Sichtbaren\u201c mit eindrucksvollen Collagen aus Projekt-Dokumentationen der VOK DAMS GRUPPE Erinnerungen aufkommen l\u00e4sst.<\/p>\n<p>\u201eWarum nicht\u201c, fragt also Leocardia Hirtes und plant die Er\u00f6ffnung ihrer n\u00e4chsten<span class=\"Apple-converted-space\">\u00a0<\/span>Ausstellung im Herbst dieses Jahres im Vok Dams ATELIERHAUS.<\/p>\n<p>Ihre Werke haben gro\u00dfe Ausdrucksst\u00e4rke, die nicht nur das Spannungsverh\u00e4ltnis zwischen Natur und Gesellschaft spiegeln, sondern auch das kreative Potential ihrer Zusammenarbeit mit ihrem Lebensgef\u00e4hrten, dem Musiker Bertram Ernst,<br \/>\neindrucksvoll unter Beweis stellen.<\/p>\n<p>Galerist Vok Dams: &#8222;Wir k\u00f6nnen es kaum erwarten, mit dieser neuen Ausstellung wieder Live und in Farbe zu starten.&#8220;<\/p>\n<div id=\"attachment_52007\" class=\"wp-caption alignnone\" style=\"max-width: 596px;\"><img loading=\"lazy\" decoding=\"async\" class=\"size-full wp-image-52007\" src=\"\/wp-content\/uploads\/2022\/05\/image007-2.jpg\" alt=\"\" width=\"586\" height=\"405\" \/><span class=\"wp-caption-text\">Leocardia Hirte und Bertram Ernst schauen sich sehr interessiert die Werke von Rupert Warren an. Ihr Hund scheint nicht ganz so interessiert zu sein &#8211; \u00a9 Vok Dams iNotes<\/span><\/div>\n<p><strong>Interessante LINKS:<\/strong><\/p>\n<p><b>Atelierhausbesuch bei Leocardia Hirtes:<\/b><\/p>\n<p><b>NATURE \u2013 Luxury of Tomorrow!<\/b><br \/>\n<a href=\"https:\/\/vokdamsatelierhaus.de\/2020\/01\/27\/atelierbesuch-bei-leocardia-hirtesnature-luxury-of-tomorrow\/\">https:\/\/vokdamsatelierhaus.de\/2020\/01\/27\/atelierbesuch-bei-leocardia-hirtesnature-luxury-of-tomorrow\/<\/a><\/p>\n<p><b>Auferstanden (\u2026) von Corona<\/b><\/p>\n<p><b>\u2026 und der Zukunft zugewandt!<\/b><br \/>\n<a href=\"https:\/\/vokdamsatelierhaus.de\/2022\/04\/29\/auferstanden-von-corona-und-der-zukunft-zugewandt\/\">https:\/\/vokdamsatelierhaus.de\/2022\/04\/29\/auferstanden-von-corona-und-der-zukunft-zugewandt\/<\/a><\/p>\n<p><b>Rupert Warren:<\/b><\/p>\n<p><b>Gern erinnern wir uns an die<\/b><\/p>\n<p><b>Anf\u00e4nge in unserem ATELIERHAUS!<\/b><br \/>\n<a href=\"https:\/\/vokdamsatelierhaus.de\/2022\/03\/18\/rupert-warrengern-erinnern-wir-uns-an-dieanfaenge-in-unserem-atelierhaus\/\">https:\/\/vokdamsatelierhaus.de\/2022\/03\/18\/rupert-warrengern-erinnern-wir-uns-an-dieanfaenge-in-unserem-atelierhaus\/<\/a><\/p>\n<p><b>ARTCOLLECTION ArtShop<\/b><br \/>\n<a href=\"http:\/\/www.artshop-atelierhaus.de\/\">www.artshop-atelierhaus.de<\/a><\/p>\n<p>&nbsp;<\/p>\n","protected":false},"excerpt":{"rendered":"<p>Bertram Ernst, ein begnadeter Musiker und Rupert Warren, ein ebenso begnadeter Fotok\u00fcnstler, kennen sich aus den Tagen spektakul\u00e4rer Gro\u00df-Events, an denen sie mit und bei der Wuppertaler Marketing- und Kommunikations-Agentur VOK DAMS worldwide aktiv beteiligt waren.<\/p>\n","protected":false},"author":7,"featured_media":0,"comment_status":"open","ping_status":"open","sticky":false,"template":"","format":"standard","meta":{"footnotes":""},"categories":[29],"tags":[],"class_list":["post-52002","post","type-post","status-publish","format-standard","hentry","category-kultur"],"publishpress_future_action":{"enabled":false,"date":"2026-05-07 20:58:58","action":"change-status","newStatus":"draft","terms":[],"taxonomy":"category","extraData":[]},"publishpress_future_workflow_manual_trigger":{"enabledWorkflows":[]},"_links":{"self":[{"href":"https:\/\/www.die-stadtzeitung.de\/index.php\/wp-json\/wp\/v2\/posts\/52002","targetHints":{"allow":["GET"]}}],"collection":[{"href":"https:\/\/www.die-stadtzeitung.de\/index.php\/wp-json\/wp\/v2\/posts"}],"about":[{"href":"https:\/\/www.die-stadtzeitung.de\/index.php\/wp-json\/wp\/v2\/types\/post"}],"author":[{"embeddable":true,"href":"https:\/\/www.die-stadtzeitung.de\/index.php\/wp-json\/wp\/v2\/users\/7"}],"replies":[{"embeddable":true,"href":"https:\/\/www.die-stadtzeitung.de\/index.php\/wp-json\/wp\/v2\/comments?post=52002"}],"version-history":[{"count":3,"href":"https:\/\/www.die-stadtzeitung.de\/index.php\/wp-json\/wp\/v2\/posts\/52002\/revisions"}],"predecessor-version":[{"id":52008,"href":"https:\/\/www.die-stadtzeitung.de\/index.php\/wp-json\/wp\/v2\/posts\/52002\/revisions\/52008"}],"wp:attachment":[{"href":"https:\/\/www.die-stadtzeitung.de\/index.php\/wp-json\/wp\/v2\/media?parent=52002"}],"wp:term":[{"taxonomy":"category","embeddable":true,"href":"https:\/\/www.die-stadtzeitung.de\/index.php\/wp-json\/wp\/v2\/categories?post=52002"},{"taxonomy":"post_tag","embeddable":true,"href":"https:\/\/www.die-stadtzeitung.de\/index.php\/wp-json\/wp\/v2\/tags?post=52002"}],"curies":[{"name":"wp","href":"https:\/\/api.w.org\/{rel}","templated":true}]}}