{"id":51853,"date":"2022-05-05T14:50:56","date_gmt":"2022-05-05T12:50:56","guid":{"rendered":"https:\/\/www.die-stadtzeitung.de\/?p=51853"},"modified":"2022-05-05T14:50:56","modified_gmt":"2022-05-05T12:50:56","slug":"plakatwand-kunst-aktion-geht-von-draussen-nach-drinnen","status":"publish","type":"post","link":"https:\/\/www.die-stadtzeitung.de\/index.php\/2022\/05\/05\/plakatwand-kunst-aktion-geht-von-draussen-nach-drinnen\/","title":{"rendered":"Plakatwand-Kunst-Aktion geht &#8222;von drau\u00dfen nach drinnen&#8220;"},"content":{"rendered":"<div id=\"attachment_38181\" class=\"wp-caption alignnone\" style=\"max-width: 907px;\"><img loading=\"lazy\" decoding=\"async\" class=\" wp-image-38181\" src=\"\/wp-content\/uploads\/2021\/06\/b4ba34cb798f8c19d948a1148175f85f-2.jpg\" alt=\"\" width=\"897\" height=\"564\" \/><span class=\"wp-caption-text\">Der K\u00fcnstler Frank N alias Frank Niermann &#8211; \u00a9 Frank N<\/span><\/div>\n<p>In gewisser Weise ist &#8222;Von drau\u00dfen nach drinnen&#8220; eine Art Retrospektive von Kunst geht raus, der allerersten Aktion von &#8222;Out And About&#8220; (OAA), die auf Plakatw\u00e4nden des Aussenwerbers Str\u00f6er stattfand und sich &#8211; seit dem ersten Covid-19-Lockdown \u00fcber das gesamte Jahr 2020 unter freiem Himmel hinzog. Und jetzt also drinnen!<\/p>\n<p>Und, um den Titel &#8222;Von drau\u00dfen nach drinnen&#8220; noch transparenter und einfacher nachvollziehbar zu machen, kehrt die Kunst-Aktion ab dem 06.05. ganz aktuell noch einmal auf die Plakatw\u00e4nde von Str\u00f6er zur\u00fcck.<span class=\"Apple-converted-space\">\u00a0<\/span><\/p>\n<p>Genau genommen beginnt die 142. Kunstausstellung der Sparkasse Wuppertal also schon morgen.<\/p>\n<div id=\"attachment_43910\" class=\"wp-caption alignnone\" style=\"max-width: 341px;\"><img loading=\"lazy\" decoding=\"async\" class=\" wp-image-43910\" src=\"\/wp-content\/uploads\/2021\/12\/71aeab1b557556c90eb3720f75d7c61c-2.jpeg\" alt=\"\" width=\"331\" height=\"224\" \/><span class=\"wp-caption-text\">Christian von Grumbkow (l.) und der Marketing Experte und Galerist Vok Dams &#8211; Vok Dams iNotes<\/span><\/div>\n<p><strong>Termin:<\/strong><\/p>\n<h4>&#8222;Von drau\u00dfen nach drinnen&#8220;<\/h4>\n<p>142. Kunstausstellung in der Sparkasse<span class=\"Apple-converted-space\">\u00a0<\/span><\/p>\n<p>mit OAA (Birgit Pardun und Frank N) und \u00fcber 100 weiteren K\u00fcnstlerinnen und K\u00fcnstlern, darunter auch der bekannte Maler Christian von Grumbkow.<\/p>\n<p>Vernissage: Mittwoch &#8211; 11. Mai 2022 &#8211; 19:30 Uhr &#8211; Einlass ab 19 Uhr<\/p>\n<p>Glashalle am Johannisberg &#8211; Johannisberg 1 &#8211; 42103 Wuppertal<\/p>\n<p>Zur Vernissage singt der Kammerchor &#8222;amici del canto&#8220; unter der Leitung von Prof. Dennis Hansel-Dinar.<\/p>\n<p>Ausstellungsdauer: 11. Mai \u2013 23. Juni 2022<\/p>\n<p>\u00d6ffnungszeiten: Sonder\u00f6ffnungszeiten am 19. Mai &#8211; 02. Juni &#8211; 09. Juni und 23. Juni<\/p>\n<p>jeweils von 16:00 bis 18:00 Uhr &#8211; Eingang Glashalle &#8211; Johannisberg (und nach telefonischer Vereinbarung: 0202 4883006 oder 0202 4885230)<\/p>\n","protected":false},"excerpt":{"rendered":"<p>Unter dem Titel &#8222;Von drau\u00dfen nach drinnen&#8220; beginnt am Mittwoch (11.05.) die 142. Kunstausstellung der Sparkasse Wuppertal, diesmal &#8211; als Jubil\u00e4umsausstellung zum 200 j\u00e4hrigen Bestehen der Sparkasse &#8211; in der Glashalle am Johannisberg.<\/p>\n","protected":false},"author":7,"featured_media":0,"comment_status":"open","ping_status":"open","sticky":false,"template":"","format":"standard","meta":{"footnotes":""},"categories":[29],"tags":[],"class_list":["post-51853","post","type-post","status-publish","format-standard","hentry","category-kultur"],"publishpress_future_action":{"enabled":false,"date":"2026-05-10 13:25:30","action":"change-status","newStatus":"draft","terms":[],"taxonomy":"category","extraData":[]},"publishpress_future_workflow_manual_trigger":{"enabledWorkflows":[]},"_links":{"self":[{"href":"https:\/\/www.die-stadtzeitung.de\/index.php\/wp-json\/wp\/v2\/posts\/51853","targetHints":{"allow":["GET"]}}],"collection":[{"href":"https:\/\/www.die-stadtzeitung.de\/index.php\/wp-json\/wp\/v2\/posts"}],"about":[{"href":"https:\/\/www.die-stadtzeitung.de\/index.php\/wp-json\/wp\/v2\/types\/post"}],"author":[{"embeddable":true,"href":"https:\/\/www.die-stadtzeitung.de\/index.php\/wp-json\/wp\/v2\/users\/7"}],"replies":[{"embeddable":true,"href":"https:\/\/www.die-stadtzeitung.de\/index.php\/wp-json\/wp\/v2\/comments?post=51853"}],"version-history":[{"count":4,"href":"https:\/\/www.die-stadtzeitung.de\/index.php\/wp-json\/wp\/v2\/posts\/51853\/revisions"}],"predecessor-version":[{"id":51857,"href":"https:\/\/www.die-stadtzeitung.de\/index.php\/wp-json\/wp\/v2\/posts\/51853\/revisions\/51857"}],"wp:attachment":[{"href":"https:\/\/www.die-stadtzeitung.de\/index.php\/wp-json\/wp\/v2\/media?parent=51853"}],"wp:term":[{"taxonomy":"category","embeddable":true,"href":"https:\/\/www.die-stadtzeitung.de\/index.php\/wp-json\/wp\/v2\/categories?post=51853"},{"taxonomy":"post_tag","embeddable":true,"href":"https:\/\/www.die-stadtzeitung.de\/index.php\/wp-json\/wp\/v2\/tags?post=51853"}],"curies":[{"name":"wp","href":"https:\/\/api.w.org\/{rel}","templated":true}]}}