{"id":51791,"date":"2022-05-01T23:25:15","date_gmt":"2022-05-01T21:25:15","guid":{"rendered":"https:\/\/www.die-stadtzeitung.de\/?p=51791"},"modified":"2022-05-07T13:43:54","modified_gmt":"2022-05-07T11:43:54","slug":"finale-wsv-wirft-rwe-aus-dem-niederrheinpokal","status":"publish","type":"post","link":"https:\/\/www.die-stadtzeitung.de\/index.php\/2022\/05\/01\/finale-wsv-wirft-rwe-aus-dem-niederrheinpokal\/","title":{"rendered":"Finale: WSV wirft RWE aus dem Niederrheinpokal"},"content":{"rendered":"<div id=\"attachment_51797\" class=\"wp-caption alignnone\" style=\"max-width: 1034px;\"><img loading=\"lazy\" decoding=\"async\" class=\"size-large wp-image-51797\" src=\"\/wp-content\/uploads\/2022\/05\/Classen-03-05-2022-262-2-1024x636.jpg\" alt=\"\" width=\"1024\" height=\"636\" \/><span class=\"wp-caption-text\">Bad in der Menge: WSV-Torh\u00fcter Sebastian Patzler feiert mit den Fans den Pokalsieg \u00fcber RWE &#8211; \u00a9 Jochen Classen<\/span><\/div>\n<p>Beide Mannschaften begannen vor der f\u00fcr Wuppertaler Verh\u00e4ltnisse Riesen-Kulissen engagiert. Die G\u00e4ste tauchten einige Male im Strafraum des WSV auf, ohne wirklich gef\u00e4hrlich zu werden. Die Wuppertaler nutzen gleich ihre erste richtige Torchance. Roman Prokoph traf aus 18 Metern zum 1:0 (16.). RWE war sichtlich geschockt und der WSV blieb am Dr\u00fccker.<\/p>\n<p>In der 22. Minute ein Freisto\u00df f\u00fcr die Wuppertaler. Kevin Rodrigues Pires legte sich den Ball zurecht. Sekunden sp\u00e4ter zappelte er im Essener Netz. Essen Torh\u00fcter Jakob Golz sah in dieser Szene nicht sonderlich gl\u00fccklich aus. Den WSV-Fans war es egal. Es stand 2:0 f\u00fcr ihre Mannschaft (22.).<\/p>\n<div id=\"attachment_51794\" class=\"wp-caption alignnone\" style=\"max-width: 710px;\"><img loading=\"lazy\" decoding=\"async\" class=\" wp-image-51794\" src=\"\/wp-content\/uploads\/2022\/05\/Classen-03-05-2022-002-1024x683.jpg\" alt=\"\" width=\"700\" height=\"467\" \/><span class=\"wp-caption-text\">Haben gut lachen: Die WSV-Torsch\u00fctzen Kevin Rodrigues Pires (l.) und Roman Prokoph &#8211; \u00a9 Jochen Classen<\/span><\/div>\n<p>Ein wenig getr\u00fcbt wurde die bergische Freude in der 35. Minute. Eine Flanke von Sandro Plechaty nutze Marius Kleinsorge zum 1:2-Anschlusstreffer (35.).<\/p>\n<p>Damit ging es in die Halbzeit. Nach dem Wechsel dr\u00e4ngten die G\u00e4ste auf den Ausgleich. In der 53. Minute eine Doppelchance f\u00fcr Sandro Plechaty und Felix Bastians. Doch beide Male reagierte WSV-Torh\u00fcter Sebastian Patzer gl\u00e4nzend.<\/p>\n<p>Die Wuppertaler konzentrierten sich aufs Kontern. Mit Erfolg. In der 68. Minute schlug ein Kopfball zum 3:1 im RWE-Geh\u00e4use ein. Torsch\u00fctze war erneut Roman Prokoph. Die Vorentscheidung! Riesenjubel nach dem Abpfiff. Beide Ligaspiele hatte der WSV zuvor gegen RWE verloren (0:1 &#8211; 1:2).<\/p>\n<div id=\"attachment_51799\" class=\"wp-caption alignnone\" style=\"max-width: 711px;\"><img loading=\"lazy\" decoding=\"async\" class=\" wp-image-51799\" src=\"\/wp-content\/uploads\/2022\/05\/Classen-03-05-2022-032-2-1024x594.jpg\" alt=\"\" width=\"701\" height=\"407\" \/><span class=\"wp-caption-text\">Ein Bild, das man schon lange nicht mehr in Wuppertal gesehen hat: Ein toller Sieg vor einer tollen Kulisse &#8211; Jochen Classen<\/span><\/div>\n<p>Jetzt tr\u00e4umt ganz Wuppertal vom Niederrheinpokalsieg im Finale gegen des SV Straelen, der den Drittligisten MSV mit 1:0 aus dem Wettbewerb geworfen hat &#8211; und danach von einem prominenten Gegner in der 1. Runde des DFB-Pokals.<\/p>\n<h4>Wuppertaler SV &#8211; Rot-Wei\u00df Essen 3:1 (2:1)<\/h4>\n<p><strong>Aufstellung des Wuppertaler SV:\u00a0<\/strong><\/p>\n<p>Patzler &#8211; Henke &#8211; Montag (77. Salat) &#8211; Pytlik &#8211; Schweers &#8211; Galle &#8211; Backszat &#8211; Saric (74. Rama) &#8211; Rodrigues Pires &#8211; Sarpei (64. Hagemann) &#8211; Prokoph (83. K\u00f6nigs)<\/p>\n<p>&nbsp;<\/p>\n<div id=\"attachment_51800\" class=\"wp-caption alignnone\" style=\"max-width: 710px;\"><img loading=\"lazy\" decoding=\"async\" class=\" wp-image-51800\" src=\"\/wp-content\/uploads\/2022\/05\/Classen-03-05-2022-021-2-1024x499.jpg\" alt=\"\" width=\"700\" height=\"341\" \/><span class=\"wp-caption-text\">Wuppertals Sieger lassen sich von den Fans feiern &#8211; \u00a9 Jochen Classen<\/span><\/div>\n<p>&nbsp;<\/p>\n<p>&nbsp;<\/p>\n<p>&nbsp;<\/p>\n","protected":false},"excerpt":{"rendered":"<p>Riesenjubel im Stadion am Zoo! Regionalligist Wuppertaler SV besiegte den Tabellennachbarn und alten Rivalen Rot-Wei\u00df Essen vor 11.743 Zuschauern im Halbfinale des Niederrheinpokals mit 3:1 (2:1). Die Sch\u00fctzlinge von Bj\u00f6rn Mehnert stehen damit im Finale und treffen dort auf den SV Straelen.<\/p>\n","protected":false},"author":7,"featured_media":0,"comment_status":"open","ping_status":"open","sticky":false,"template":"","format":"standard","meta":{"footnotes":""},"categories":[20],"tags":[],"class_list":["post-51791","post","type-post","status-publish","format-standard","hentry","category-sport"],"publishpress_future_action":{"enabled":false,"date":"2026-05-05 16:38:25","action":"change-status","newStatus":"draft","terms":[],"taxonomy":"category","extraData":[]},"publishpress_future_workflow_manual_trigger":{"enabledWorkflows":[]},"_links":{"self":[{"href":"https:\/\/www.die-stadtzeitung.de\/index.php\/wp-json\/wp\/v2\/posts\/51791","targetHints":{"allow":["GET"]}}],"collection":[{"href":"https:\/\/www.die-stadtzeitung.de\/index.php\/wp-json\/wp\/v2\/posts"}],"about":[{"href":"https:\/\/www.die-stadtzeitung.de\/index.php\/wp-json\/wp\/v2\/types\/post"}],"author":[{"embeddable":true,"href":"https:\/\/www.die-stadtzeitung.de\/index.php\/wp-json\/wp\/v2\/users\/7"}],"replies":[{"embeddable":true,"href":"https:\/\/www.die-stadtzeitung.de\/index.php\/wp-json\/wp\/v2\/comments?post=51791"}],"version-history":[{"count":5,"href":"https:\/\/www.die-stadtzeitung.de\/index.php\/wp-json\/wp\/v2\/posts\/51791\/revisions"}],"predecessor-version":[{"id":51803,"href":"https:\/\/www.die-stadtzeitung.de\/index.php\/wp-json\/wp\/v2\/posts\/51791\/revisions\/51803"}],"wp:attachment":[{"href":"https:\/\/www.die-stadtzeitung.de\/index.php\/wp-json\/wp\/v2\/media?parent=51791"}],"wp:term":[{"taxonomy":"category","embeddable":true,"href":"https:\/\/www.die-stadtzeitung.de\/index.php\/wp-json\/wp\/v2\/categories?post=51791"},{"taxonomy":"post_tag","embeddable":true,"href":"https:\/\/www.die-stadtzeitung.de\/index.php\/wp-json\/wp\/v2\/tags?post=51791"}],"curies":[{"name":"wp","href":"https:\/\/api.w.org\/{rel}","templated":true}]}}