{"id":51770,"date":"2022-05-03T14:02:56","date_gmt":"2022-05-03T12:02:56","guid":{"rendered":"https:\/\/www.die-stadtzeitung.de\/?p=51770"},"modified":"2022-05-03T14:02:56","modified_gmt":"2022-05-03T12:02:56","slug":"grenzenlos-die-kommunikation-der-kunst","status":"publish","type":"post","link":"https:\/\/www.die-stadtzeitung.de\/index.php\/2022\/05\/03\/grenzenlos-die-kommunikation-der-kunst\/","title":{"rendered":"Grenzenlos: Die Kommunikation der Kunst!"},"content":{"rendered":"<div id=\"attachment_51773\" class=\"wp-caption alignnone\" style=\"max-width: 926px;\"><img loading=\"lazy\" decoding=\"async\" class=\" wp-image-51773\" src=\"\/wp-content\/uploads\/2022\/05\/image009.jpeg\" alt=\"\" width=\"916\" height=\"583\" \/><span class=\"wp-caption-text\">Ein Kunstwerk, das ins Auge f\u00e4llt &#8211; \u00a9 Vok Dams iNotes<\/span><\/div>\n<p>Als Entdeckermesse f\u00fcr zeitgen\u00f6ssische Kunst sieht sich die \u201eDiscovery Art Fair\u201c in K\u00f6ln (28.04.- 01.05.2022) und verweist auf mehr als 130 Aussteller aus 14 L\u00e4ndern auf 6.000 Quadratmetern Ausstellungsfl\u00e4che.<\/p>\n<p>In der Tat, es gab einiges zu entdecken: \u201eMalerei, Skulptur, Fotografie, Zeichnung, Mixed Media, Grafik, Installation, Objektkunst, Medienkunst, Street- und Urban-Art, und vieles mehr\u201c versprachen die Veranstalter. Ein Versprechen, das voll und ganz eingel\u00f6st wurde.<\/p>\n<div id=\"attachment_51774\" class=\"wp-caption alignnone\" style=\"max-width: 275px;\"><img loading=\"lazy\" decoding=\"async\" class=\"size-full wp-image-51774\" src=\"\/wp-content\/uploads\/2022\/05\/image001.jpeg\" alt=\"\" width=\"265\" height=\"192\" \/><span class=\"wp-caption-text\">\u00a9 Vok Dams iNotes<\/span><\/div>\n<p>So gab es zufriedene Gesichter, interessante Gespr\u00e4che und abwechslungsreiche und \u00fcberraschende Pr\u00e4sentationen meist junger Talente. Inspiration und Kommunikation, Pr\u00e4senz auf einer Kunstmesse, nachdem zwei fr\u00fchere<span class=\"Apple-converted-space\">\u00a0<\/span><\/p>\n<p>Veranstaltungen pandemiebedingt abgesagt werden mussten.<\/p>\n<p>So trafen Aussteller auf Kunstliebhaber in Kauf- und Feierlaune. Und die Veranstalter f\u00fchlen sich best\u00e4tigt: \u201eF\u00fcr Sammler und Fachpublikum z\u00e4hlt\u00a0die Discovery Art Fair Cologne zu Europas f\u00fchrender Plattform f\u00fcr Neuentdeckungen\u201c.<\/p>\n<p>Und f\u00fcr uns best\u00e4tigt sich wieder: Die Kunst der Kommunikation ist auch die Kommunikation der Kunst!<\/p>\n<p><strong>Vok Dams<\/strong><\/p>\n<div id=\"attachment_51775\" class=\"wp-caption alignnone\" style=\"max-width: 244px;\"><img loading=\"lazy\" decoding=\"async\" class=\"size-full wp-image-51775\" src=\"\/wp-content\/uploads\/2022\/05\/image001-2.jpeg\" alt=\"\" width=\"234\" height=\"310\" \/><span class=\"wp-caption-text\">So wie der K\u00fcnstler Putin sieht &#8211; und ihn viele wohl gern sehen w\u00fcrden &#8211; \u00a9 Vok Dams iNotes <strong>(siehe unten)<\/strong><\/span><\/div>\n<p>ATELIERHAUS \u2013 NotizBlog:<\/p>\n<p><a href=\"http:\/\/vokdamsatelierhaus.de\/blog\/\">http:\/\/vokdamsatelierhaus.de\/blog\/<\/a><\/p>\n<p>&nbsp;<\/p>\n<h4>\u00dcber &#8222;put in prison&#8220;<\/h4>\n<p>Das 10 x 6-Meter Original des Protest-Plakats des bekannten K\u00f6lner Bananen-Sprayers Thomas Baumg\u00e4rtel h\u00e4ngt \u00fcbrigens an einem Hochhaus an der Aachener Strasse in K\u00f6ln<\/p>\n","protected":false},"excerpt":{"rendered":"<p>Als Marketing-Experte und Gr\u00fcnder der weltweit erfolgreichen Agentur VOK DAMS ist er ein Mann der klaren Worte, wenn es um das Image seiner Heimatstadt Wuppertal geht. Auch Galerist und Betreiber des Vok Dams ATELIERHAUSES schaut Vok Dams gern in seinen Kolumnen und NotizBlog&#8217;s \u00fcber den Tellerrand hinaus. Wie hier bei &#8222;Discovery Art Fair&#8220; in K\u00f6ln.<\/p>\n","protected":false},"author":7,"featured_media":0,"comment_status":"open","ping_status":"open","sticky":false,"template":"","format":"standard","meta":{"footnotes":""},"categories":[29],"tags":[],"class_list":["post-51770","post","type-post","status-publish","format-standard","hentry","category-kultur"],"publishpress_future_action":{"enabled":false,"date":"2026-05-10 13:19:14","action":"change-status","newStatus":"draft","terms":[],"taxonomy":"category","extraData":[]},"publishpress_future_workflow_manual_trigger":{"enabledWorkflows":[]},"_links":{"self":[{"href":"https:\/\/www.die-stadtzeitung.de\/index.php\/wp-json\/wp\/v2\/posts\/51770","targetHints":{"allow":["GET"]}}],"collection":[{"href":"https:\/\/www.die-stadtzeitung.de\/index.php\/wp-json\/wp\/v2\/posts"}],"about":[{"href":"https:\/\/www.die-stadtzeitung.de\/index.php\/wp-json\/wp\/v2\/types\/post"}],"author":[{"embeddable":true,"href":"https:\/\/www.die-stadtzeitung.de\/index.php\/wp-json\/wp\/v2\/users\/7"}],"replies":[{"embeddable":true,"href":"https:\/\/www.die-stadtzeitung.de\/index.php\/wp-json\/wp\/v2\/comments?post=51770"}],"version-history":[{"count":4,"href":"https:\/\/www.die-stadtzeitung.de\/index.php\/wp-json\/wp\/v2\/posts\/51770\/revisions"}],"predecessor-version":[{"id":51777,"href":"https:\/\/www.die-stadtzeitung.de\/index.php\/wp-json\/wp\/v2\/posts\/51770\/revisions\/51777"}],"wp:attachment":[{"href":"https:\/\/www.die-stadtzeitung.de\/index.php\/wp-json\/wp\/v2\/media?parent=51770"}],"wp:term":[{"taxonomy":"category","embeddable":true,"href":"https:\/\/www.die-stadtzeitung.de\/index.php\/wp-json\/wp\/v2\/categories?post=51770"},{"taxonomy":"post_tag","embeddable":true,"href":"https:\/\/www.die-stadtzeitung.de\/index.php\/wp-json\/wp\/v2\/tags?post=51770"}],"curies":[{"name":"wp","href":"https:\/\/api.w.org\/{rel}","templated":true}]}}