{"id":51637,"date":"2022-04-26T12:18:35","date_gmt":"2022-04-26T10:18:35","guid":{"rendered":"https:\/\/www.die-stadtzeitung.de\/?p=51637"},"modified":"2022-04-28T12:18:47","modified_gmt":"2022-04-28T10:18:47","slug":"junior-uni-kurse-fuer-gefluechtete-kinder-jugendliche","status":"publish","type":"post","link":"https:\/\/www.die-stadtzeitung.de\/index.php\/2022\/04\/26\/junior-uni-kurse-fuer-gefluechtete-kinder-jugendliche\/","title":{"rendered":"Junior Uni: Kurse f\u00fcr gefl\u00fcchtete Kinder &#038; Jugendliche"},"content":{"rendered":"<div id=\"attachment_51639\" class=\"wp-caption alignnone\" style=\"max-width: 1034px;\"><img loading=\"lazy\" decoding=\"async\" class=\"wp-image-51639 size-large\" src=\"\/wp-content\/uploads\/2022\/04\/Junior-Uni-Kurs-fuer-gefluechtete-Kinder_1-1024x806.jpeg\" alt=\"\" width=\"1024\" height=\"806\" \/><span class=\"wp-caption-text\">Im Kurs \u201eWas kreucht und fleucht denn da?\u201c lernten die ukrainischen Kinder die bergische Tierwelt kennen &#8211; \u00a9 Junior Uni<\/span><\/div>\n<p>F\u00fcr weitere Kursangebote und Hilfe beim Anmeldeprozess sucht der au\u00dferschulische Lernort nun ehrenamtliche Unterst\u00fctzung \u2013 beispielsweise durch Dolmetscherinnen und Dolmetscher.<\/p>\n<p>Seit den Osterferien k\u00f6nnen gefl\u00fcchtete Kinder und Jugendliche aus der Ukraine in der Junior Uni in verschiedenen Kursen gemeinsam forschen, experimentieren und werken. \u201eWir wollen den Kindern einen guten Start in Deutschland erm\u00f6glichen und ihnen zeigen, dass sie hier in der Junior Uni willkommen sind\u201c, sagt Cilia Vogt, Sozialp\u00e4dagogin bei der Junior Uni.<span class=\"Apple-converted-space\">\u00a0<\/span><\/p>\n<p>\u201eWir haben gro\u00dfes Gl\u00fcck, dass wir ukrainisch und russisch sprechende Dozentinnen und Dozenten haben, die spontan bereit waren, ihre Kurse anzubieten. So k\u00f6nnen wir die Sprachbarriere umgehen und den jungen Studierenden ein tolles Junior Uni-Erlebnis erm\u00f6glichen.\u201c<\/p>\n<div id=\"attachment_51640\" class=\"wp-caption alignnone\" style=\"max-width: 1034px;\"><img loading=\"lazy\" decoding=\"async\" class=\"wp-image-51640 size-large\" src=\"\/wp-content\/uploads\/2022\/04\/Junior-Uni-Kurs-fuer-gefluechtete-Kinder-1024x931.jpeg\" alt=\"\" width=\"1024\" height=\"931\" \/><span class=\"wp-caption-text\">Ein ukrainisches M\u00e4dchen im Kurs \u201eWas kreucht und fleucht denn da?\u201c &#8211; \u00a9 Junior Uni<\/span><\/div>\n<p>Das angebotene Programm richtet sich an Kinder und Jugendliche im Alter von vier bis 20 Jahren. W\u00e4hrend die ersten Kurse ausschlie\u00dflich f\u00fcr gefl\u00fcchtete Kinder und Jugendliche angeboten wurden, wird die Junior Uni nun zeitnah auch wieder \u201einternationale Kurse\u201c anbieten, die von gefl\u00fcchteten Kindern und Jugendlichen sowie Studentinnen und Studenten mit deutscher Muttersprache gemeinsam besucht werden.<span class=\"Apple-converted-space\">\u00a0<\/span><\/p>\n<p>\u201eGerade diese Integration \u00fcber das gemeinsame kultur- und sprach\u00fcbergreifende Experimentieren, Forschen und Lernen ist uns an der Junior Uni sehr wichtig\u201c, erl\u00e4utert Junior Uni-Gesch\u00e4ftsf\u00fchrerin Dr. Annika Spathmann. \u201eMit unseren\u00a0 internationalen Kursen haben wir in den vergangenen Jahren beispielsweise mit den aus Syrien gefl\u00fcchteten Kindern und Jugendlichen sehr positive Erfahrungen gesammelt.\u201c<\/p>\n<p>Um das Kursangebot f\u00fcr gefl\u00fcchtete Kinder und Jugendliche zu erweitern, sucht die Junior Uni jetzt nach weiteren m\u00f6glichen Kooperationspartner oder Unterst\u00fctzer. Au\u00dferdem werden ehrenamtliche Dolmetscherinnen und Dolmetscher gesucht, die die Familien beim Anmeldeprozess unterst\u00fctzen k\u00f6nnen.<\/p>\n<p>Interessierte k\u00f6nnen sich in der Junior Uni bei Cilia Vogt unter Telefon 430 439 -24 oder per E-Mail an <a href=\"mailto:cilia.vogt@junioruni-wuppertal.de\">cilia.vogt@junioruni-wuppertal.de<\/a> melden.<\/p>\n","protected":false},"excerpt":{"rendered":"<p>Die Wuppertaler Junior Uni f\u00fcr das Bergische Land bietet jetzt Kurse f\u00fcr gefl\u00fcchtete Kinder und Jugendliche aus der Ukraine an. Das Angebot soll die Kinder und Jugendlichen bei ihrem Start in Deutschland unterst\u00fctzen und ihnen bei der Integration helfen.\u00a0<\/p>\n","protected":false},"author":7,"featured_media":0,"comment_status":"open","ping_status":"open","sticky":false,"template":"","format":"standard","meta":{"footnotes":""},"categories":[27],"tags":[],"class_list":["post-51637","post","type-post","status-publish","format-standard","hentry","category-wissen"],"publishpress_future_action":{"enabled":false,"date":"2026-05-09 00:02:13","action":"change-status","newStatus":"draft","terms":[],"taxonomy":"category","extraData":[]},"publishpress_future_workflow_manual_trigger":{"enabledWorkflows":[]},"_links":{"self":[{"href":"https:\/\/www.die-stadtzeitung.de\/index.php\/wp-json\/wp\/v2\/posts\/51637","targetHints":{"allow":["GET"]}}],"collection":[{"href":"https:\/\/www.die-stadtzeitung.de\/index.php\/wp-json\/wp\/v2\/posts"}],"about":[{"href":"https:\/\/www.die-stadtzeitung.de\/index.php\/wp-json\/wp\/v2\/types\/post"}],"author":[{"embeddable":true,"href":"https:\/\/www.die-stadtzeitung.de\/index.php\/wp-json\/wp\/v2\/users\/7"}],"replies":[{"embeddable":true,"href":"https:\/\/www.die-stadtzeitung.de\/index.php\/wp-json\/wp\/v2\/comments?post=51637"}],"version-history":[{"count":2,"href":"https:\/\/www.die-stadtzeitung.de\/index.php\/wp-json\/wp\/v2\/posts\/51637\/revisions"}],"predecessor-version":[{"id":51641,"href":"https:\/\/www.die-stadtzeitung.de\/index.php\/wp-json\/wp\/v2\/posts\/51637\/revisions\/51641"}],"wp:attachment":[{"href":"https:\/\/www.die-stadtzeitung.de\/index.php\/wp-json\/wp\/v2\/media?parent=51637"}],"wp:term":[{"taxonomy":"category","embeddable":true,"href":"https:\/\/www.die-stadtzeitung.de\/index.php\/wp-json\/wp\/v2\/categories?post=51637"},{"taxonomy":"post_tag","embeddable":true,"href":"https:\/\/www.die-stadtzeitung.de\/index.php\/wp-json\/wp\/v2\/tags?post=51637"}],"curies":[{"name":"wp","href":"https:\/\/api.w.org\/{rel}","templated":true}]}}