{"id":51628,"date":"2022-04-24T11:56:07","date_gmt":"2022-04-24T09:56:07","guid":{"rendered":"https:\/\/www.die-stadtzeitung.de\/?p=51628"},"modified":"2022-05-01T16:10:50","modified_gmt":"2022-05-01T14:10:50","slug":"nervenkitzel-mit-krimi-autorin-tanja-heinze","status":"publish","type":"post","link":"https:\/\/www.die-stadtzeitung.de\/index.php\/2022\/04\/24\/nervenkitzel-mit-krimi-autorin-tanja-heinze\/","title":{"rendered":"Nervenkitzel mit Krimi-Autorin Tanja Heinze"},"content":{"rendered":"<div id=\"attachment_51630\" class=\"wp-caption alignnone\" style=\"max-width: 1034px;\"><img loading=\"lazy\" decoding=\"async\" class=\"size-large wp-image-51630\" src=\"\/wp-content\/uploads\/2022\/04\/heinze_baerenmord-2-1024x753.jpg\" alt=\"\" width=\"1024\" height=\"753\" \/><span class=\"wp-caption-text\">Die Wuppertaler Autorin Tanja Heinze mit ihrem Kriminal-Roman &#8222;B\u00e4renmord&#8220; &#8211; \u00a9 Matthias M\u00fcller<\/span><\/div>\n<p>Tanja Heinze liest aus &#8222;G\u00f6tterd\u00e4mmerung&#8220;, ihrem ersten Band der Krimireihe um das Wuppertaler &#8222;Miss-Marple-Double&#8220; Mathilde Kr\u00e4henfu\u00df. Au\u00dferdem verw\u00f6hnt sie ihre Zuh\u00f6rerinnen und Zuh\u00f6rer noch mit drei Geschichten aus ihrem Episodenroman &#8222;Spuren der Seelen&#8220;.<span class=\"Apple-converted-space\">\u00a0<\/span><\/p>\n<p>Die Episode &#8222;Familienbande&#8220; erz\u00e4hlt die wahre Geschichte des alleinerziehenden Vaters &#8222;Markus&#8220; &#8211; aus den Perspektiven von ihm und seinem Sohn Tim (13). Tanja Heinze: &#8222;Beide werden bei der Lesung anwesend sein. Es ist die erste Pr\u00e4senz-Lesung aus &#8222;Spuren der Seelen&#8220;, meiner Auseinandersetzung mit der Pandemie.&#8220;<span class=\"Apple-converted-space\">\u00a0<\/span><\/p>\n<div id=\"attachment_51631\" class=\"wp-caption alignnone\" style=\"max-width: 328px;\"><img loading=\"lazy\" decoding=\"async\" class=\"wp-image-51631\" src=\"\/wp-content\/uploads\/2022\/04\/Anja-Lange.jpg\" alt=\"\" width=\"318\" height=\"318\" \/><span class=\"wp-caption-text\">Nachwuchs-Autorin Anja Lange &#8211; \u00a9 Lange<\/span><\/div>\n<p>Des Weiteren pr\u00e4sentiert Tanja Heinze die in ihrem Workshop &#8222;Kreatives Schreiben&#8220; in der WupPerle <a href=\"https:\/\/wupperle.de\/\">https:\/\/wupperle.de\/<\/a> erarbeite Kriminalkurzgeschichte &#8222;Julius&#8220; von Anja Lange. Sowohl die Verfasserin, als auch Heike Halfmann, Inhaberin des Kreativladens &#8222;WupPerle&#8220;, werden live dabei sein.<span class=\"Apple-converted-space\">\u00a0<\/span><\/p>\n<h4>Kinderbuch geht in Produktion<\/h4>\n<p>Noch eine gute Nachricht f\u00fcr die Fans der Autorin Tanja Heinze. &#8222;Fabian und die Wellenfrau&#8220;, ihr erstes Kinderbuch, das sie gemeinsam mit ihrer Autorenkollegin Jacqueline V. Droullier erarbeitet hat, geht am Montag in die Produktiont. Text: Tanja Heinze &#8211; Illustration und Lektorat: Jacqueline V. Droullier. Das Buch erscheint im Juni.<span class=\"Apple-converted-space\">\u00a0<\/span><\/p>\n<p>Mehr \u00fcber Jacqueline V. Droullier: Demn\u00e4chst an gleicher Stelle.<\/p>\n<p>&nbsp;<\/p>\n<p><strong>Termin:<\/strong><\/p>\n<p>Autorenlesung<\/p>\n<h4>TANJA HEINZE<\/h4>\n<p>Samstag &#8211; 30.04.2022 &#8211; 18:30 Uhr<\/p>\n<p>Wohnungsbaugenossenschaft ABG<\/p>\n<p>Schweriner. 12 &#8211; 42281 Wuppertal<\/p>\n<p><a href=\"https:\/\/abg-wuppertal.de\/lesung-mit-tanja-heinze\/\">https:\/\/abg-wuppertal.de\/lesung-mit-tanja-heinze\/<\/a><\/p>\n","protected":false},"excerpt":{"rendered":"<p>Spannung und Nervenkitzel gew\u00fcnscht? Dann sind Sie bei der Autorenlesung von Tanja Heinze am Samstag (30.04.) um 18:30 Uhr bei der Wohnungsbaugenossenschaft (ABG) an der richtigen Adresse.\u00a0<\/p>\n","protected":false},"author":7,"featured_media":0,"comment_status":"open","ping_status":"open","sticky":false,"template":"","format":"standard","meta":{"footnotes":""},"categories":[29],"tags":[],"class_list":["post-51628","post","type-post","status-publish","format-standard","hentry","category-kultur"],"publishpress_future_action":{"enabled":false,"date":"2026-05-04 06:35:06","action":"change-status","newStatus":"draft","terms":[],"taxonomy":"category","extraData":[]},"publishpress_future_workflow_manual_trigger":{"enabledWorkflows":[]},"_links":{"self":[{"href":"https:\/\/www.die-stadtzeitung.de\/index.php\/wp-json\/wp\/v2\/posts\/51628","targetHints":{"allow":["GET"]}}],"collection":[{"href":"https:\/\/www.die-stadtzeitung.de\/index.php\/wp-json\/wp\/v2\/posts"}],"about":[{"href":"https:\/\/www.die-stadtzeitung.de\/index.php\/wp-json\/wp\/v2\/types\/post"}],"author":[{"embeddable":true,"href":"https:\/\/www.die-stadtzeitung.de\/index.php\/wp-json\/wp\/v2\/users\/7"}],"replies":[{"embeddable":true,"href":"https:\/\/www.die-stadtzeitung.de\/index.php\/wp-json\/wp\/v2\/comments?post=51628"}],"version-history":[{"count":7,"href":"https:\/\/www.die-stadtzeitung.de\/index.php\/wp-json\/wp\/v2\/posts\/51628\/revisions"}],"predecessor-version":[{"id":51651,"href":"https:\/\/www.die-stadtzeitung.de\/index.php\/wp-json\/wp\/v2\/posts\/51628\/revisions\/51651"}],"wp:attachment":[{"href":"https:\/\/www.die-stadtzeitung.de\/index.php\/wp-json\/wp\/v2\/media?parent=51628"}],"wp:term":[{"taxonomy":"category","embeddable":true,"href":"https:\/\/www.die-stadtzeitung.de\/index.php\/wp-json\/wp\/v2\/categories?post=51628"},{"taxonomy":"post_tag","embeddable":true,"href":"https:\/\/www.die-stadtzeitung.de\/index.php\/wp-json\/wp\/v2\/tags?post=51628"}],"curies":[{"name":"wp","href":"https:\/\/api.w.org\/{rel}","templated":true}]}}