{"id":51365,"date":"2022-04-12T10:10:40","date_gmt":"2022-04-12T08:10:40","guid":{"rendered":"https:\/\/www.die-stadtzeitung.de\/?p=51365"},"modified":"2022-04-21T14:31:33","modified_gmt":"2022-04-21T12:31:33","slug":"wuppertaler-sv-schlaegt-1-fc-koeln-u23-in-unterzahl","status":"publish","type":"post","link":"https:\/\/www.die-stadtzeitung.de\/index.php\/2022\/04\/12\/wuppertaler-sv-schlaegt-1-fc-koeln-u23-in-unterzahl\/","title":{"rendered":"Wuppertaler SV schl\u00e4gt 1. FC K\u00f6ln U23 in Unterzahl"},"content":{"rendered":"<div id=\"attachment_51367\" class=\"wp-caption alignnone\" style=\"max-width: 1034px;\"><img loading=\"lazy\" decoding=\"async\" class=\"size-large wp-image-51367\" src=\"\/wp-content\/uploads\/2022\/04\/Classen-17-04-2021-142-2-1024x778.jpg\" alt=\"\" width=\"1024\" height=\"778\" \/><span class=\"wp-caption-text\">Zwei strahlende Torsch\u00fctzen: Niklas Heidemann und Lion Schweers &#8211; \u00a9 Jochen Classen<\/span><\/div>\n<p>Die offensivstarken K\u00f6lner starteten furios. Nach einer Flanke rechts k\u00f6pfte Joshua Schwirten acht Metern den Ball knapp \u00fcber die Latte des Tores von WSV-Schlussmann Sebastian Patzler (2.).<span class=\"Apple-converted-space\">\u00a0<\/span><\/p>\n<p>Danach tat sich fast eine halbe Stunde lang vor beiden Toren wenig, die Partie spielte sich fast ausschlie\u00dflich im Mittelfeld ab.<\/p>\n<p>Riesen-Aufreger in der 44. Minute. Schiedsrichter Lars Aarts zeigte Durim Berisha nach einem Zweikampf an der Seitenlinie in H\u00f6he der K\u00f6lner Auswechselbank die Rote Karte. Angeblich hatte der Wuppertaler seinen Ellenbogen platzverweisreif gegen seinen Gegenspieler eingesetzt.<span class=\"Apple-converted-space\">\u00a0<\/span><\/p>\n<p>Trotz eines Spieler weniger bestimmten die Gastgeber in der zweiten Halbzeit das Spiel. Moritz Montag konnte in der 50. Minute nur durch ein Foul von Bright Akwo Arrey Mbi gestoppt werden.<span class=\"Apple-converted-space\">\u00a0<\/span><\/p>\n<p>Zwei Minute sp\u00e4ter klingelte es im K\u00f6lner Tor: Ein Eckball von Semir Saric landete auf dem Scheitel von Lion Schweers und der liess K\u00f6lns Torwart Urbig mit seinem Kopfball keine Chance. 1:0 f\u00fcr den WSV (52.)<span class=\"Apple-converted-space\">\u00a0<\/span><\/p>\n<div id=\"attachment_51325\" class=\"wp-caption alignnone\" style=\"max-width: 569px;\"><img loading=\"lazy\" decoding=\"async\" class=\" wp-image-51325\" src=\"\/wp-content\/uploads\/2022\/04\/Classen-14-04-2021-145-2-1024x729.jpg\" alt=\"\" width=\"559\" height=\"398\" \/><span class=\"wp-caption-text\">Ein v\u00f6llig entt\u00e4uschter Durim Berisha &#8211; \u00a9 \u00a0Archivfoto Jochen Classen<\/span><\/div>\n<p>Auch in der Folgezeit blieb das dezimierte Team von Cheftrainer Bj\u00f6rn Mehnert am Dr\u00fccker. In der 68. Minute das 2:0 und damit die Vorentscheidung: Philipp Hankes Flanke nahm Niklas Heidemann im Strafraum direkt aus der Luft und traf flach links unten zum 2:0 (68.).<span class=\"Apple-converted-space\">\u00a0<\/span><\/p>\n<p>Zehn Minuten sp\u00e4ter beinahe sogar das 3:0 f\u00fcr die Wuppertaler: Semir Saric umkurvte zun\u00e4chst zwei K\u00f6lner Abwehrspieler, dann auch noch den G\u00e4stekeeper, aber als er den Ball \u00fcber die Torlinie schieben wollte, konnte Torwart Jonas Urbig doch noch mit einem sehenswerten Hechtsprung zur Ecke kl\u00e4ren (88.).<\/p>\n<p>Wenige Minuten sp\u00e4ter pfiff der Schiedrichter das Spiel ab.<span class=\"Apple-converted-space\">\u00a0<\/span><\/p>\n<p>Das n\u00e4chste Meisterschaftsspiel bestreitet die Mannschaft von Bj\u00f6rn Mehnert bereits am kommenden Mittwoch (20.04.) um 19:00 Uhr. Zu Gast im Stadion am Zoo ist in der Nachholpartie des 32. Spieltags der KFC Uerdingen.<\/p>\n<h4>Wuppertaler SV &#8211; 1. FC K\u00f6ln U23 2:0 (0:0)<\/h4>\n<p><b>Aufstellung Wuppertaler SV:<\/b><\/p>\n<p>1 Sebastian Patzler &#8211; 27 Kevin Pytlik, 25 Lion Schweers, 22 Durim Berisha &#8211; 14 Philipp Hanke, 26 Dominik Bilogrevic (53. 5 Felix Backszat), 10 Kevin Rodrigues Pires, 33 Niklas Heidemann &#8211; 2 Moritz Montag (75. 21 Noah Salau), 48 Marco K\u00f6nigs (77. 18 Roman Prokoph), 7 Semir Saric (88. 3 Nick Galle)<\/p>\n<p>Trainer: Bj\u00f6rn Mehnert<\/p>\n<p><b>Aufstellung 1. FC K\u00f6ln U21:<\/b><\/p>\n<p>1 Jonas Kurt Urbig &#8211; 20 Ricardo-Oliver Henning (69. 2 Philipp H\u00f6ffler), 5 Yusuf \u00d6rnek, 4 Bright Akwo Arrey Mbi (59. 3 Winzent Suchanek), 12 Mert Kuyucu &#8211; 6 Georg Strauch (59. 13 Lukas Nottbeck) &#8211; 10 Justin Petermann, 8 Joshua Schwirten, 19 Marvin Ayhan Obuz &#8211; 21 Oliver Issa Schmitt, 18 Hendrik Mittelst\u00e4dt (59. 7 Thomas Kraus)<\/p>\n<p>Trainer: Mark Zimmermann<\/p>\n<p><b>Stadion: <\/b>Stadion am Zoo<\/p>\n<p><b>Zuschauer: <\/b>976<\/p>\n<p><b>Tore:<\/b> 1:0 Schweers (52.), 2:0 Heidemann (68.)<\/p>\n<p><b>Gelbe Karten: <\/b>Rodrigues Pires (28.), Heidemann (32.), El Hajjaj (61.) &#8211; Arrey Mbi (50.)<\/p>\n<p><b>Rote Karte:<\/b> Berisha (44.)<\/p>\n","protected":false},"excerpt":{"rendered":"<p>Drei Tage nach der schmerzhaften 0:2-Heimniederlage gegen die U23 von Fortuna D\u00fcsseldorf gelang dem Wuppertaler SV jetzt ein 2:0 (0:0)-Sieg gegen die U23 des 1. FC K\u00f6ln. Und das sogar in Unterzahl. Derim Berisha hatte in der 44. Minute die Rote Karte gesehen.<\/p>\n","protected":false},"author":7,"featured_media":0,"comment_status":"open","ping_status":"open","sticky":false,"template":"","format":"standard","meta":{"footnotes":""},"categories":[20],"tags":[],"class_list":["post-51365","post","type-post","status-publish","format-standard","hentry","category-sport"],"publishpress_future_action":{"enabled":false,"date":"2026-05-08 02:35:09","action":"change-status","newStatus":"draft","terms":[],"taxonomy":"category","extraData":[]},"publishpress_future_workflow_manual_trigger":{"enabledWorkflows":[]},"_links":{"self":[{"href":"https:\/\/www.die-stadtzeitung.de\/index.php\/wp-json\/wp\/v2\/posts\/51365","targetHints":{"allow":["GET"]}}],"collection":[{"href":"https:\/\/www.die-stadtzeitung.de\/index.php\/wp-json\/wp\/v2\/posts"}],"about":[{"href":"https:\/\/www.die-stadtzeitung.de\/index.php\/wp-json\/wp\/v2\/types\/post"}],"author":[{"embeddable":true,"href":"https:\/\/www.die-stadtzeitung.de\/index.php\/wp-json\/wp\/v2\/users\/7"}],"replies":[{"embeddable":true,"href":"https:\/\/www.die-stadtzeitung.de\/index.php\/wp-json\/wp\/v2\/comments?post=51365"}],"version-history":[{"count":3,"href":"https:\/\/www.die-stadtzeitung.de\/index.php\/wp-json\/wp\/v2\/posts\/51365\/revisions"}],"predecessor-version":[{"id":51369,"href":"https:\/\/www.die-stadtzeitung.de\/index.php\/wp-json\/wp\/v2\/posts\/51365\/revisions\/51369"}],"wp:attachment":[{"href":"https:\/\/www.die-stadtzeitung.de\/index.php\/wp-json\/wp\/v2\/media?parent=51365"}],"wp:term":[{"taxonomy":"category","embeddable":true,"href":"https:\/\/www.die-stadtzeitung.de\/index.php\/wp-json\/wp\/v2\/categories?post=51365"},{"taxonomy":"post_tag","embeddable":true,"href":"https:\/\/www.die-stadtzeitung.de\/index.php\/wp-json\/wp\/v2\/tags?post=51365"}],"curies":[{"name":"wp","href":"https:\/\/api.w.org\/{rel}","templated":true}]}}