{"id":51340,"date":"2022-04-10T09:31:00","date_gmt":"2022-04-10T07:31:00","guid":{"rendered":"https:\/\/www.die-stadtzeitung.de\/?p=51340"},"modified":"2022-04-18T12:04:25","modified_gmt":"2022-04-18T10:04:25","slug":"wsv-eine-verstaerkung-und-zwei-verlaengerungen","status":"publish","type":"post","link":"https:\/\/www.die-stadtzeitung.de\/index.php\/2022\/04\/10\/wsv-eine-verstaerkung-und-zwei-verlaengerungen\/","title":{"rendered":"WSV: Eine Verst\u00e4rkung und zwei Verl\u00e4ngerungen"},"content":{"rendered":"<div id=\"attachment_51341\" class=\"wp-caption alignnone\" style=\"max-width: 1034px;\"><img loading=\"lazy\" decoding=\"async\" class=\"size-large wp-image-51341\" src=\"\/wp-content\/uploads\/2022\/04\/Bild-15.04.22-um-09.05-1024x701.jpg\" alt=\"\" width=\"1024\" height=\"701\" \/><span class=\"wp-caption-text\">WSV-Neuzugang Tobias Peitz mit Sportdirektor Stephan K\u00fcsters (r.) &#8211; \u00a9 Wuppertaler SV<\/span><\/div>\n<p>Stephan K\u00fcsters, sportlicher Leiter zur Verpflichtung: \u201eTobi ist ein Fu\u00dfballer, der in dieser Saison als junger Spieler zu den Leistungstr\u00e4gern in Straelen geh\u00f6rt und schon \u00fcber eine gewisse Erfahrung verf\u00fcgt.\u201c Besonders von der Art und Weise seines Spiels ist K\u00fcsters \u00fcberzeugt: \u201eEr ist sehr laufstark und fu\u00dfballerisch richtig gut. F\u00fcr die Gegner ist er deshalb oft schwierig auszurechnen. F\u00fcr sein Alter ist er schon h\u00e4ufig ein Spieler, der den Unterschied machen kann.\u201c<\/p>\n<p>\u201eDer Wuppertaler SV ist ein Traditionsverein und auf genau so einen Verein hatte ich richtig Bock\u201c, freut sich Tobias Peitz auf den Wechsel. Er f\u00fcgt an: \u201eDie Ambitionen und die Philosophie die mir vom Trainer und auch von Stephan K\u00fcsters sowie Gaetano Manno vermittelt wurden, passen perfekt zu meinen Zielen.\u201c<\/p>\n<p>Zu seinen pers\u00f6nlichen Zielen geh\u00f6re vor allem, den WSV in den oberen Tabellenregionen zu etablieren und Rot-Blau \u201ezu einem Aufstiegskandidaten zu machen.\u201c Denn: \u201eMit dieser Stadt, den Fans und dem Stadion geh\u00f6rt Wuppertal auch in der Tabelle nach oben.\u201c<\/p>\n<p>Pers\u00f6nlich sieht er den Wechsel auch als Chance: \u201eIch will mich fu\u00dfballerisch weiterentwickeln und werde alles geben, um beim WSV erfolgreich zu sein.\u201c Der geb\u00fcrtige Ratinger wurde in der Jugend von Fortuna D\u00fcsseldorf ausgebildet, ehe es ihn zum Oberligisten Ratingen 04\/19 zog, wo er im September 2017 gegen den SV Straelen im Seniorenbereich deb\u00fctierte.<\/p>\n<p>Es folgten 71 weitere Eins\u00e4tze in der Oberliga (5 Tore, 2 Assists) und der Wechsel im Sommer zum SV Straelen. Dort z\u00e4hlte er von Beginn an zu den absoluten Leistungstr\u00e4gern und absolvierte bisher 62 Partien (3 Tore, 3 Assists).<\/p>\n<div id=\"attachment_51342\" class=\"wp-caption alignnone\" style=\"max-width: 660px;\"><img loading=\"lazy\" decoding=\"async\" class=\"wp-image-51342 \" src=\"\/wp-content\/uploads\/2022\/04\/Bild-15.04.22-um-09.25-1-1024x797.jpg\" alt=\"\" width=\"650\" height=\"506\" \/><span class=\"wp-caption-text\">Bleibt: Lion Schweers &#8211; \u00a9 Wuppertaler SV<\/span><\/div>\n<h4>Verteidiger-Duo bleibt:\u00a0Schweers und Salau verl\u00e4ngern<\/h4>\n<p>Der Wuppertaler SV hat die Vertr\u00e4ge mit den Innenverteidigern Lion Schweers und Noah Salau verl\u00e4ngert. Beide werden damit auch in der Saison 2022\/2023 f\u00fcr den WSV auflaufen.<\/p>\n<p>Stephan K\u00fcsters, sportlicher Leiter beim WSV, freut sich \u00fcber die Verl\u00e4ngerungen: \u201eMit Lion Schweers und Noah Salau haben zwei Leistungstr\u00e4ger ihre Vertr\u00e4ge verl\u00e4ngert. Wir haben mit die beste Abwehr in der Liga.\u201c Au\u00dferdem sieht er darin auch ein Zeichen nach au\u00dfen: \u201eWir sind bestrebt, das Team so weit es geht zusammenzuhalten. Die Jungs kennen das Team, das Umfeld.\u201c<\/p>\n<p>Lion Schweers wechselte kurz vor dem Start der aktuellen Saison von den W\u00fcrzburger Kickers an die Wupper. Schnell avancierte der gro\u00df gewachsene 26-j\u00e4hrige zum Stammpersonal und kommt bisher auf 29 Eins\u00e4tze f\u00fcr Rot-Blau. Dabei entdeckt er auch ganz neue Talente: Vor seinem Wechsel standen erst drei Tore in seiner Vita, in bisher 29 Eins\u00e4tzen f\u00fcr den WSV gelangen ihm schon satte f\u00fcnf Treffer.<\/p>\n<div id=\"attachment_51343\" class=\"wp-caption alignnone\" style=\"max-width: 660px;\"><img loading=\"lazy\" decoding=\"async\" class=\"wp-image-51343\" src=\"\/wp-content\/uploads\/2022\/04\/Bild-15.04.22-um-09.25-2-1024x817.jpg\" alt=\"\" width=\"650\" height=\"519\" \/><span class=\"wp-caption-text\">Bleibt: Noah Salau (l.) &#8211; \u00a9 Wuppertaler SV<\/span><\/div>\n<p>Mit Noah Salau hat ein weiterer Innenverteidiger seinen Vertrag verl\u00e4ngert. Der 25-j\u00e4hrige spielte schon in der Jugend in Wuppertal und deb\u00fctierte im Mai 2015 beim 1. FC Bocholt, wo der WSV im Anschluss den Aufstieg in die Regionalliga feiern konnte. Mit kurzen Stationen bei TuRu D\u00fcsseldorf und dem 1. FC Monheim geh\u00f6rt er seit 2019 wieder zum Kader des WSV. Bisher absolvierte er 102 Eins\u00e4tze (3 Tore, 5 Assists).<\/p>\n<p>Noah Salau: \u201eIch freue mich darauf, weiterhin beim WSV zu bleiben.\u201c Vorrangig geht es ihm darum, aber erstmal die aktuelle Saison zu Ende zu spielen: \u201eWir waren bisher sehr erfolgreich und wollen die letzten Spiele auch m\u00f6glichst erfolgreich bestreiten.\u201c<\/p>\n","protected":false},"excerpt":{"rendered":"<p>Der Wuppertaler SV plant bereits f\u00fcr die Saison 2022\/2023 und kann die erste Verst\u00e4rkung vermelden. Vom Liga-Konkurrenten SV Straelen kommt Tobias Peitz an die Wupper. Der 23-j\u00e4hrige ist f\u00fcr  im zentralen Mittelfeld.<\/p>\n","protected":false},"author":7,"featured_media":0,"comment_status":"open","ping_status":"open","sticky":false,"template":"","format":"standard","meta":{"footnotes":""},"categories":[20],"tags":[],"class_list":["post-51340","post","type-post","status-publish","format-standard","hentry","category-sport"],"publishpress_future_action":{"enabled":false,"date":"2026-05-07 15:22:30","action":"change-status","newStatus":"draft","terms":[],"taxonomy":"category","extraData":[]},"publishpress_future_workflow_manual_trigger":{"enabledWorkflows":[]},"_links":{"self":[{"href":"https:\/\/www.die-stadtzeitung.de\/index.php\/wp-json\/wp\/v2\/posts\/51340","targetHints":{"allow":["GET"]}}],"collection":[{"href":"https:\/\/www.die-stadtzeitung.de\/index.php\/wp-json\/wp\/v2\/posts"}],"about":[{"href":"https:\/\/www.die-stadtzeitung.de\/index.php\/wp-json\/wp\/v2\/types\/post"}],"author":[{"embeddable":true,"href":"https:\/\/www.die-stadtzeitung.de\/index.php\/wp-json\/wp\/v2\/users\/7"}],"replies":[{"embeddable":true,"href":"https:\/\/www.die-stadtzeitung.de\/index.php\/wp-json\/wp\/v2\/comments?post=51340"}],"version-history":[{"count":2,"href":"https:\/\/www.die-stadtzeitung.de\/index.php\/wp-json\/wp\/v2\/posts\/51340\/revisions"}],"predecessor-version":[{"id":51353,"href":"https:\/\/www.die-stadtzeitung.de\/index.php\/wp-json\/wp\/v2\/posts\/51340\/revisions\/51353"}],"wp:attachment":[{"href":"https:\/\/www.die-stadtzeitung.de\/index.php\/wp-json\/wp\/v2\/media?parent=51340"}],"wp:term":[{"taxonomy":"category","embeddable":true,"href":"https:\/\/www.die-stadtzeitung.de\/index.php\/wp-json\/wp\/v2\/categories?post=51340"},{"taxonomy":"post_tag","embeddable":true,"href":"https:\/\/www.die-stadtzeitung.de\/index.php\/wp-json\/wp\/v2\/tags?post=51340"}],"curies":[{"name":"wp","href":"https:\/\/api.w.org\/{rel}","templated":true}]}}