{"id":51328,"date":"2022-04-10T14:40:51","date_gmt":"2022-04-10T12:40:51","guid":{"rendered":"https:\/\/www.die-stadtzeitung.de\/?p=51328"},"modified":"2022-04-21T14:56:33","modified_gmt":"2022-04-21T12:56:33","slug":"stadtzeitung-wuenscht-ein-harmonisches-ostfest","status":"publish","type":"post","link":"https:\/\/www.die-stadtzeitung.de\/index.php\/2022\/04\/10\/stadtzeitung-wuenscht-ein-harmonisches-ostfest\/","title":{"rendered":"STADTZEITUNG w\u00fcnscht ein harmonisches Ostfest"},"content":{"rendered":"<div id=\"attachment_51330\" class=\"wp-caption alignnone\" style=\"max-width: 1034px;\"><img loading=\"lazy\" decoding=\"async\" class=\"size-large wp-image-51330\" src=\"\/wp-content\/uploads\/2022\/04\/Achim-Otto-bot-Garten-4-2-1024x684.jpeg\" alt=\"\" width=\"1024\" height=\"684\" \/><span class=\"wp-caption-text\">Fr\u00fchlingshafte Oster-Stimmung am Elisenturm auf der Hardt &#8211; \u00a9 Achim Otto<\/span><\/div>\n<p>Zu sehr bestimmen die schlimmen, dramatischen Nachrichten aus der Ukraine inzwischen unseren Alltag, der wieder normaler zu werden schien, seit die Corona-Beschr\u00e4nkungen zum gro\u00dfen Teil von Bund und L\u00e4ndern kassiert worden sind.<\/p>\n<p>Doch von Normalit\u00e4t sind wir Lichtjahre entfernt. Deshalb w\u00fcnschen wir allen Leserinnen und Lesern ein beschauliches, harmonisches Osterfest im Kreise Ihrer Familien, Verwandten oder Freunde.<\/p>\n<p><strong>Ihr STADTZEITUNGS-Team<\/strong><\/p>\n<div id=\"attachment_51331\" class=\"wp-caption alignnone\" style=\"max-width: 1034px;\"><img loading=\"lazy\" decoding=\"async\" class=\"size-large wp-image-51331\" src=\"\/wp-content\/uploads\/2022\/04\/Achim-Otto-Schwebebahn-2-1024x684.jpeg\" alt=\"\" width=\"1024\" height=\"684\" \/><span class=\"wp-caption-text\">Die Schwebebahn f\u00e4hrt durch den Fr\u00fchling &#8211; \u00a9 Achim Otto<\/span><\/div>\n","protected":false},"excerpt":{"rendered":"<p>In Zeiten, in denen im Herzen von Europa ein brutaler, grausamer Angriffskrieg stattfindet, in dem unz\u00e4hlige Menschen &#8211; auch unschuldige Frauen und Kinder &#8211; sinnlos sterben, ein unbeschwertes, heiteres und frohes Osterfest zu feiern, d\u00fcrfte vielen unm\u00f6glich sein.<\/p>\n","protected":false},"author":7,"featured_media":0,"comment_status":"open","ping_status":"open","sticky":false,"template":"","format":"standard","meta":{"footnotes":""},"categories":[24],"tags":[],"class_list":["post-51328","post","type-post","status-publish","format-standard","hentry","category-wuppertal"],"publishpress_future_action":{"enabled":false,"date":"2026-05-04 17:19:35","action":"change-status","newStatus":"draft","terms":[],"taxonomy":"category","extraData":[]},"publishpress_future_workflow_manual_trigger":{"enabledWorkflows":[]},"_links":{"self":[{"href":"https:\/\/www.die-stadtzeitung.de\/index.php\/wp-json\/wp\/v2\/posts\/51328","targetHints":{"allow":["GET"]}}],"collection":[{"href":"https:\/\/www.die-stadtzeitung.de\/index.php\/wp-json\/wp\/v2\/posts"}],"about":[{"href":"https:\/\/www.die-stadtzeitung.de\/index.php\/wp-json\/wp\/v2\/types\/post"}],"author":[{"embeddable":true,"href":"https:\/\/www.die-stadtzeitung.de\/index.php\/wp-json\/wp\/v2\/users\/7"}],"replies":[{"embeddable":true,"href":"https:\/\/www.die-stadtzeitung.de\/index.php\/wp-json\/wp\/v2\/comments?post=51328"}],"version-history":[{"count":2,"href":"https:\/\/www.die-stadtzeitung.de\/index.php\/wp-json\/wp\/v2\/posts\/51328\/revisions"}],"predecessor-version":[{"id":51332,"href":"https:\/\/www.die-stadtzeitung.de\/index.php\/wp-json\/wp\/v2\/posts\/51328\/revisions\/51332"}],"wp:attachment":[{"href":"https:\/\/www.die-stadtzeitung.de\/index.php\/wp-json\/wp\/v2\/media?parent=51328"}],"wp:term":[{"taxonomy":"category","embeddable":true,"href":"https:\/\/www.die-stadtzeitung.de\/index.php\/wp-json\/wp\/v2\/categories?post=51328"},{"taxonomy":"post_tag","embeddable":true,"href":"https:\/\/www.die-stadtzeitung.de\/index.php\/wp-json\/wp\/v2\/tags?post=51328"}],"curies":[{"name":"wp","href":"https:\/\/api.w.org\/{rel}","templated":true}]}}