{"id":512,"date":"2015-06-12T10:10:22","date_gmt":"2015-06-12T08:10:22","guid":{"rendered":"http:\/\/192.168.10.16\/newsportal\/stadtzeitung\/index.php\/2015\/06\/12\/freitag-12-juni-2015-astrein\/"},"modified":"2015-06-12T10:10:22","modified_gmt":"2015-06-12T08:10:22","slug":"freitag-12-juni-2015-astrein","status":"publish","type":"post","link":"https:\/\/www.die-stadtzeitung.de\/index.php\/2015\/06\/12\/freitag-12-juni-2015-astrein\/","title":{"rendered":"Freitag, 12. Juni 2015 Astrein!"},"content":{"rendered":"<img loading=\"lazy\" decoding=\"async\" class=\" size-full wp-image-511\" src=\"https:\/\/www.die-stadtzeitung.de\/wp-content\/uploads\/2015\/06\/605a5b56c8e1f29c51548653d6f1dfc8.jpg\" alt=\"\" class=\"caption\" title=\"Wildes Holz\" width=\"770\" height=\"568\" \/>\n<p>Eine Konzertgitarre, ein Kontrabass und die gemeine Blockfl\u00f6te: wenn das nicht mal eine astreine Besetzung f\u00fcr eine Rockband ist! &#8211; Das dachten sich die drei M\u00e4nner von \u201eWildes Holz\u201c auch.<\/p>\n<p>  <!--more-->  <\/p>\n<p>20:00 Uhr, Immanuelskirche<\/p>\n","protected":false},"excerpt":{"rendered":"<p>Eine Konzertgitarre, ein Kontrabass und die gemeine Blockfl\u00f6te: wenn das nicht mal eine astreine Besetzung f\u00fcr eine Rockband ist! &#8211; Das dachten sich die drei M\u00e4nner von \u201eWildes Holz\u201c auch.<\/p>\n","protected":false},"author":4,"featured_media":511,"comment_status":"open","ping_status":"closed","sticky":false,"template":"","format":"standard","meta":{"footnotes":""},"categories":[28],"tags":[282,284,283],"class_list":["post-512","post","type-post","status-publish","format-standard","hentry","category-termine","tag-astrein","tag-immanuelskirche","tag-wildes-holz"],"publishpress_future_action":{"enabled":false,"date":"2026-05-09 08:00:18","action":"change-status","newStatus":"draft","terms":[],"taxonomy":"category","extraData":[]},"publishpress_future_workflow_manual_trigger":{"enabledWorkflows":[]},"_links":{"self":[{"href":"https:\/\/www.die-stadtzeitung.de\/index.php\/wp-json\/wp\/v2\/posts\/512","targetHints":{"allow":["GET"]}}],"collection":[{"href":"https:\/\/www.die-stadtzeitung.de\/index.php\/wp-json\/wp\/v2\/posts"}],"about":[{"href":"https:\/\/www.die-stadtzeitung.de\/index.php\/wp-json\/wp\/v2\/types\/post"}],"author":[{"embeddable":true,"href":"https:\/\/www.die-stadtzeitung.de\/index.php\/wp-json\/wp\/v2\/users\/4"}],"replies":[{"embeddable":true,"href":"https:\/\/www.die-stadtzeitung.de\/index.php\/wp-json\/wp\/v2\/comments?post=512"}],"version-history":[{"count":0,"href":"https:\/\/www.die-stadtzeitung.de\/index.php\/wp-json\/wp\/v2\/posts\/512\/revisions"}],"wp:featuredmedia":[{"embeddable":true,"href":"https:\/\/www.die-stadtzeitung.de\/index.php\/wp-json\/wp\/v2\/media\/511"}],"wp:attachment":[{"href":"https:\/\/www.die-stadtzeitung.de\/index.php\/wp-json\/wp\/v2\/media?parent=512"}],"wp:term":[{"taxonomy":"category","embeddable":true,"href":"https:\/\/www.die-stadtzeitung.de\/index.php\/wp-json\/wp\/v2\/categories?post=512"},{"taxonomy":"post_tag","embeddable":true,"href":"https:\/\/www.die-stadtzeitung.de\/index.php\/wp-json\/wp\/v2\/tags?post=512"}],"curies":[{"name":"wp","href":"https:\/\/api.w.org\/{rel}","templated":true}]}}