{"id":51172,"date":"2022-04-07T15:10:40","date_gmt":"2022-04-07T13:10:40","guid":{"rendered":"https:\/\/www.die-stadtzeitung.de\/?p=51172"},"modified":"2022-04-07T15:10:40","modified_gmt":"2022-04-07T13:10:40","slug":"wuppertalerinnen-raeumen-bei-jugend-forscht-ab","status":"publish","type":"post","link":"https:\/\/www.die-stadtzeitung.de\/index.php\/2022\/04\/07\/wuppertalerinnen-raeumen-bei-jugend-forscht-ab\/","title":{"rendered":"Wuppertalerinnen r\u00e4umen bei &#8222;Jugend forscht&#8220; ab"},"content":{"rendered":"<div id=\"attachment_51176\" class=\"wp-caption alignnone\" style=\"max-width: 1034px;\"><img loading=\"lazy\" decoding=\"async\" class=\"size-large wp-image-51176\" src=\"\/wp-content\/uploads\/2022\/04\/2021-0056-2-1024x638.jpg\" alt=\"\" width=\"1024\" height=\"638\" \/><span class=\"wp-caption-text\">44 Projekte waren bei dem NRW-Landeswettbewerb \u201eJugend forscht\u201c 2022 dabei &#8211; \u00a9 Bayer AG<\/span><\/div>\n<p>\u201eWir freuen uns, dass in diesen Pandemiezeiten trotz der erschwerten Bedingungen so viele Wissenschaftlerinnen und Wissenschaftler von morgen teilgenommen haben. Das zeigt, wie gro\u00df ihre Leidenschaft f\u00fcr die Forschung ist und ihr Wunsch, Probleme durch Innovationen zu l\u00f6sen. Herzlichen Gl\u00fcckwunsch an alle Teilnehmerinnen und Teilnehmer und besonders an diejenigen, die heute den Schritt Richtung Bundeswettbewerb geschafft haben\u201c, sagte Dr. Monika Lessl, Senior Vice President Corporate R&amp;D und Social Innovation sowie Executive Director der Bayer Foundation im Rahmen der Preisverleihung.<span class=\"Apple-converted-space\">\u00a0<\/span><\/p>\n<p>Neben Monika Lessl nahmen Dr. Nico Kock, stellvertretender Gesch\u00e4ftsf\u00fchrer und Vorstand der Stiftung Jugend forscht e. V., sowie Dr. Carsten Penz, Landeswettbewerbsleiter Jugend forscht NRW, an der Feier teil. Yvonne Gebauer, Ministerin f\u00fcr Schule und Bildung des Landes Nordrhein-Westfalen, wandte sich in einer Videobotschaft an die Feiernden.<span class=\"Apple-converted-space\">\u00a0<\/span><\/p>\n<p>69 Jugendliche und junge Erwachsene im Alter von 15 bis 21 Jahre \u2013 allesamt Bestplatzierte der vorangegangenen Regionalrunden \u2013 stellten die insgesamt 44 Projekte den Jurymitgliedern virtuell vor. Die Preisverleihung wurde aus der BayArena live im Internet \u00fcbertragen.<span class=\"Apple-converted-space\">\u00a0<\/span><\/p>\n<p>Wie immer waren sowohl Einzelstarter als auch Zweier- und Dreierteams in den Kategorien Arbeitswelt, Biologie, Chemie, Geo- und Raumwissenschaften, Mathematik\/Informatik, Physik und Technik an den Start gegangen. Die Fachgebiete \u201eTechnik\u201c und \u201eArbeitswelt\u201c waren mit 16 bzw. 12 Projekten in diesem Jahr besonders beliebt.<span class=\"Apple-converted-space\">\u00a0<\/span><\/p>\n<div id=\"attachment_51177\" class=\"wp-caption alignnone\" style=\"max-width: 609px;\"><img loading=\"lazy\" decoding=\"async\" class=\" wp-image-51177\" src=\"\/wp-content\/uploads\/2022\/04\/2021-0056-2-1-1024x574.jpg\" alt=\"\" width=\"599\" height=\"336\" \/><span class=\"wp-caption-text\">v.l n.r Dr. Niko Kock, Stellvertretender Gesch\u00e4ftsf\u00fchrer und Vorstand der Stiftung Jugend forscht e. V.,\u00a0Dr. Monika Lessl, Senior Vice President, Head Corporate R&amp;D and Social Innovation Executive Director Bayer Foundation &#8211; \u00a9 Bayer AG<\/p>\n<p><\/span><\/div>\n<p><span style=\"font-size: 16px;\">Die Jury verlieh neun erste Preise in den sieben Fachgebieten und die damit verbundenen Tickets f\u00fcr den Bundeswettbewerb, der vom 26. bis 29. Mai in L\u00fcbeck stattfinden wird, wie folgt:<\/span><\/p>\n<p><b>Arbeitswelt: <\/b>Nils Wetzels, Tom Conrad und Vincent Van Husen von der LEMKEN GmbH &amp; Co. KG, Alpen f\u00fcr \u201eSelbstfahrende MINI-Hacke\u201c sowie Nikolaj Schlumbohm, Ansgar Tumbrink und Lennart Steinga\u00df vom Annette-von-Droste-H\u00fclshoff-Gymnasium, M\u00fcnster f\u00fcr \u201eEntwicklung einer innovativen Kochbuch-App zur Minimierung von Lebensmittelabf\u00e4llen\u201c<\/p>\n<p><b>Chemie:<\/b> Jule Hannah Tappe von der Ravensberger Erfinderwerkstatt, Halle (Westf.) f\u00fcr \u201eCarotinoide \u2013 Eine Alternative mit Zukunft? F\u00e4rbung von Baumwolle mit Carotin\u201c<\/p>\n<p><b>Geo- und Raumwissenschaften: <\/b>Gloria Gabriel und Lynn Ascheuer vom Carl-Fuhlrott-Gymnasium Wuppertal f\u00fcr \u201eWissenschaftliche Untersuchung des Sterns Mira im Sternbild Walfisch\u201c sowie<span class=\"Apple-converted-space\">\u00a0<\/span><\/p>\n<p>Lukas Weghs vom Thomaeum \u2013 St\u00e4dtisches Gymnasium Kempen f\u00fcr \u201cPhotometric Search for Exomoons by using Ensembles of Machine Learning algorithms\u201d<\/p>\n<p><b>Mathematik\/Informatik:<\/b> Friedrich Vock vom Wilhelm-D\u00f6rpfeld-Gymnasium, Wuppertal f\u00fcr \u201eHardwarebeschleunigtes Path Tracing zur Generierung realit\u00e4tsnaher Bilder\u201c<\/p>\n<p><b>Physik:<\/b> Carlos Steiner Navarro von Deutsche Schule &#8222;Albrecht D\u00fcrer&#8220;, Sevilla (SPANIEN) f\u00fcr \u201eUntersuchung der waagerechten und vertikalen diamagnetischen Levitation\u201c<\/p>\n<p><b>Technik:<\/b> Lauri Wilps von der K\u00f6nigin-Luise-Schule, K\u00f6ln f\u00fcr \u201eFeuermelder mit L\u00f6schfunktion\u201c<\/p>\n<p><b>Bestes interdisziplin\u00e4res Projekt: <\/b>Rufus Wegner vom St\u00e4dtisches St. Michael-Gymnasium, Bad M\u00fcnstereifel f\u00fcr \u201eWechselertrags-Polykultur (WEP)\u201c<\/p>\n<p>Im Rahmen der Sonderpreise zeichnete die Bayer AG Felix Haschke vom Evangelisches Gymnasium Werther, Werther (Westf.) f\u00fcr seine herausragenden Leistungen im Themenbereich Mathematik\/Informatik f\u00fcr sein Projekt \u201cAbst\u00e4nde und Winkel in n-dimensionalen Vektorr\u00e4umen\u201d aus.<\/p>\n<p>\u201eGemeinsam junge Talente f\u00f6rdern\u201c \u2013 unter diesem Motto sind ab 2022 die Bayer AG, Henkel und die Ruhr-Universit\u00e4t Bochum im j\u00e4hrlichen Wechsel Gastgeber f\u00fcr den Landeswettbewerb \u201eJugend forscht\u201c in Nordrhein-Westfalen.<span class=\"Apple-converted-space\">\u00a0<\/span><\/p>\n<p>W\u00e4hrend Bayer zu den Gr\u00fcndungspaten des Wettbewerbs geh\u00f6rt und seit 1965 ununterbrochen Gastgeber des Landeswettbewerbs war, \u00fcbernehmen Henkel und die Ruhr-Universit\u00e4t Bochum die Rolle neu.<span class=\"Apple-converted-space\">\u00a0<\/span><\/p>\n<p>Das Engagement bei Jugend forscht stellt dabei f\u00fcr die neuen Landespaten eine hervorragende Erg\u00e4nzung ihrer bereits bestehenden F\u00f6rderprogramme insbesondere im Bereich der Naturwissenschaften dar.<span class=\"Apple-converted-space\">\u00a0<\/span><\/p>\n<p><i>Alle Platzierungen und Sonderpreise <\/i><a href=\"https:\/\/media.bayer.de\/baynews\/baynews.nsf\/id\/jugend-forscht-2022\"><i>hier<\/i><\/a><\/p>\n","protected":false},"excerpt":{"rendered":"<p>\u201eZuf\u00e4llig genial?&#8220; ist das Motto von \u201eJugend forscht\u201c 2022. Im 57. Jahr des Wettbewerbs nahmen etwa 8.500 Jungforscherinnen und Jungforscher aus ganz Deutschland teil. Nun wurden die Gewinnerinnen und Gewinner aus Nordrhein-Westfalen in einer virtuellen Preisverleihung ausgezeichnet. Die Wuppertalerinnen Gloria Gabriel und Lynn Ascheuer r\u00e4umten einen Preis ab.<\/p>\n","protected":false},"author":7,"featured_media":0,"comment_status":"open","ping_status":"open","sticky":false,"template":"","format":"standard","meta":{"footnotes":""},"categories":[27],"tags":[],"class_list":["post-51172","post","type-post","status-publish","format-standard","hentry","category-wissen"],"publishpress_future_action":{"enabled":false,"date":"2026-05-07 15:28:37","action":"change-status","newStatus":"draft","terms":[],"taxonomy":"category","extraData":[]},"publishpress_future_workflow_manual_trigger":{"enabledWorkflows":[]},"_links":{"self":[{"href":"https:\/\/www.die-stadtzeitung.de\/index.php\/wp-json\/wp\/v2\/posts\/51172","targetHints":{"allow":["GET"]}}],"collection":[{"href":"https:\/\/www.die-stadtzeitung.de\/index.php\/wp-json\/wp\/v2\/posts"}],"about":[{"href":"https:\/\/www.die-stadtzeitung.de\/index.php\/wp-json\/wp\/v2\/types\/post"}],"author":[{"embeddable":true,"href":"https:\/\/www.die-stadtzeitung.de\/index.php\/wp-json\/wp\/v2\/users\/7"}],"replies":[{"embeddable":true,"href":"https:\/\/www.die-stadtzeitung.de\/index.php\/wp-json\/wp\/v2\/comments?post=51172"}],"version-history":[{"count":3,"href":"https:\/\/www.die-stadtzeitung.de\/index.php\/wp-json\/wp\/v2\/posts\/51172\/revisions"}],"predecessor-version":[{"id":51178,"href":"https:\/\/www.die-stadtzeitung.de\/index.php\/wp-json\/wp\/v2\/posts\/51172\/revisions\/51178"}],"wp:attachment":[{"href":"https:\/\/www.die-stadtzeitung.de\/index.php\/wp-json\/wp\/v2\/media?parent=51172"}],"wp:term":[{"taxonomy":"category","embeddable":true,"href":"https:\/\/www.die-stadtzeitung.de\/index.php\/wp-json\/wp\/v2\/categories?post=51172"},{"taxonomy":"post_tag","embeddable":true,"href":"https:\/\/www.die-stadtzeitung.de\/index.php\/wp-json\/wp\/v2\/tags?post=51172"}],"curies":[{"name":"wp","href":"https:\/\/api.w.org\/{rel}","templated":true}]}}