{"id":51146,"date":"2022-04-07T10:32:27","date_gmt":"2022-04-07T08:32:27","guid":{"rendered":"https:\/\/www.die-stadtzeitung.de\/?p=51146"},"modified":"2022-04-07T10:32:27","modified_gmt":"2022-04-07T08:32:27","slug":"bergische-uni-neue-werkstoffe-fuer-den-3d-druck","status":"publish","type":"post","link":"https:\/\/www.die-stadtzeitung.de\/index.php\/2022\/04\/07\/bergische-uni-neue-werkstoffe-fuer-den-3d-druck\/","title":{"rendered":"Bergische Uni: Neue Werkstoffe f\u00fcr den 3D-Druck"},"content":{"rendered":"<div id=\"attachment_51147\" class=\"wp-caption alignnone\" style=\"max-width: 1034px;\"><img loading=\"lazy\" decoding=\"async\" class=\"size-large wp-image-51147\" src=\"\/wp-content\/uploads\/2022\/04\/csm_Auftaktveranstaltung_3b7f5387a1-2-1024x719.jpeg\" alt=\"\" width=\"1024\" height=\"719\" \/><span class=\"wp-caption-text\">Das Schwerpunktprogramm \u201eNeue Materialien f\u00fcr die laserbasierte additive Fertigung\u201c (SPP2122) geht in die zweite Phase. Ende M\u00e4rz fand in Essen die Auftaktveranstaltung dazu statt &#8211; \u00a9 Foto Tobias Teckentrup<\/span><\/div>\n<p>Mit vereintem Wissen und modernster Technik sowie finanzieller Unterst\u00fctzung von insgesamt ca. sieben Millionen Euro f\u00fcr drei weitere Jahre durch die Deutsche Forschungsgemeinschaft (DFG) geht das Schwerpunktprogramm \u201eNeue Materialien f\u00fcr die laserbasierte additive Fertigung\u201c (SPP2122) in die zweite Phase. Initiiert wurde diese vom stellvertretenden Programmsprecher Prof. Dr. habil. Bilal G\u00f6kce von der Bergischen Universit\u00e4t gemeinsam mit Prof. habil. Dr.-Ing. Stephan Barcikowski von der Universit\u00e4t Duisburg-Essen.<\/p>\n<h4>Bergische Uni seit Anfang 2022 Mitglied des Programms<\/h4>\n<p>Ende M\u00e4rz f\u00fchrten beide Professoren durch die Auftaktveranstaltung mit insgesamt rund 60 Teilnehmenden sowie \u00fcber 20 Fachbeitr\u00e4gen. Der Lehrstuhl Werkstoffe f\u00fcr die Additive Fertigung um Prof. G\u00f6kce ist seit Anfang des Jahres Mitglied im Schwerpunktprogramm und vertritt mit dem Teilprojekt \u201eNanopartikel-Additivierung von Pulvern f\u00fcr die laserbasierte additive Fertigung von ODS St\u00e4hlen\u201c die Materialforschung an der Bergischen Universit\u00e4t. Das Wuppertaler Teilprojekt wird mit ca. 400.000 Euro gef\u00f6rdert.<\/p>\n<p>Ziel ist die Entwicklung eines neuen Stahlpulvers auf Eisen-Chrom-Basis f\u00fcr die additive Fertigung, sprich 3D-Druck. Solche St\u00e4hle werden beispielsweise in Kesseln und Turbinen von Kraftwerken eingesetzt, die Kohle oder Gas mit erneuerbaren Brennstoffen wie Biomasse verfeuern.<span class=\"Apple-converted-space\">\u00a0<\/span><\/p>\n<p>Die Erh\u00f6hung der Betriebstemperaturen von Kraftwerksturbinengeneratoren ist eine \u00fcbliche Methode zur Verbesserung des Wirkungsgrads von Dampf- und Gasturbinen. \u201eDer Betrieb einer Anlage bei h\u00f6heren Temperaturen stellt jedoch extreme Anforderungen an die verwendeten Werkstoffe. Durch winzige keramische Nanopartikel im Material kann die Best\u00e4ndigkeit (Festigkeit, Kriechbest\u00e4ndigkeit) der Bauteile bei hohen Temperaturen verbessert werden\u201c, erkl\u00e4rt Bilal G\u00f6kce. Diese gleichm\u00e4\u00dfig in das Material hinein zu bekommen, sei jedoch nicht einfach.<\/p>\n<h4>Verhalten der Nanopartikel verstehen<\/h4>\n<p>Der \u00fcbliche Weg ist teuer und aufw\u00e4ndig, daher untersuchen Prof. G\u00f6kce und sein Team Verfahren der additiven Fertigung. Dabei werden unterschiedliche additive Fertigungsverfahren und Simulationen eingesetzt, um das Verhalten der Nanopartikel w\u00e4hrend der Verarbeitung zu verstehen und die richtigen Parameter zu finden, um m\u00f6glichst feste Bauteile herzustellen. \u201eF\u00fcr Herstellung des f\u00fcr den 3D-Druck verwendeten Pulverkomposits, ebenfalls ein besonderes Thema im Projekt, kommen innovative Laserverfahren zum Einsatz\u201c, so G\u00f6kce.<\/p>\n<p>Das gemeinsam mit der TU Darmstadt (Prof. Dr. Bai-Xiang Xu) und dem Max-Planck-Institut f\u00fcr Eisenforschung (Dr. Baptiste Gault) angelegte Forschungsprojekt adressiert die additive Fertigung von oxiddispergierten St\u00e4hlen (ODS) und hat die Entwicklung eines neuen Pulvers auf Eisen-Chrom-Basis f\u00fcr die additive Fertigung zum Ziel.<\/p>\n<p>Link zum Wuppertaler Lehrstuhl: <a href=\"http:\/\/www.mam.uni-wuppertal.de\/\">www.mam.uni-wuppertal.de<\/a><\/p>\n<p>Link zum Schwerpunktprogramm: <a href=\"http:\/\/www.uni-due.de\/matframe\/index.php\">www.uni-due.de\/matframe<\/a><\/p>\n","protected":false},"excerpt":{"rendered":"<p>25 Forschungsgruppen aus ganz Deutschland \u2013 unter ihnen auch die Bergische Universit\u00e4t Wuppertal \u2013 stellen sich gegenw\u00e4rtigen Herausforderungen der modernen Welt. Ihr gemeinsames Ziel: Die Entwicklung neuer Metall- und Polymerpulverwerkstoffe f\u00fcr den 3D-Druck \u2013 und damit die Weiterentwicklung dieses Fertigungsverfahrens.<\/p>\n","protected":false},"author":7,"featured_media":0,"comment_status":"open","ping_status":"open","sticky":false,"template":"","format":"standard","meta":{"footnotes":""},"categories":[27],"tags":[],"class_list":["post-51146","post","type-post","status-publish","format-standard","hentry","category-wissen"],"publishpress_future_action":{"enabled":false,"date":"2026-05-06 03:25:59","action":"change-status","newStatus":"draft","terms":[],"taxonomy":"category","extraData":[]},"publishpress_future_workflow_manual_trigger":{"enabledWorkflows":[]},"_links":{"self":[{"href":"https:\/\/www.die-stadtzeitung.de\/index.php\/wp-json\/wp\/v2\/posts\/51146","targetHints":{"allow":["GET"]}}],"collection":[{"href":"https:\/\/www.die-stadtzeitung.de\/index.php\/wp-json\/wp\/v2\/posts"}],"about":[{"href":"https:\/\/www.die-stadtzeitung.de\/index.php\/wp-json\/wp\/v2\/types\/post"}],"author":[{"embeddable":true,"href":"https:\/\/www.die-stadtzeitung.de\/index.php\/wp-json\/wp\/v2\/users\/7"}],"replies":[{"embeddable":true,"href":"https:\/\/www.die-stadtzeitung.de\/index.php\/wp-json\/wp\/v2\/comments?post=51146"}],"version-history":[{"count":1,"href":"https:\/\/www.die-stadtzeitung.de\/index.php\/wp-json\/wp\/v2\/posts\/51146\/revisions"}],"predecessor-version":[{"id":51148,"href":"https:\/\/www.die-stadtzeitung.de\/index.php\/wp-json\/wp\/v2\/posts\/51146\/revisions\/51148"}],"wp:attachment":[{"href":"https:\/\/www.die-stadtzeitung.de\/index.php\/wp-json\/wp\/v2\/media?parent=51146"}],"wp:term":[{"taxonomy":"category","embeddable":true,"href":"https:\/\/www.die-stadtzeitung.de\/index.php\/wp-json\/wp\/v2\/categories?post=51146"},{"taxonomy":"post_tag","embeddable":true,"href":"https:\/\/www.die-stadtzeitung.de\/index.php\/wp-json\/wp\/v2\/tags?post=51146"}],"curies":[{"name":"wp","href":"https:\/\/api.w.org\/{rel}","templated":true}]}}