{"id":51041,"date":"2022-04-01T15:55:22","date_gmt":"2022-04-01T13:55:22","guid":{"rendered":"https:\/\/www.die-stadtzeitung.de\/?p=51041"},"modified":"2022-04-01T15:56:17","modified_gmt":"2022-04-01T13:56:17","slug":"loreal-digitale-mitarbeiter-veranstaltung-mit-vok-dams","status":"publish","type":"post","link":"https:\/\/www.die-stadtzeitung.de\/index.php\/2022\/04\/01\/loreal-digitale-mitarbeiter-veranstaltung-mit-vok-dams\/","title":{"rendered":"L&#8217;Or\u00e9al: Digitale Mitarbeiter-Veranstaltung mit VOK DAMS"},"content":{"rendered":"<div id=\"attachment_51043\" class=\"wp-caption alignnone\" style=\"max-width: 1034px;\"><img loading=\"lazy\" decoding=\"async\" class=\"wp-image-51043 size-large\" src=\"\/wp-content\/uploads\/2022\/04\/VOK_DAMS_LOreal_Day_1-2-1024x798.jpg\" alt=\"\" width=\"1024\" height=\"798\" \/><span class=\"wp-caption-text\">Impressionen vom &#8222;L&#8217;Or\u00e9al-Day 2022&#8220; &#8211; inszeniert von der Wuppertaler Agentur VOK DAMS &#8211; \u00a9 VOK DAMS worldwide<\/span><\/div>\n<p>Zum Einsatz kam die agentureigene Eventplattform-L\u00f6sung der Experten f\u00fcr Live-Marketing. F\u00fcr die Mitarbeitenden des Kosmetikunternehmens entstand eine emotionale digitale Brand Experience, bei welcher der Sense of Purpose (Sinn und Zweck) von L&#8217;Or\u00e9al im Zentrum stand und zugleich den aktuellen geopolitischen Entwicklungen mit gr\u00f6\u00dftem Respekt begegnet wurde. <span class=\"Apple-converted-space\">\u00a0<\/span><\/p>\n<p>Rund 1.400 Mitarbeitetinnen und Mitarbeiter des Kosmetikkonzerns nahmen an der Jahrestagung unter dem Motto \u201eCreate the beauty that moves the world\u201d (Erschaffe die Welt, die Dir gef\u00e4llt) teil. Das Ergebnis war ein emotionales internes Event, das der abteilungs\u00fcbergreifenden Informationsvermittlung, dem Ausblick auf das neue Jahr und der Mitarbeitermotivation diente.<span class=\"Apple-converted-space\">\u00a0<\/span><\/p>\n<h4>Offene digitale Event-Plattform als L\u00f6sung<span class=\"Apple-converted-space\">\u00a0<\/span><\/h4>\n<p>F\u00fcr den L&#8217;Or\u00e9al Tag kam die \u201eVOK DAMS Open Platform for Hybrid Events\u201c zum Einsatz. Bei der \u201eVOK DAMS Open Platform for Hybrid Events\u201c handelt es sich um eine offene Plattform-L\u00f6sung, mit der ma\u00dfgeschneiderte Brand Experiences entstehen und mit der sich jegliche Online-Dienste problemlos integrieren lassen. Unter Hybrid Events versteht man Veranstaltungen, die aus Live- und digitalen Elementen eine optimale Einheit bilden.<\/p>\n<p>Die interne L&#8217;Or\u00e9al Brand Experience bot eine Vielzahl von M\u00f6glichkeiten f\u00fcr Information, Interaktion, Partizipation und den internen Austausch mit den Kolleginnen und Kollegen.<\/p>\n<p>Es gab 20 kurze Vortr\u00e4ge in Form von Keynotes oder Podiumsdiskussionen mit verschiedenen Schwerpunktthemen der Veranstaltung, wie z. B. BeautyTech, Nachhaltigkeit oder Diversit\u00e4t und Inklusion. Gesendet wurde aus dem Aventem Studio bei D\u00fcsseldorf.<span class=\"Apple-converted-space\">\u00a0<\/span><\/p>\n<div id=\"attachment_51044\" class=\"wp-caption alignnone\" style=\"max-width: 661px;\"><img loading=\"lazy\" decoding=\"async\" class=\"wp-image-51044 \" src=\"\/wp-content\/uploads\/2022\/04\/VOK_DAMS_LOreal_Day_3-1024x683.jpg\" alt=\"\" width=\"651\" height=\"434\" \/><span class=\"wp-caption-text\">Der &#8222;L&#8217;Or\u00e9al-Day&#8220; als Hybrid-Event &#8211; \u00a9 VOK DAMS worldwide<\/span><\/div>\n<p>Weiter standen f\u00fcr die Mitarbeiterinnenund Mitarbeiter von L&#8217;Or\u00e9al im Anschluss f\u00fcnf R\u00e4ume zum aktiven Networking zur Verf\u00fcgung. Interessierte bewegten sich in einzelnen, f\u00fcr diese Veranstaltung entworfenen digitalen Welten mit ihren Avataren. N\u00e4herten sich diese, so schalten sich die Personen hinter den Avataren per Video zusammen.<\/p>\n<p>In Zusammenarbeit mit der bekannten Wuppertaler gelang L&#8217;Or\u00e9al ein internes, individuell gestaltetes Event, das auf Emotionen, einen professionellen Auftritt und dem direkten und pers\u00f6nlichen Austausch im digitalen Raum setzte.<\/p>\n<p><strong><span class=\"Apple-converted-space\">Link zur Website von VOK DAMS\u00a0worldwide\u00a0<\/span><\/strong><\/p>\n<p><a href=\"http:\/\/www.vokdams.de\">http:\/\/www.vokdams.de<\/a><\/p>\n","protected":false},"excerpt":{"rendered":"<p>L&#8217;Or\u00e9al \u00d6sterreich Deutschland hat bei der gr\u00f6\u00dften internen, digitalen Mitarbeiter-Veranstaltung \u2013 dem L&#8217;Or\u00e9al Tag 2022 \u2013 erneut auf die Event-Expertise der Wuppertaler Event- und Kommunikations-Agentur VOK DAMS Worldwide vertraut.<\/p>\n","protected":false},"author":7,"featured_media":0,"comment_status":"open","ping_status":"open","sticky":false,"template":"","format":"standard","meta":{"footnotes":""},"categories":[22],"tags":[],"class_list":["post-51041","post","type-post","status-publish","format-standard","hentry","category-wirtschaft"],"publishpress_future_action":{"enabled":false,"date":"2026-05-07 15:16:06","action":"change-status","newStatus":"draft","terms":[],"taxonomy":"category","extraData":[]},"publishpress_future_workflow_manual_trigger":{"enabledWorkflows":[]},"_links":{"self":[{"href":"https:\/\/www.die-stadtzeitung.de\/index.php\/wp-json\/wp\/v2\/posts\/51041","targetHints":{"allow":["GET"]}}],"collection":[{"href":"https:\/\/www.die-stadtzeitung.de\/index.php\/wp-json\/wp\/v2\/posts"}],"about":[{"href":"https:\/\/www.die-stadtzeitung.de\/index.php\/wp-json\/wp\/v2\/types\/post"}],"author":[{"embeddable":true,"href":"https:\/\/www.die-stadtzeitung.de\/index.php\/wp-json\/wp\/v2\/users\/7"}],"replies":[{"embeddable":true,"href":"https:\/\/www.die-stadtzeitung.de\/index.php\/wp-json\/wp\/v2\/comments?post=51041"}],"version-history":[{"count":3,"href":"https:\/\/www.die-stadtzeitung.de\/index.php\/wp-json\/wp\/v2\/posts\/51041\/revisions"}],"predecessor-version":[{"id":51046,"href":"https:\/\/www.die-stadtzeitung.de\/index.php\/wp-json\/wp\/v2\/posts\/51041\/revisions\/51046"}],"wp:attachment":[{"href":"https:\/\/www.die-stadtzeitung.de\/index.php\/wp-json\/wp\/v2\/media?parent=51041"}],"wp:term":[{"taxonomy":"category","embeddable":true,"href":"https:\/\/www.die-stadtzeitung.de\/index.php\/wp-json\/wp\/v2\/categories?post=51041"},{"taxonomy":"post_tag","embeddable":true,"href":"https:\/\/www.die-stadtzeitung.de\/index.php\/wp-json\/wp\/v2\/tags?post=51041"}],"curies":[{"name":"wp","href":"https:\/\/api.w.org\/{rel}","templated":true}]}}