{"id":51012,"date":"2022-03-30T15:57:24","date_gmt":"2022-03-30T13:57:24","guid":{"rendered":"https:\/\/www.die-stadtzeitung.de\/?p=51012"},"modified":"2022-03-30T15:57:24","modified_gmt":"2022-03-30T13:57:24","slug":"metaverse-was-steckt-eigentlich-dahinter","status":"publish","type":"post","link":"https:\/\/www.die-stadtzeitung.de\/index.php\/2022\/03\/30\/metaverse-was-steckt-eigentlich-dahinter\/","title":{"rendered":"METAVERSE &#8211; was steckt eigentlich dahinter?"},"content":{"rendered":"<div id=\"attachment_51014\" class=\"wp-caption alignnone\" style=\"max-width: 1034px;\"><img loading=\"lazy\" decoding=\"async\" class=\"size-large wp-image-51014\" src=\"\/wp-content\/uploads\/2022\/03\/IMG_4907-1024x768.jpeg\" alt=\"\" width=\"1024\" height=\"768\" \/><span class=\"wp-caption-text\">Colja M. Dams, CEO VOK DAMS worldwide, im METAVERSE-STUDIO &#8211; \u00a9 Vok Dams iNotes<\/span><\/div>\n<p>Grund genug f\u00fcr einen Studiobesuch im Metaverse-Studio der VOK DAMS GRUPPE: \u201eUnsere Realit\u00e4t wird sich um neue, virtuelle Realit\u00e4ten erweitern, in der es m\u00f6glich sein wird, lebendige Begegnungen und realistische, immersive Erfahrung mit einer erweiterten digitalen Identit\u00e4t zu sammeln \u2013 mit unseren eigenen Avataren\u201c, so die Aussagen CEO Colja Dams \u00a0zu diesem Thema.<\/p>\n<p>\u201eEs wird zum neuen Operating System f\u00fcr Hybrid Events werden, das den M\u00f6glichkeiten f\u00fcr Brand Experiences keine Grenzen setzt\u201c, beschreibt die Agentur den Spielraum, der sich hier bietet.<\/p>\n<p>Und weiter: \u201eDas Potenzial wird von Marken wie Coca-Cola, Burberry oder Nike in ersten Metaversum-\u00e4hnlichen Welten bereits erfolgreich genutzt. Die Dynamik nimmt zu. Wir befinden uns jetzt in den entscheidenden Momenten f\u00fcr das Metaverse, wie es die Zukunft pr\u00e4gen wird.\u201c<\/p>\n<div id=\"attachment_51016\" class=\"wp-caption alignnone\" style=\"max-width: 1034px;\"><img loading=\"lazy\" decoding=\"async\" class=\"size-large wp-image-51016\" src=\"\/wp-content\/uploads\/2022\/03\/IMG_4896-1024x768.jpeg\" alt=\"\" width=\"1024\" height=\"768\" \/><span class=\"wp-caption-text\">Studio-Assistent Corvin Dams: Erweiterte virtuelle Realit\u00e4ten\u2026 &#8211; \u00a9 Vok Dams iNotes<\/span><\/div>\n<p>F\u00fcr die Zukunft ger\u00fcstet scheint die VOK DAMS GRUPPE auf jeden Fall zu sein.\u00a0\u201eWir lassen Dich in die Zukunft von Events im Metaverse eintauchen, zeigen was hinter dem Trend steckt und was er f\u00fcr Events und Live-Marketing bereit h\u00e4lt\u201c, meldet die Agentur dann auch in ihrem Newsletter.<\/p>\n<p><strong>Das Metaverse &#8211; das ist der Hintergrund?\u00a0<\/strong><\/p>\n<p>Das Metaverse ist \u00fcbrigens keine Idee von Mark Zuckerberg. Erfunden hat es Neal Stephenson schon 1992 in seinem Roman &#8222;Snow Crash&#8220;. Der Held des Romans ist der Hacker und Schwertk\u00e4mpfer Hiro Protagonist, der sowohl in der Realit\u00e4t als auch in einer digitalen Parallelwelt, dem Metaverse, gegen eine Verschw\u00f6rung k\u00e4mpfen muss. Zugang hat er \u00fcber eine VR-Brille und Tracking seiner K\u00f6rperbewegungen. In seinem Metaverse konnte man Leute treffen, spielen, k\u00e4mpfen, Grundst\u00fccke erwerben und H\u00e4user bauen. F\u00fcr ein paar Jahrzehnte war das f\u00fcr die meisten nur nerdige Science Fiction. Sillicon-Valley-Guru Jaron Lanier hat allerdings schon 1984 das erste Unternehmen f\u00fcr Virtual Reality gegr\u00fcndet und damit auch den Begriff gepr\u00e4gt. Mit dem Roman und der Verfilmung von &#8222;Ready Player One&#8220; r\u00fcckte das Thema dann n\u00e4her an den Mainstream.<\/p>\n<div id=\"attachment_51017\" class=\"wp-caption alignnone\" style=\"max-width: 1034px;\"><img loading=\"lazy\" decoding=\"async\" class=\"size-large wp-image-51017\" src=\"\/wp-content\/uploads\/2022\/03\/IMG_4891-1024x768.jpeg\" alt=\"\" width=\"1024\" height=\"768\" \/><span class=\"wp-caption-text\">Das Metaverse:\u00a0Ein konkretes Business Modell, das physisch erlebbar und begehbar sein wird &#8211; \u00a9 Vok Dams iNotes<\/span><\/div>\n<p><strong>Das Metaverse einfach erkl\u00e4rt<\/strong><\/p>\n<p>Das Metaverse ist eine digitale Welt, die von echten Individuen kontrolliert, geformt und gelebt wird. Man beamt oder teleportiert sich quasi in eine digitale Welt.<span class=\"Apple-converted-space\">\u00a0<\/span><\/p>\n<p><strong>Weitere Informationen finden Sie hier:<\/strong><\/p>\n<p><a href=\"https:\/\/news.vokdams.de\/events-im-metaverse-2?utm_campaign=Email%3A%20Newsletter&amp;utm_medium=email&amp;_hsmi=204356055&amp;_hsenc=p2ANqtz-9_daQRTwr0zC_kSY_zVjt33ymKf_tSZwaQoFzPzinXdfWJwMKDK5IdV9PwZUGkXDnVic20Fdku7Gain7TNbtwrL8VEog&amp;utm_content=204356055&amp;utm_source=hs_email\">https:\/\/news.vokdams.de\/events-im-metaverse-2?utm_campaign=Email%3A%20Newsletter&amp;utm_medium=email&amp;_hsmi=204356055&amp;_hsenc=p2ANqtz-9_daQRTwr0zC_kSY_zVjt33ymKf_tSZwaQoFzPzinXdfWJwMKDK5IdV9PwZUGkXDnVic20Fdku7Gain7TNbtwrL8VEog&amp;utm_content=204356055&amp;utm_source=hs_email<\/a><\/p>\n<p>&nbsp;<\/p>\n","protected":false},"excerpt":{"rendered":"<p>\u201eDie n\u00e4chste Stufe der Event-Evolution steht bevor\u201c meldet die VOK DAMS \u2013 GRUPPE. Und weiter: \u201eMit der Digitalisierung von Events werden die Grenzen zwischen virtueller und echter Welt zunehmend aufgebrochen. Das\u00a0Metaverse wird diese Barrieren f\u00fcr echte Live Events im digitalen Raum komplett einrei\u00dfen.&#8220;<\/p>\n","protected":false},"author":7,"featured_media":0,"comment_status":"open","ping_status":"open","sticky":false,"template":"","format":"standard","meta":{"footnotes":""},"categories":[22],"tags":[],"class_list":["post-51012","post","type-post","status-publish","format-standard","hentry","category-wirtschaft"],"publishpress_future_action":{"enabled":false,"date":"2026-05-06 11:29:00","action":"change-status","newStatus":"draft","terms":[],"taxonomy":"category","extraData":[]},"publishpress_future_workflow_manual_trigger":{"enabledWorkflows":[]},"_links":{"self":[{"href":"https:\/\/www.die-stadtzeitung.de\/index.php\/wp-json\/wp\/v2\/posts\/51012","targetHints":{"allow":["GET"]}}],"collection":[{"href":"https:\/\/www.die-stadtzeitung.de\/index.php\/wp-json\/wp\/v2\/posts"}],"about":[{"href":"https:\/\/www.die-stadtzeitung.de\/index.php\/wp-json\/wp\/v2\/types\/post"}],"author":[{"embeddable":true,"href":"https:\/\/www.die-stadtzeitung.de\/index.php\/wp-json\/wp\/v2\/users\/7"}],"replies":[{"embeddable":true,"href":"https:\/\/www.die-stadtzeitung.de\/index.php\/wp-json\/wp\/v2\/comments?post=51012"}],"version-history":[{"count":3,"href":"https:\/\/www.die-stadtzeitung.de\/index.php\/wp-json\/wp\/v2\/posts\/51012\/revisions"}],"predecessor-version":[{"id":51018,"href":"https:\/\/www.die-stadtzeitung.de\/index.php\/wp-json\/wp\/v2\/posts\/51012\/revisions\/51018"}],"wp:attachment":[{"href":"https:\/\/www.die-stadtzeitung.de\/index.php\/wp-json\/wp\/v2\/media?parent=51012"}],"wp:term":[{"taxonomy":"category","embeddable":true,"href":"https:\/\/www.die-stadtzeitung.de\/index.php\/wp-json\/wp\/v2\/categories?post=51012"},{"taxonomy":"post_tag","embeddable":true,"href":"https:\/\/www.die-stadtzeitung.de\/index.php\/wp-json\/wp\/v2\/tags?post=51012"}],"curies":[{"name":"wp","href":"https:\/\/api.w.org\/{rel}","templated":true}]}}