{"id":50953,"date":"2022-03-23T10:35:07","date_gmt":"2022-03-23T09:35:07","guid":{"rendered":"https:\/\/www.die-stadtzeitung.de\/?p=50953"},"modified":"2022-03-30T20:16:37","modified_gmt":"2022-03-30T18:16:37","slug":"rwo-wsv-remis-im-kampf-der-alte-rivalen","status":"publish","type":"post","link":"https:\/\/www.die-stadtzeitung.de\/index.php\/2022\/03\/23\/rwo-wsv-remis-im-kampf-der-alte-rivalen\/","title":{"rendered":"RWO &#8211; WSV: Remis im Kampf der alte Rivalen"},"content":{"rendered":"<div id=\"attachment_50955\" class=\"wp-caption alignnone\" style=\"max-width: 1034px;\"><img loading=\"lazy\" decoding=\"async\" class=\"size-large wp-image-50955\" src=\"\/wp-content\/uploads\/2022\/03\/Classen-27-03-2021-119-2-1024x697.jpg\" alt=\"\" width=\"1024\" height=\"697\" \/><span class=\"wp-caption-text\">Das h\u00e4tte der Siegtreffer f\u00fcr den WSV sein k\u00f6nnen. Doch Valdet Rama vergab die Chance aus f\u00fcnf Metern- \u00a9 Jochen Classen<\/span><\/div>\n<p>RWO hatte gleich nach vier Minuten die Chance zum 1:0., als Sven Kreyer v\u00f6llig freistehend den Ball knapp am WSV-Tor vorbeischo\u00df. Die Spieler mit dem Kleeblatt auf der Brust hatten in der ersten H\u00e4lfte das Heft in der Hand.<\/p>\n<p>Bereits nach 30 Minuten entschied sich WSV-Trainer Bj\u00f6rn Mehnert zu einem taktischen Wechsel. F\u00fcr Durim Berisha kam Moritz Montag ins Spiel. Doch RWO blieb weiter am Dr\u00fccker.<span class=\"Apple-converted-space\">\u00a0<\/span><\/p>\n<p>Erst kurz vor dem Halbzeitpfiff pr\u00fcfte Kevin Rodrigues Pires RWO-Schlussmann Justin Heekeren. Mit einem 0:0 wurden die Seiten gewechselt.<\/p>\n<p>In der 56. Minute Jubel bei den Gastgebern. Tanju \u00d6zt\u00fcrk k\u00f6pfte den Ball nach einem Eckball ins Wuppertaler Tor. Doch der Schiedsrichter-Assistent hatte eine Abseitsposition gesehen, so dass der Treffer zum Gl\u00fcck f\u00fcr die G\u00e4ste nicht z\u00e4hlte.<\/p>\n<p>Im Gegenzug traf der WSV \u00fcberraschend zum 1:0. Roman Prokoph zog ab, RWO-Schlussmann Justin Heekeren konnte den Ball aber nur leicht mit der Hand zur Seite lenken, hier rauschte Moritz heran und schob den Ball zum 0:1 \u00fcber die Linie (57.)<\/p>\n<p>Doch die Wuppertaler konnten sich keine zehn Minuten \u00fcber die F\u00fchrung freuen. Oberhausens Torj\u00e4ger Sven Kreyer setzte sich in einem Zweikampf am WSV-Strafraum durch und liess WSV-Torh\u00fcter Sebastian Patzler keine Chance: 1:1 (66.).<span class=\"Apple-converted-space\">\u00a0<\/span><\/p>\n<p>Rot-Weiss Oberhausen liess jetzt nicht locker. Die Mannschaft von Trainer Mike Terranova spielte sich Gro\u00df-Chancen durch Nico Buckmaier, Nils Winter und Tim Stappmann heraus. Entlastung gab es in dieser Phase f\u00fcr den WSV sogut wie gar nicht.<span class=\"Apple-converted-space\">\u00a0<\/span><\/p>\n<p>Und dennoch w\u00e4ren Roman Prokoph und Co. beinahe als Sieger vom Platz gegangen. Nach einem Konter zog der eingewechselte Semir Saric aus 18 Metern ab. Torh\u00fcter Justin Heekeren im Oberhausener Tor reagierte gl\u00e4nzend &#8211; dennoch prallte der Ball zu Valdet Rama. Dieser brachte den Ball aus f\u00fcnf Metern nicht \u00fcber die Torlinie.<span class=\"Apple-converted-space\">\u00a0<\/span><\/p>\n<div id=\"attachment_50956\" class=\"wp-caption alignnone\" style=\"max-width: 472px;\"><img loading=\"lazy\" decoding=\"async\" class=\" wp-image-50956\" src=\"\/wp-content\/uploads\/2022\/03\/Classen-27-03-2021-147-1024x683.jpg\" alt=\"\" width=\"462\" height=\"308\" \/><span class=\"wp-caption-text\">Moritz Montag brachte den WSV in F\u00fchrung &#8211; \u00a9 Jochen Classen<\/span><\/div>\n<p>In der dritten Minute der Nachspielzeit noch einmal Riesengl\u00fcck f\u00fcr den WSV: Anton Heinz knallte den Ball aus 14 Metern an die Wuppertaler Torlatte (90+3). Ein spannendes, hart umk\u00e4mpftes<span class=\"Apple-converted-space\">\u00a0 <\/span>Regionalligaspiel.<span class=\"Apple-converted-space\">\u00a0<\/span><\/p>\n<p>Mit nun 60 Z\u00e4hlern aus 30 Spielen belegen die Rot-Blauen Platz 4 in der Tabelle.<\/p>\n<p>Das n\u00e4chste Meisterschaftsspiel in der Regionalliga West bestreitet der WSV am kommenden Samstag (02.04.) um 14 Uhr im Stadion am Zoo gegen den KFC Uerdingen 05.<\/p>\n<h4>Rot Wei\u00df Oberhausen &#8211; Wuppertaler SV 1:1 (0:0)<\/h4>\n<p><b>Aufstellung Rot-Wei\u00df Oberhausen:<\/b><\/p>\n<p>1 Justin Heekeren \u2013 5 Tim Stappmann, 25 Tanju \u00d6zt\u00fcrk, 14 Nico Kla\u00df (60. 7 Anton Heinz) \u2013 30 Nils Winter, 4 Jerome Propheter, 6 Fabian Holthaus (13 34. Nico Buckmaier), 3 Pierre Fassnacht \u2013 10 Shaibou Oubeyapwa, 11 Sven Kreyer, 8 Jan-Lucas Dorow (81. 19 Vincent Boesen)<\/p>\n<p>Trainer: Mike Terranova<\/p>\n<p><b>Aufstellung Wuppertaler SV:<\/b><\/p>\n<p>1 Sebastian Patzler \u2013 27 Kevin Pytlik 25 Lion Schweers, 22 Durim Berisha (30. 2 Moritz Montag) \u2013 14 Philipp Hanke, 10 Kevin Rodrigues Pires, 26 Dominik Bilogrevic (78. 7 Semir Saric), 5 Felix Backszat, 21 Noah Salau \u2013 18 Roman Prokoph (76. 48 Marco K\u00f6nigs), 29 Kingsley Sarpei (68. 11 Valdet Rama)<\/p>\n<p>Trainer: Bj\u00f6rn Mehnert<\/p>\n<p><b>Stadion: <\/b>Stadion\u00a0Niederrhein<\/p>\n<p><b>Zuschauer: <\/b>2.834<\/p>\n","protected":false},"excerpt":{"rendered":"<p>Der Wuppertaler SV hat am 31. Spieltag beim alten Rivalen Rot-Weis Oberhausen einen Punkt erk\u00e4mpft. Das Spiel im Niederrheinstadion endete 1:1 (0:0). F\u00fcr die G\u00e4ste w\u00e4re sogar ein Sieg m\u00f6glich gewesen. Doch Valdet Rama vergab aus f\u00fcnf Metern.<\/p>\n","protected":false},"author":7,"featured_media":0,"comment_status":"open","ping_status":"open","sticky":false,"template":"","format":"standard","meta":{"footnotes":""},"categories":[20],"tags":[],"class_list":["post-50953","post","type-post","status-publish","format-standard","hentry","category-sport"],"publishpress_future_action":{"enabled":false,"date":"2026-05-06 21:01:13","action":"change-status","newStatus":"draft","terms":[],"taxonomy":"category","extraData":[]},"publishpress_future_workflow_manual_trigger":{"enabledWorkflows":[]},"_links":{"self":[{"href":"https:\/\/www.die-stadtzeitung.de\/index.php\/wp-json\/wp\/v2\/posts\/50953","targetHints":{"allow":["GET"]}}],"collection":[{"href":"https:\/\/www.die-stadtzeitung.de\/index.php\/wp-json\/wp\/v2\/posts"}],"about":[{"href":"https:\/\/www.die-stadtzeitung.de\/index.php\/wp-json\/wp\/v2\/types\/post"}],"author":[{"embeddable":true,"href":"https:\/\/www.die-stadtzeitung.de\/index.php\/wp-json\/wp\/v2\/users\/7"}],"replies":[{"embeddable":true,"href":"https:\/\/www.die-stadtzeitung.de\/index.php\/wp-json\/wp\/v2\/comments?post=50953"}],"version-history":[{"count":2,"href":"https:\/\/www.die-stadtzeitung.de\/index.php\/wp-json\/wp\/v2\/posts\/50953\/revisions"}],"predecessor-version":[{"id":50957,"href":"https:\/\/www.die-stadtzeitung.de\/index.php\/wp-json\/wp\/v2\/posts\/50953\/revisions\/50957"}],"wp:attachment":[{"href":"https:\/\/www.die-stadtzeitung.de\/index.php\/wp-json\/wp\/v2\/media?parent=50953"}],"wp:term":[{"taxonomy":"category","embeddable":true,"href":"https:\/\/www.die-stadtzeitung.de\/index.php\/wp-json\/wp\/v2\/categories?post=50953"},{"taxonomy":"post_tag","embeddable":true,"href":"https:\/\/www.die-stadtzeitung.de\/index.php\/wp-json\/wp\/v2\/tags?post=50953"}],"curies":[{"name":"wp","href":"https:\/\/api.w.org\/{rel}","templated":true}]}}