{"id":50948,"date":"2022-03-26T17:36:02","date_gmt":"2022-03-26T16:36:02","guid":{"rendered":"https:\/\/www.die-stadtzeitung.de\/?p=50948"},"modified":"2022-03-26T17:36:02","modified_gmt":"2022-03-26T16:36:02","slug":"friedens-und-benefizkonzert-in-der-historischen-stadthalle","status":"publish","type":"post","link":"https:\/\/www.die-stadtzeitung.de\/index.php\/2022\/03\/26\/friedens-und-benefizkonzert-in-der-historischen-stadthalle\/","title":{"rendered":"Friedens- und Benefizkonzert in der Historischen Stadthalle"},"content":{"rendered":"<div id=\"attachment_50950\" class=\"wp-caption alignnone\" style=\"max-width: 914px;\"><img loading=\"lazy\" decoding=\"async\" class=\" wp-image-50950\" src=\"\/wp-content\/uploads\/2022\/03\/Hannah-03-06x09-M-Foto-Bettina_Osswald_Schwelm-2.jpg\" alt=\"\" width=\"904\" height=\"843\" \/><span class=\"wp-caption-text\">Die Panfl\u00f6tistin Hannah &#8211; \u00a9 Bettina Osswald<\/span><\/div>\n<p>In Kooperation mit der Katholischen Citykirche Wuppertal hat die aus Wuppertal stammende Panfl\u00f6tistin Hannah Schlubeck das Friedens- und Charity- Konzert im gro\u00dfen Saal der Stadthalle organisiert. Spontan haben viele befreundete Musiker, K\u00fcnstler und Ensembles zugesagt.<\/p>\n<p>So ist ein buntes Programm entstanden, dass f\u00fcr Fans unterschiedlicher Stilrichtungen nteressant ist. Neben Mezzosporanistin Julia Nikolajczyk, dem Pianisten Thorsten Sch\u00e4ffer und dem Organisten Hans K\u00fcblbeck werden auch das Vokalensemble Vox Vallis der Wuppertaler Kurrende sowie der Frauenchor St. Laurentius einen musikalischen Beitrag leisten.<span class=\"Apple-converted-space\">\u00a0<\/span><\/p>\n<p>Einen ganz besonderen Farbtupfer wird La Cati Flamenco mit Tanzeinlagen an dem Abend setzen.<\/p>\n<p>Besonders freut sich Hannah Schlubeck \u00fcber die Zusage der Russischen Kammerphilharmonie St. Petersburg unter der Leitung von Juri Gilbo. Seit vielen Jahren besteht eine Zusammenarbeit mit dem international besetzten Ensemble, dessen Mitglieder am Konservatorium St. Petersburg studiert haben, aber vorwiegend in Deutschland leben.<\/p>\n<p>Die meisten Musikerinnen und Musiker der Kammerphilhamonie stammen aus Russland und der Ukraine. Ein starkes Zeichen f\u00fcr Frieden und Vers\u00f6hnung!<\/p>\n<p>Einige Menschen werden Hannah Schlubeck noch als Matthias Schlubeck kennen. Sie hat w\u00e4hrend der Corona-Zeit den Schritt in ein neues Leben gewagt und die Metamorphose von Matthias zu Hannah begonnen. Das Konzert wird der erste Auftritt in Wuppertal als Hannah sein.<\/p>\n<p>Durch die breite Unterst\u00fctzung der Stadthalle Wuppertal, der Katholischen Citykirche und des Evangelischen Kirchenkreises Wuppertal, den Wuppertaler Stadtwerken WSW, der Sparkasse Wuppertal und Wuppertal-Live, k\u00f6nnen ALLE Einnahmen des Abends ohne Abz\u00fcge an die lokale Fl\u00fcchtlingshilfe der Caritas Wuppertal-Solingen und der Diakonie Wuppertal gehen.<span class=\"Apple-converted-space\">\u00a0<\/span><\/p>\n<p>Alle Mitwirkenden verzichten auf Honorare und Kostenerstattungen.<\/p>\n<p>Der Basiseintritt betr\u00e4gt im Vorverkauf 15,- Euro normal und 10,- Euro erm\u00e4\u00dfigt, an der Abendkasse 20,- Euro und 15,- Euro.<span class=\"Apple-converted-space\">\u00a0<\/span><\/p>\n<p>Wer mag, kann am Abend noch einmal &#8211; je nach M\u00f6glichkeiten &#8211; spenden.<\/p>\n<p><img loading=\"lazy\" decoding=\"async\" class=\"alignnone wp-image-50951\" src=\"\/wp-content\/uploads\/2022\/03\/Plakat-Benefizkonzert-Ukraine-Wuppertal-V2-724x1024.jpg\" alt=\"\" width=\"401\" height=\"567\" \/><\/p>\n<p>Karten sind bei allen bekannten Vorverkaufsstellen der Region erh\u00e4ltlich oder online unter:<\/p>\n<p><a href=\"https:\/\/www.wuppertal-live.de\/?408955\">https:\/\/www.wuppertal-live.de\/?408955<\/a><\/p>\n<p>Au\u00dferdem kann die Initiative \u00fcber das Stichwort \u201eSpende Benefizkonzert Hannah Schlubeck\u201c unterst\u00fctzt werden. Unter diesem Stichwort eingegangene Spenden gehen direkt an die Fl\u00fcchtlingshilfe Ukraine im Tal und Umgebung. Wer nicht zum Konzert kommen kann oder m\u00f6chte, kann so direkt \u00fcber die gemeinsame Stiftung von Caritas und Diakonie etwas beitragen:<\/p>\n<p>Kontoinhaber: Gemeinschaftsstiftung f\u00fcr Wuppertal<\/p>\n<p>IBAN: DE77 3305 0000 0000 1414 81<\/p>\n<p>BIC\/SW IFT Code: WUPSDE33XXX<\/p>\n<p>oder \u00fcber die Internetseite.<\/p>\n<p><span class=\"Apple-converted-space\">\u00a0<\/span><a href=\"http:\/\/www.gemeinschaftsstiftung-wuppertal.de\/\">www.gemeinschaftsstiftung-wuppertal.de<\/a><\/p>\n","protected":false},"excerpt":{"rendered":"<p>Panfl\u00f6tistin Hannah Schlubeck und befreundete Musikerinnen und Musiker sowie Ensembles geben am 01. April um 19 Uhr eine Benefiz-Konzert in der Historischen Stadthalle f\u00fcr die lokale Fl\u00fcchtlingshilfe Ukraine.<\/p>\n","protected":false},"author":7,"featured_media":0,"comment_status":"open","ping_status":"open","sticky":false,"template":"","format":"standard","meta":{"footnotes":""},"categories":[29],"tags":[],"class_list":["post-50948","post","type-post","status-publish","format-standard","hentry","category-kultur"],"publishpress_future_action":{"enabled":false,"date":"2026-05-04 15:34:46","action":"change-status","newStatus":"draft","terms":[],"taxonomy":"category","extraData":[]},"publishpress_future_workflow_manual_trigger":{"enabledWorkflows":[]},"_links":{"self":[{"href":"https:\/\/www.die-stadtzeitung.de\/index.php\/wp-json\/wp\/v2\/posts\/50948","targetHints":{"allow":["GET"]}}],"collection":[{"href":"https:\/\/www.die-stadtzeitung.de\/index.php\/wp-json\/wp\/v2\/posts"}],"about":[{"href":"https:\/\/www.die-stadtzeitung.de\/index.php\/wp-json\/wp\/v2\/types\/post"}],"author":[{"embeddable":true,"href":"https:\/\/www.die-stadtzeitung.de\/index.php\/wp-json\/wp\/v2\/users\/7"}],"replies":[{"embeddable":true,"href":"https:\/\/www.die-stadtzeitung.de\/index.php\/wp-json\/wp\/v2\/comments?post=50948"}],"version-history":[{"count":2,"href":"https:\/\/www.die-stadtzeitung.de\/index.php\/wp-json\/wp\/v2\/posts\/50948\/revisions"}],"predecessor-version":[{"id":50952,"href":"https:\/\/www.die-stadtzeitung.de\/index.php\/wp-json\/wp\/v2\/posts\/50948\/revisions\/50952"}],"wp:attachment":[{"href":"https:\/\/www.die-stadtzeitung.de\/index.php\/wp-json\/wp\/v2\/media?parent=50948"}],"wp:term":[{"taxonomy":"category","embeddable":true,"href":"https:\/\/www.die-stadtzeitung.de\/index.php\/wp-json\/wp\/v2\/categories?post=50948"},{"taxonomy":"post_tag","embeddable":true,"href":"https:\/\/www.die-stadtzeitung.de\/index.php\/wp-json\/wp\/v2\/tags?post=50948"}],"curies":[{"name":"wp","href":"https:\/\/api.w.org\/{rel}","templated":true}]}}