{"id":50837,"date":"2022-03-22T15:31:34","date_gmt":"2022-03-22T14:31:34","guid":{"rendered":"https:\/\/www.die-stadtzeitung.de\/?p=50837"},"modified":"2022-03-22T15:31:34","modified_gmt":"2022-03-22T14:31:34","slug":"bewerbungsstart-fuer-den-wirtschaftspreis-2022","status":"publish","type":"post","link":"https:\/\/www.die-stadtzeitung.de\/index.php\/2022\/03\/22\/bewerbungsstart-fuer-den-wirtschaftspreis-2022\/","title":{"rendered":"Bewerbungsstart f\u00fcr den &#8222;Wirtschaftspreis 2022&#8220;"},"content":{"rendered":"<div class=\"page\" title=\"Page 1\">\n<div class=\"layoutArea\">\n<div class=\"column\"><\/div>\n<\/div>\n<\/div>\n<div class=\"page\" title=\"Page 2\">\n<div class=\"layoutArea\">\n<div class=\"column\">\n<div id=\"attachment_50842\" class=\"wp-caption alignnone\" style=\"max-width: 1034px;\"><img loading=\"lazy\" decoding=\"async\" class=\"size-large wp-image-50842\" src=\"\/wp-content\/uploads\/2022\/03\/Auftakt_wwp_2022_c_reimann-3-1024x727.jpg\" alt=\"\" width=\"1024\" height=\"727\" \/><span class=\"wp-caption-text\">Von links: Johannes Bornm\u00fcller (Aptiv, Unternehmen des Jahres 2021), Gregor Eisenmann (Stadtmarketingpreis 2021), Martin Bang (Gesch\u00e4ftsf\u00fchrer WMG), Gunther W\u00f6lfges (Vorstandsvorsitzender Stadtsparkasse Wuppertal), Oberb\u00fcrgermeister Uwe Schneidewind, Elina Giorgou, (verpackmeinnicht, Jungunternehmen des Jahres 2021), Matthias Laumann (Aptiv, Unternehmen des Jahres 2021)<br \/>\u00a9 Foto: Christian Reimann<\/span><\/div>\n<p>Die Wuppertal Marketing GmbH vergibt den erstmals 2003 verliehenen Wuppertaler Wirtschaftspreis in den Kategorien:<\/p>\n<div class=\"page\" title=\"Page 1\">\n<div class=\"layoutArea\">\n<div class=\"column\">\n<p>\u201eUnternehmen des Jahres\u201c<\/p>\n<p>\u201eJungunternehmen des Jahres\u201c<\/p>\n<p>\u201eStadtmarketingpreis\u201c<\/p>\n<p>Martin Bang, als Gescha\u0308ftsfu\u0308hrer der Wuppertal Marketing GmbH: \u201eNachdem 2021 der Wirtschaftspreis-Auftakt virtuell stattfinden musste, freue ich mich besonders, dass der letztja\u0308hrige Gewinner des Wuppertaler Wirtschaftspreises (Kategorie Stadtmarketing) \u2013 Gregor Eisenmann \u2013 mit seiner Lichtkunst so eindrucksvoll den Startschuss zur Bewerbungsphase gegeben hat. Ich hoffe, dass dieses weithin sichtbare Signal, das zugleich auch fu\u0308r mittlerweile 200 Jahre Stadtsparkasse steht, viele Unternehmer*Innen ermutigt sich zu bewerben, wie es die weiteren Vorjahrespreistra\u0308ger \u201eAptiv\u201c (Unternehmen des Jahres 2021), vertreten durch die Gescha\u0308ftsfu\u0308hrer Matthias Laumann und Johannes Bornmu\u0308ller sowie Elina Giorgou (Jungunternehmen 2021) als eine Gru\u0308nderin von \u201everpackmeinnicht\u201c erfolgreich gemacht haben.\u201c<\/p>\n<p>Gunther Wo\u0308lfges, Vorstandsvorsitzender der Stadtsparkasse Wuppertal: \u201eIn Wuppertal gibt es gro\u00dfartige Unternehmen und innovative\u00a0Unternehmerperso\u0308nlichkeiten mit gro\u00dfer Strahlkraft. Der Wirtschaftspreis zeichnet diese fu\u0308r die Stadt so wichtigen Macherinnen und Macher nun bereits seit 20 Jahren aus. Wir freuen uns, dass wir in unserem gemeinsamen Jubila\u0308umsjahr auch den Auftakt zur Bewerbungsphase mit leuchtender Strahlkraft pra\u0308sentieren ko\u0308nnen. Als Zeichen fu\u0308r die enormen Kra\u0308fte und die vielen wirtschaftlichen Leuchtturmprojekte in unserer Stadt.\u201c<\/p>\n<h4>OB Dr. Uwe Schneidewind als Schirmherr<\/h4>\n<\/div>\n<\/div>\n<\/div>\n<p>Schirmherr, Oberbu\u0308rgermeister Uwe Schneidewind brachte es pra\u0308gnant auf den Punkt: \u201eMit dem Wirtschaftspreis zeigen wir einmal im Jahr, welche unternehmerische Kraft in Wuppertal steckt!\u201c Denn Wuppertals Potenzial versteckt sich manchmal und zeigt sich dann insbesondere in einer Auszeichnung, wie dem Wirtschaftspreis.<\/p>\n<p>Martin Bang erga\u0308nzte: \u201eKandidaten vorschlagen kann u\u0308brigens jede Wuppertalerin, jeder Wuppertaler, ob Mitarbeitende, Auszubildende oder Kunden. Wir freuen uns auf Vorschla\u0308ge!\u201c<\/p>\n<p>Unternehmen, die sich bewerben mo\u0308chten, finden auf der Seite<\/p>\n<p><a href=\"http:\/\/www.wirtschaftspreis.de\">http:\/\/www.wirtschaftspreis.de<\/a><\/p>\n<p>unter der Rubrik \u201eTeilnahmebedingungen\u201c Bewerbungsunterlagen zum Herunterladen.<\/p>\n<h4>Der Wuppertaler Wirtschaftspreis \u2013 Veranstalter und Sponsoren<\/h4>\n<p>Wuppertal Marketing dankt allen Beteiligten, die die Umsetzung des Wirtschaftspreises mo\u0308glich machen, insbesondere: Sparkasse Wuppertal, wuppertalaktiv!, WSW Unternehmensgruppe, Mercedes-Benz Niederlassung Wuppertal\/Solingen\/Remscheid, Wirtschaftsfo\u0308rderung Wuppertal, Barmenia Versicherungen, Rinke Treuhand, oundmdesign, Offset Company, 6tant, Westdeutsche Zeitung, Radio Wuppertal.<\/p>\n<\/div>\n<\/div>\n<\/div>\n","protected":false},"excerpt":{"rendered":"<p>Der Startschuss f\u00fcr die Bewerbungsphase f\u00fcr den &#8222;Wuppertaler Wirtschaftspreis 2022&#8220; ist gefallen. Bis zum 1. Juni 2022 k\u00f6nnen ab sofort Bewerbungen eingereicht oder Vorschl\u00e4ge f\u00fcr geeignete Kandidaten gemacht werden. Schirmherr ist Oberb\u00fcrgermeister Dr. Uwe Schneidewind.<\/p>\n","protected":false},"author":7,"featured_media":0,"comment_status":"open","ping_status":"open","sticky":false,"template":"","format":"standard","meta":{"footnotes":""},"categories":[22],"tags":[],"class_list":["post-50837","post","type-post","status-publish","format-standard","hentry","category-wirtschaft"],"publishpress_future_action":{"enabled":false,"date":"2026-05-08 15:16:43","action":"change-status","newStatus":"draft","terms":[],"taxonomy":"category","extraData":[]},"publishpress_future_workflow_manual_trigger":{"enabledWorkflows":[]},"_links":{"self":[{"href":"https:\/\/www.die-stadtzeitung.de\/index.php\/wp-json\/wp\/v2\/posts\/50837","targetHints":{"allow":["GET"]}}],"collection":[{"href":"https:\/\/www.die-stadtzeitung.de\/index.php\/wp-json\/wp\/v2\/posts"}],"about":[{"href":"https:\/\/www.die-stadtzeitung.de\/index.php\/wp-json\/wp\/v2\/types\/post"}],"author":[{"embeddable":true,"href":"https:\/\/www.die-stadtzeitung.de\/index.php\/wp-json\/wp\/v2\/users\/7"}],"replies":[{"embeddable":true,"href":"https:\/\/www.die-stadtzeitung.de\/index.php\/wp-json\/wp\/v2\/comments?post=50837"}],"version-history":[{"count":4,"href":"https:\/\/www.die-stadtzeitung.de\/index.php\/wp-json\/wp\/v2\/posts\/50837\/revisions"}],"predecessor-version":[{"id":50844,"href":"https:\/\/www.die-stadtzeitung.de\/index.php\/wp-json\/wp\/v2\/posts\/50837\/revisions\/50844"}],"wp:attachment":[{"href":"https:\/\/www.die-stadtzeitung.de\/index.php\/wp-json\/wp\/v2\/media?parent=50837"}],"wp:term":[{"taxonomy":"category","embeddable":true,"href":"https:\/\/www.die-stadtzeitung.de\/index.php\/wp-json\/wp\/v2\/categories?post=50837"},{"taxonomy":"post_tag","embeddable":true,"href":"https:\/\/www.die-stadtzeitung.de\/index.php\/wp-json\/wp\/v2\/tags?post=50837"}],"curies":[{"name":"wp","href":"https:\/\/api.w.org\/{rel}","templated":true}]}}