{"id":50629,"date":"2022-03-10T14:35:47","date_gmt":"2022-03-10T13:35:47","guid":{"rendered":"https:\/\/www.die-stadtzeitung.de\/?p=50629"},"modified":"2022-03-10T14:35:47","modified_gmt":"2022-03-10T13:35:47","slug":"die-welle-der-solidaritaet-macht-hoffnung","status":"publish","type":"post","link":"https:\/\/www.die-stadtzeitung.de\/index.php\/2022\/03\/10\/die-welle-der-solidaritaet-macht-hoffnung\/","title":{"rendered":"Die Welle der Solidarit\u00e4t macht Hoffnung"},"content":{"rendered":"<div id=\"attachment_33316\" class=\"wp-caption alignnone\" style=\"max-width: 1034px;\"><img loading=\"lazy\" decoding=\"async\" class=\"size-large wp-image-33316\" src=\"\/wp-content\/uploads\/2021\/01\/20190502_202311.jpg-HELGE-lINDH-1024x709.jpeg\" alt=\"\" width=\"1024\" height=\"709\" \/><span class=\"wp-caption-text\">Lore Duwe mir dem Bundestagsabgeordnete Helge Lindh &#8211; \u00a9 Foto: B\u00fcro Helge Lindh<\/span><\/div>\n<p>Mal unter uns! Drei Wellen haben wir in kurzer Reihenfolge erlebt, die Pandemie, die Flutwelle und jetzt die Fl\u00fcchtlingswelle aus der Ukraine.<span class=\"Apple-converted-space\">\u00a0<\/span><\/p>\n<p>Erfreulicherweise gibt es jetzt eine Welle der Hilfsbereitschaft. Tausende Wuppertaler folgten dem Aufruf der demokratischen Parteien, von Hilfsorganisationen und &#8222;Fridays for Future&#8220; und spendeten Hilfsg\u00fcter<span class=\"Apple-converted-space\">\u00a0<\/span>f\u00fcr die Fl\u00fcchtlinge aus der Ukraine.<\/p>\n<p><span class=\"Apple-converted-space\">\u00a0<\/span>Auf der Schlo\u00dfbleiche t\u00fcrmten sich Berge von Damen- und Heren-Bekleidung, Kinderklamotten, Schlafs\u00e4cken,\u00a0Hygieneartikeln und nicht zuletzt auch Kinderspielzeug.<\/p>\n<div id=\"attachment_50632\" class=\"wp-caption alignnone\" style=\"max-width: 632px;\"><img loading=\"lazy\" decoding=\"async\" class=\" wp-image-50632\" src=\"\/wp-content\/uploads\/2022\/03\/IMG_4235-1024x768.jpg\" alt=\"\" width=\"622\" height=\"467\" \/><span class=\"wp-caption-text\">Berge von Spenden in der Schlo\u00dfbleiche &#8211; \u00a9 Alexander De Root<\/span><\/div>\n<p>Eine Tr\u00e4ne war es wert, am Rande ein unverpacktes kleines Holzh\u00e4uschen stehen zu sehen, vielleicht ein Symbol f\u00fcr Verlorenes.<\/p>\n<p>Hoffnung macht die gro\u00dfe Solidarit\u00e4t und die \u00fcberw\u00e4ltigende Hilfsbereitschaft f\u00fcr die Menschen in der Ukraine.<\/p>\n<p>Ein Wirt auf der Luisenstrasse spendierte den Helferinnen frische Mettbr\u00f6tchen. Auch ein Zeichen der Solidarit\u00e4t.<\/p>\n<p>Ihre\/Eure Lore Duwe \/ Euer L\u00f6rken<\/p>\n","protected":false},"excerpt":{"rendered":"<p>In ihrer Kolumne &#8222;Mal unter uns&#8230;!&#8220; kommentiert die beliebte Wuppertaler Schauspielerin, T\u00e4nzerin, S\u00e4ngerin und Autorin Lore Duwe das Stadtgeschehen damals wie heute aus ihrem ganz pers\u00f6nlichen Blickwinkel. Diesmal geht es um die Welle der Solidarit\u00e4t f\u00fcr die Ukraine.<\/p>\n","protected":false},"author":7,"featured_media":0,"comment_status":"open","ping_status":"open","sticky":false,"template":"","format":"standard","meta":{"footnotes":""},"categories":[24],"tags":[],"class_list":["post-50629","post","type-post","status-publish","format-standard","hentry","category-wuppertal"],"publishpress_future_action":{"enabled":false,"date":"2026-05-08 09:19:14","action":"change-status","newStatus":"draft","terms":[],"taxonomy":"category","extraData":[]},"publishpress_future_workflow_manual_trigger":{"enabledWorkflows":[]},"_links":{"self":[{"href":"https:\/\/www.die-stadtzeitung.de\/index.php\/wp-json\/wp\/v2\/posts\/50629","targetHints":{"allow":["GET"]}}],"collection":[{"href":"https:\/\/www.die-stadtzeitung.de\/index.php\/wp-json\/wp\/v2\/posts"}],"about":[{"href":"https:\/\/www.die-stadtzeitung.de\/index.php\/wp-json\/wp\/v2\/types\/post"}],"author":[{"embeddable":true,"href":"https:\/\/www.die-stadtzeitung.de\/index.php\/wp-json\/wp\/v2\/users\/7"}],"replies":[{"embeddable":true,"href":"https:\/\/www.die-stadtzeitung.de\/index.php\/wp-json\/wp\/v2\/comments?post=50629"}],"version-history":[{"count":3,"href":"https:\/\/www.die-stadtzeitung.de\/index.php\/wp-json\/wp\/v2\/posts\/50629\/revisions"}],"predecessor-version":[{"id":50633,"href":"https:\/\/www.die-stadtzeitung.de\/index.php\/wp-json\/wp\/v2\/posts\/50629\/revisions\/50633"}],"wp:attachment":[{"href":"https:\/\/www.die-stadtzeitung.de\/index.php\/wp-json\/wp\/v2\/media?parent=50629"}],"wp:term":[{"taxonomy":"category","embeddable":true,"href":"https:\/\/www.die-stadtzeitung.de\/index.php\/wp-json\/wp\/v2\/categories?post=50629"},{"taxonomy":"post_tag","embeddable":true,"href":"https:\/\/www.die-stadtzeitung.de\/index.php\/wp-json\/wp\/v2\/tags?post=50629"}],"curies":[{"name":"wp","href":"https:\/\/api.w.org\/{rel}","templated":true}]}}