{"id":50524,"date":"2022-03-14T13:51:27","date_gmt":"2022-03-14T12:51:27","guid":{"rendered":"https:\/\/www.die-stadtzeitung.de\/?p=50524"},"modified":"2022-03-17T12:27:06","modified_gmt":"2022-03-17T11:27:06","slug":"ralf-moeller-bangt-um-selenskyi-und-die-klitschko-brueder","status":"publish","type":"post","link":"https:\/\/www.die-stadtzeitung.de\/index.php\/2022\/03\/14\/ralf-moeller-bangt-um-selenskyi-und-die-klitschko-brueder\/","title":{"rendered":"Ralf Moeller bangt um Selenskyj und die Klitschko-Br\u00fcder"},"content":{"rendered":"<div id=\"attachment_50527\" class=\"wp-caption alignnone\" style=\"max-width: 1034px;\"><img loading=\"lazy\" decoding=\"async\" class=\"size-large wp-image-50527\" src=\"\/wp-content\/uploads\/2022\/03\/2b8107c9-cd80-412d-9ee5-34f97f54d1bf-1024x681.jpg\" alt=\"\" width=\"1024\" height=\"681\" \/><span class=\"wp-caption-text\">Seit vielen Jahren gute Freunde: Schauspieler Ralf Moeller (l.) und Vitali Klitschko &#8211; \u00a9 privat<\/span><\/div>\n<p>Der Ex-Box-Weltmeister Vitali Klitschko (50) ist B\u00fcrgermeister der ukrainischen Hauptstadt Kiew. Er will seine Heimat mit aller Macht verteidigen. Ihm zur Seite steht Bruder Wladimir (45), ebenfalls Box-Weltmeister im Schwergewicht, der von seinen Fans weltweit &#8222;Dr. Steelhammer&#8220; genannt.<span class=\"Apple-converted-space\">\u00a0<\/span><\/p>\n<p>&#8222;Stahlhammer&#8220; wegen seiner enormen Schlagkraft. Und Doktor, weil er wie sein Bruder ein promovierter Sportwissenschaftler ist. Wladimir kann zudem noch auf ein Studium der Philosophie verweisen. Vitali ist Vater von drei Kindern, sein Bruder hat eine Tochter.<span class=\"Apple-converted-space\">\u00a0<\/span><\/p>\n<p>&#8222;Wir haben 45 Jahre zusammen verbracht. Da ist es doch klar, dass wir jetzt auch in diesen schweren Stunden als Br\u00fcder zusammenstehen &#8211; notfalls bis zum bitteren Ende&#8220;, schockierende Worte von Wladimir Klitschko in einem Interview mit BILD TV.<\/p>\n<p>Worte, die Ralf Moeller (63) in L.A. tieftraurig und nachdenklich stimmen. Wie oft haben die drei Freunde in Los Angeles am Venice Beach, auf den Santa Monica Strairs oder im ber\u00fchmten Gold&#8217;s Gym gemeinsam trainiert oder mit der Harley Motorradtouren \u00fcber die Route 66 gemacht.<\/p>\n<p>&#8222;Das ist hier kein Boxkampf, bei dem man am Ende als Sieger oder Verlierer den Ring verl\u00e4sst. Diesmal geht es im wahrsten Sinne des Wortes um Leben und Tod. Beide sind Weltb\u00fcrger, finanziell unabh\u00e4ngig, k\u00f6nnten in Los Angeles, auf Mallorca, in Hamburg oder Berlin sorgenfrei und sicher ihr Leben geniessen. Aber sie lieben ihr Heimatland und ihre Landsleute so sehr, dass sie daf\u00fcr ihr Leben aufs Spiel setzen. Das verdient Respekt&#8220;, unterstreicht der Film-Star, der aus Recklinghausen stammt. Er besitzt die deutsche und die amerkanische Staatsb\u00fcrgerschaft.<span class=\"Apple-converted-space\">\u00a0<\/span><\/p>\n<div id=\"attachment_50528\" class=\"wp-caption alignnone\" style=\"max-width: 586px;\"><img loading=\"lazy\" decoding=\"async\" class=\"wp-image-50528 size-full\" src=\"\/wp-content\/uploads\/2022\/03\/61c955cc-e2c1-4158-99ea-0968f4e3fa15.jpg\" alt=\"\" width=\"576\" height=\"454\" \/><span class=\"wp-caption-text\">Ein Dokument aus guten, friedlichen Zeiten: (vl.) Wladimir Klitschko, Ralf Moeller und Vitali Klitschko &#8211; \u00a9 privat<\/span><\/div>\n<p>Der Vater von zwei T\u00f6chtern ist ein Mann der klaren Worte: &#8222;Wer unschuldigen Menschen so etwas antut, der ist ein Monster und verdient Verachtung.&#8220; Dagegen bewundert er den Mut und die Standhaftigkeit des ukrainischen Pr\u00e4sidenten Wolodymyr Selenskyj, ein Ex-Schauspieler, der 2019 zum Pr\u00e4sident der Ukraine gew\u00e4hlt wurde und sich in k\u00fcrzester Zeit zu einer beeindruckenden Pers\u00f6nlichkeit, zu einem Staatsmann entwickelt hat.<\/p>\n<p>Ralf Moeller: &#8222;Nicht wie in einem Hollywood-Film, Selenskyi ist ein wahrer Held, ein echtes Vorbild. Er versteckt sich nicht vor seinem Volk. Er l\u00e4sst seine Landsleute nicht im Stich. Als ihm Amerika anbot, ihn auszufliegen und in Sicherheit zu bringen, lehnte er dies mit den Worten ab: &#8218;Ich brauche Munition, keine Mitfahrgelegenheit!&#8216; Was f\u00fcr ein beeindruckender Mann!&#8220;<\/p>\n<p>Zum Schlu\u00df bittet der Schauspieler um Unterst\u00fctzung f\u00fcr die ukrainische Bev\u00f6lkerung: &#8222;Bitte spenden Sie f\u00fcr die vielen Fl\u00fcchtlinge, die so brutal und blutig aus ihrer Heimat vertrieben wurde. Ich habe nat\u00fcrlich auch gespendet. Ich w\u00fcnsche mir von Herzen, dass dieser Alptraum bald vorbei ist und dass Pr\u00e4sident Selenskyj und meine Freunde Vitali und Wladimir Klitschko da lebend und unversehrt herauskommen.&#8220;<\/p>\n<p>Diesem Wunsch k\u00f6nnen wir uns nur voll und ganz anschliessen.<\/p>\n<p><strong>Text: Peter Pionke<\/strong><\/p>\n","protected":false},"excerpt":{"rendered":"<p>Er h\u00e4lt sich in seiner zweiten Heimat Los Angeles auf, im sonnigen Kalifonien (USA). Doch auch dort, gut 14 Flugsrunde von Berlin entfernt, hat Film-Star Ralf Moeller (&#8222;Gladiator&#8220;) die blutige Realit\u00e4t in Europa eingeholt. Er ist mit seinen Gedanken in der Ukraine, die gnadenlos von Diktator Wladimir Putin angegriffen wird. Er macht sich Sorgen um die Ukrainer und er bangt um seine Freunde Vitali und Wladimir Klitschko.<\/p>\n","protected":false},"author":7,"featured_media":0,"comment_status":"open","ping_status":"open","sticky":false,"template":"","format":"standard","meta":{"footnotes":""},"categories":[19],"tags":[],"class_list":["post-50524","post","type-post","status-publish","format-standard","hentry","category-weitblick"],"publishpress_future_action":{"enabled":false,"date":"2026-05-08 02:36:02","action":"change-status","newStatus":"draft","terms":[],"taxonomy":"category","extraData":[]},"publishpress_future_workflow_manual_trigger":{"enabledWorkflows":[]},"_links":{"self":[{"href":"https:\/\/www.die-stadtzeitung.de\/index.php\/wp-json\/wp\/v2\/posts\/50524","targetHints":{"allow":["GET"]}}],"collection":[{"href":"https:\/\/www.die-stadtzeitung.de\/index.php\/wp-json\/wp\/v2\/posts"}],"about":[{"href":"https:\/\/www.die-stadtzeitung.de\/index.php\/wp-json\/wp\/v2\/types\/post"}],"author":[{"embeddable":true,"href":"https:\/\/www.die-stadtzeitung.de\/index.php\/wp-json\/wp\/v2\/users\/7"}],"replies":[{"embeddable":true,"href":"https:\/\/www.die-stadtzeitung.de\/index.php\/wp-json\/wp\/v2\/comments?post=50524"}],"version-history":[{"count":6,"href":"https:\/\/www.die-stadtzeitung.de\/index.php\/wp-json\/wp\/v2\/posts\/50524\/revisions"}],"predecessor-version":[{"id":50671,"href":"https:\/\/www.die-stadtzeitung.de\/index.php\/wp-json\/wp\/v2\/posts\/50524\/revisions\/50671"}],"wp:attachment":[{"href":"https:\/\/www.die-stadtzeitung.de\/index.php\/wp-json\/wp\/v2\/media?parent=50524"}],"wp:term":[{"taxonomy":"category","embeddable":true,"href":"https:\/\/www.die-stadtzeitung.de\/index.php\/wp-json\/wp\/v2\/categories?post=50524"},{"taxonomy":"post_tag","embeddable":true,"href":"https:\/\/www.die-stadtzeitung.de\/index.php\/wp-json\/wp\/v2\/tags?post=50524"}],"curies":[{"name":"wp","href":"https:\/\/api.w.org\/{rel}","templated":true}]}}