{"id":50376,"date":"2022-02-19T13:06:16","date_gmt":"2022-02-19T12:06:16","guid":{"rendered":"https:\/\/www.die-stadtzeitung.de\/?p=50376"},"modified":"2022-02-27T10:31:00","modified_gmt":"2022-02-27T09:31:00","slug":"aok-online-hilfe-bei-depressionen-im-alter","status":"publish","type":"post","link":"https:\/\/www.die-stadtzeitung.de\/index.php\/2022\/02\/19\/aok-online-hilfe-bei-depressionen-im-alter\/","title":{"rendered":"AOK: Online-Hilfe bei &#8222;Depressionen im Alter&#8220;"},"content":{"rendered":"<div id=\"attachment_50378\" class=\"wp-caption alignnone\" style=\"max-width: 1034px;\"><img loading=\"lazy\" decoding=\"async\" class=\"size-large wp-image-50378\" src=\"\/wp-content\/uploads\/2022\/02\/hand-3666974_1280-2-1024x718.jpeg\" alt=\"\" width=\"1024\" height=\"718\" \/><span class=\"wp-caption-text\">Viele alte Menschen leiden unter Depressiven \u00a9 Pixabay<\/span><\/div>\n<p><b>\u00a0<\/b>Die AOK Rheinland\/Hamburg will mit einem neuen Online-Angebot f\u00fcr das Thema sensibilisieren und hat f\u00fcr den \u201eFamiliencoach Depression\u201c einen speziellen Bereich zum Thema \u201eDepression im Alter\u201c entwickelt.<\/p>\n<p>Laut Studien zeigen 17 Prozent der \u00e4lteren Menschen \u00fcber 75 Jahren depressive Symptome, unter Bewohnerinnen und Bewohnern von Pflegeheimen sind es bis zu 50 Prozent. Auch die Suizidrate ist bei \u00e4lteren Menschen mit Abstand am h\u00f6chsten.\u00a0<span class=\"Apple-converted-space\">\u00a0<\/span><\/p>\n<p>\u201eDepressionen im Alter bleiben h\u00e4ufig unerkannt, dabei sind sie \u2013 auch in einem hohen Lebensalter \u2013 gut behandelbar. Unser neues Online-Angebot kann Angeh\u00f6rigen \u00e4lterer Menschen dabei helfen, Anzeichen einer Altersdepression zu erkennen und zeigt Behandlungsm\u00f6glichkeiten auf\u201c, sagt Christiane Otto, Regionaldirektorin der AOK Rheinland\/Hamburg im Bergischen Land.<\/p>\n<p>Prof. Elisabeth Schramm vom Universit\u00e4tsklinikum Freiburg hat das neue Modul \u201eDepression im Alter\u201c in Zusammenarbeit mit Prof. Michael H\u00fcll, Chefarzt der Klinik f\u00fcr Alterspsychiatrie und Psychotherapie in Emmendingen, entwickelt.<span class=\"Apple-converted-space\">\u00a0<\/span><\/p>\n<p>\u201eIm Kern geht es darum, sich auch im h\u00f6heren Alter immer wieder an Ver\u00e4nderungen anzupassen \u2013 seien es k\u00f6rperliche Einschr\u00e4nkungen, der Eintritt in den Ruhestand, der Wegfall wichtiger Aufgaben oder der Abschied von langj\u00e4hrigen Weggef\u00e4hrten\u201c, so Schramm.<span class=\"Apple-converted-space\">\u00a0<\/span><\/p>\n<p>Depressive St\u00f6rungen im Alter k\u00f6nnen laut der Expertin schwerwiegende Folgen haben: \u201eSie gehen mit einem Verlust an Lebensqualit\u00e4t, kognitiven Beeintr\u00e4chtigungen und einer erh\u00f6hten Suizidgefahr einher \u2013 und sie wirken sich oft auch ung\u00fcnstig auf den Verlauf bestehender k\u00f6rperlicher Erkrankungen aus.\u201c Zudem w\u00fcrden die Symptome einer Depression im Alter manchmal mit einer beginnenden Demenz verwechselt.<\/p>\n<p>Das neue Online-Angebot ist eines von insgesamt f\u00fcnf Modulen im \u201eFamiliencoach Depression\u201c, den die AOK bereits 2018 gestartet hat. Das Programm wird seitdem jeden Monat von tausenden Menschen genutzt.<span class=\"Apple-converted-space\">\u00a0<\/span><\/p>\n<p>Der \u201eFamiliencoach Depression\u201c ist f\u00fcr jeden Interessierten kostenfrei und anonym nutzbar. AOK-Versicherte k\u00f6nnen zus\u00e4tzlich an regelm\u00e4\u00dfig stattfindenden Videochats teilnehmen, in denen Prof. Elisabeth Schramm Fragen der Nutzerinnen und Nutzer beantwortet.<\/p>\n<p>Zum \u201eFamiliencoach Depression\u201c: <a href=\"http:\/\/www.familiencoach-depression.de\/\">www.familiencoach-depression.de<\/a><\/p>\n<p>&nbsp;<\/p>\n","protected":false},"excerpt":{"rendered":"<p>Sozialer R\u00fcckzug, Antriebslosigkeit, Niedergeschlagenheit: Depressionen sind die h\u00e4ufigste psychische St\u00f6rung bei \u00e4lteren Menschen und gehen vielfach mit k\u00f6rperlichen Erkrankungen und Einschr\u00e4nkungen einher.\u00a0<\/p>\n","protected":false},"author":7,"featured_media":0,"comment_status":"open","ping_status":"open","sticky":false,"template":"","format":"standard","meta":{"footnotes":""},"categories":[24],"tags":[],"class_list":["post-50376","post","type-post","status-publish","format-standard","hentry","category-wuppertal"],"publishpress_future_action":{"enabled":false,"date":"2026-05-06 11:41:03","action":"change-status","newStatus":"draft","terms":[],"taxonomy":"category","extraData":[]},"publishpress_future_workflow_manual_trigger":{"enabledWorkflows":[]},"_links":{"self":[{"href":"https:\/\/www.die-stadtzeitung.de\/index.php\/wp-json\/wp\/v2\/posts\/50376","targetHints":{"allow":["GET"]}}],"collection":[{"href":"https:\/\/www.die-stadtzeitung.de\/index.php\/wp-json\/wp\/v2\/posts"}],"about":[{"href":"https:\/\/www.die-stadtzeitung.de\/index.php\/wp-json\/wp\/v2\/types\/post"}],"author":[{"embeddable":true,"href":"https:\/\/www.die-stadtzeitung.de\/index.php\/wp-json\/wp\/v2\/users\/7"}],"replies":[{"embeddable":true,"href":"https:\/\/www.die-stadtzeitung.de\/index.php\/wp-json\/wp\/v2\/comments?post=50376"}],"version-history":[{"count":2,"href":"https:\/\/www.die-stadtzeitung.de\/index.php\/wp-json\/wp\/v2\/posts\/50376\/revisions"}],"predecessor-version":[{"id":50379,"href":"https:\/\/www.die-stadtzeitung.de\/index.php\/wp-json\/wp\/v2\/posts\/50376\/revisions\/50379"}],"wp:attachment":[{"href":"https:\/\/www.die-stadtzeitung.de\/index.php\/wp-json\/wp\/v2\/media?parent=50376"}],"wp:term":[{"taxonomy":"category","embeddable":true,"href":"https:\/\/www.die-stadtzeitung.de\/index.php\/wp-json\/wp\/v2\/categories?post=50376"},{"taxonomy":"post_tag","embeddable":true,"href":"https:\/\/www.die-stadtzeitung.de\/index.php\/wp-json\/wp\/v2\/tags?post=50376"}],"curies":[{"name":"wp","href":"https:\/\/api.w.org\/{rel}","templated":true}]}}