{"id":50372,"date":"2022-02-18T12:45:02","date_gmt":"2022-02-18T11:45:02","guid":{"rendered":"https:\/\/www.die-stadtzeitung.de\/?p=50372"},"modified":"2022-02-26T13:23:11","modified_gmt":"2022-02-26T12:23:11","slug":"von-der-heydt-museum-kuenstlergespraech-mit-hans-c-schink","status":"publish","type":"post","link":"https:\/\/www.die-stadtzeitung.de\/index.php\/2022\/02\/18\/von-der-heydt-museum-kuenstlergespraech-mit-hans-c-schink\/","title":{"rendered":"Von der Heydt-Museum: K\u00fcnstlergespr\u00e4ch mit Hans-C. Schink\u00a0"},"content":{"rendered":"<div id=\"attachment_50373\" class=\"wp-caption alignnone\" style=\"max-width: 1034px;\"><img loading=\"lazy\" decoding=\"async\" class=\"wp-image-50373 size-large\" src=\"\/wp-content\/uploads\/2022\/02\/07_Hans-Christian-Schink_Zwischen-Lemmersdorf-und-Klei-sthohe_2016-1024x819.jpg\" alt=\"\" width=\"1024\" height=\"819\" \/><span class=\"wp-caption-text\">Zwischen Lemmersdorf und Kleisth\u00f6he (2016) aus der Serie \u201eHinterland\u201c (2012-2019) &#8211; \u00a9 Hans-Christian Schink<\/span><\/div>\n<p>Mit einer Pr\u00e4sentation, die Arbeiten des Fotografen aus den zur\u00fcckliegenden zwei Jahrzehnten mit Hauptwerken aus der Sammlung zur Landschaftsmalerei im 19. Jahrhundert zusammenf\u00fchrt, er\u00f6ffnet das Von der Heydt-Museum eine Ausstellungsreihe, in der renommierte zeitgen\u00f6ssische K\u00fcnstler eingeladen werden, sich mit den reichhaltigen Best\u00e4nden des Hauses auseinanderzusetzen.<\/p>\n<p>Schinks Werk besch\u00e4ftigt sich schwerpunktm\u00e4\u00dfig mit der Landschaft als Resultat der Interferenzen von Natur und gestaltetem Raum, ein geschichtstr\u00e4chtiges Genre, dessen Konventionen und Codes er gleicherma\u00dfen best\u00e4tigt wie hinterfragt.<\/p>\n<p>Wie seine Bilder entstehen und wie er seine Motive w\u00e4hlt, dar\u00fcber gibt er im K\u00fcnstlergespr\u00e4ch Auskunft. Die Teilnahme ist kostenfrei, den Link findet man online unter <a href=\"http:\/\/von-der-heydt-museum.de\/besuchen\/veranstaltungen\">von-der-heydt-museum.de\/besuchen\/veranstaltungen<\/a><\/p>\n<p>&nbsp;<\/p>\n","protected":false},"excerpt":{"rendered":"<p>Das Von der Heydt-Museum Wuppertal l\u00e4dt zu einem K\u00fcnstlergespr\u00e4ch per Zoom mit dem Fotografen Hans-Christian Schink (geb. 1961 in Erfurt) am Mittwoch (02.3.) ein.<\/p>\n","protected":false},"author":7,"featured_media":0,"comment_status":"open","ping_status":"open","sticky":false,"template":"","format":"standard","meta":{"footnotes":""},"categories":[29],"tags":[],"class_list":["post-50372","post","type-post","status-publish","format-standard","hentry","category-kultur"],"publishpress_future_action":{"enabled":false,"date":"2026-05-07 15:30:26","action":"change-status","newStatus":"draft","terms":[],"taxonomy":"category","extraData":[]},"publishpress_future_workflow_manual_trigger":{"enabledWorkflows":[]},"_links":{"self":[{"href":"https:\/\/www.die-stadtzeitung.de\/index.php\/wp-json\/wp\/v2\/posts\/50372","targetHints":{"allow":["GET"]}}],"collection":[{"href":"https:\/\/www.die-stadtzeitung.de\/index.php\/wp-json\/wp\/v2\/posts"}],"about":[{"href":"https:\/\/www.die-stadtzeitung.de\/index.php\/wp-json\/wp\/v2\/types\/post"}],"author":[{"embeddable":true,"href":"https:\/\/www.die-stadtzeitung.de\/index.php\/wp-json\/wp\/v2\/users\/7"}],"replies":[{"embeddable":true,"href":"https:\/\/www.die-stadtzeitung.de\/index.php\/wp-json\/wp\/v2\/comments?post=50372"}],"version-history":[{"count":2,"href":"https:\/\/www.die-stadtzeitung.de\/index.php\/wp-json\/wp\/v2\/posts\/50372\/revisions"}],"predecessor-version":[{"id":50375,"href":"https:\/\/www.die-stadtzeitung.de\/index.php\/wp-json\/wp\/v2\/posts\/50372\/revisions\/50375"}],"wp:attachment":[{"href":"https:\/\/www.die-stadtzeitung.de\/index.php\/wp-json\/wp\/v2\/media?parent=50372"}],"wp:term":[{"taxonomy":"category","embeddable":true,"href":"https:\/\/www.die-stadtzeitung.de\/index.php\/wp-json\/wp\/v2\/categories?post=50372"},{"taxonomy":"post_tag","embeddable":true,"href":"https:\/\/www.die-stadtzeitung.de\/index.php\/wp-json\/wp\/v2\/tags?post=50372"}],"curies":[{"name":"wp","href":"https:\/\/api.w.org\/{rel}","templated":true}]}}