{"id":50307,"date":"2022-02-20T12:59:58","date_gmt":"2022-02-20T11:59:58","guid":{"rendered":"https:\/\/www.die-stadtzeitung.de\/?p=50307"},"modified":"2025-02-26T00:54:46","modified_gmt":"2025-02-25T23:54:46","slug":"tim-peters-schreibt-hits-fuer-die-stars-der-schlager-branche","status":"publish","type":"post","link":"https:\/\/www.die-stadtzeitung.de\/index.php\/2022\/02\/20\/tim-peters-schreibt-hits-fuer-die-stars-der-schlager-branche\/","title":{"rendered":"Tim Peters schreibt Hits f\u00fcr die Stars der Schlager-Branche"},"content":{"rendered":"<div id=\"attachment_50319\" class=\"wp-caption alignnone\" style=\"max-width: 1034px;\"><img loading=\"lazy\" decoding=\"async\" class=\"size-large wp-image-50319\" src=\"\/wp-content\/uploads\/2022\/02\/Tim-Peters_Press-3_Foto-Mirko-Schumann-2-2-1024x778.jpg\" alt=\"\" width=\"1024\" height=\"778\" \/><span class=\"wp-caption-text\">Tim Peters hat seine Ziele klar im Fokus &#8211; \u00a9 Mirko Schumann<\/span><\/div>\n<p>Tim Peters arbeitet u.a. f\u00fcr Michelle, Matthias Reim, Bernhard Brink, Florian Silbereisen, Thomas Anders, DJ \u00d6tzi oder Semino Rossi.<span class=\"Apple-converted-space\">\u00a0<\/span><\/p>\n<p>Allein in der ZDF-Sendung &#8222;Giovanni-Zarrella-Show&#8220; (12.02.2022) war er mit vier Songs vertreten, die er entweder komponiert oder produziert hat: Matthias Reim mit &#8222;Blaulicht&#8220;, Michelle mit &#8222;Paris&#8220; (Version 2022) und DJ \u00d6tzi, der ein Medley sang, in dem mit &#8222;Der Moment&#8220; und &#8222;Wenn Gott so will&#8220; zwei Songs vorkamen, die aus der Feder von Tim Peters stammen.<\/p>\n<p>Der 31j\u00e4hrige komponiert und produziert nicht nur, er steht auch selbst als S\u00e4nger auf der B\u00fchne. Sein erstes Solo-Album kommt in K\u00fcrze auf den Markt.<\/p>\n<p>Die STADTZEITUNG hat sich Rahmen der Interview-Reihe &#8222;Hand aufs Herz&#8220; mit dem Multitalent unterhalten.<\/p>\n<p><b>DS: In Ihrer Biografie heisst es, dass Sie als kleines Kind bei Roy Black auf dem Scho\u00df gesessen haben. Welche Erinnerung haben Sie denn noch an den erfolgreichen, aber sehr sensiblen Schlagers\u00e4nger und Schauspieler?<\/b><\/p>\n<p>Tim Peters: &#8222;Mein Vater war Begleitmusiker von Roy Black und er hat mich manchmal mit zu den Konzerten genommen. Und da habe ich auch mal auf seinem Scho\u00df gesessen. Ich war damals noch so klein, dass ich keine gro\u00dfe Erinnerung mehr daran habe. Ich weiss nur, das Roy Black viel zu fr\u00fch gestorben ist und, dass er eine Legende war.&#8220;<\/p>\n<p><b>DS: Als 7j\u00e4hriger standen Sie &#8211; beispielsweise bei der Harald-Schmidt-Show &#8211; schon auf der B\u00fchne. Sind Sie deshalb ohne Ber\u00fchrung\u00e4ngste quasi spielerisch ins Showgesch\u00e4ft hineingewachsen?<\/b><\/p>\n<p>Tim Peters: &#8222;Ich bin damals ganz locker und v\u00f6llig unbeeindruckt an die Sache herangegangen. Mir war gar nicht bewusst, vor welch einer Moderatoren-Gr\u00f6\u00dfe ich da mit meinen sieben Jahren da stand. Heute bin ich da vor einem Auftritt schon viel nerv\u00f6ser, ehrlich gesagt.&#8220;<\/p>\n<p><b>DS: Welchen Anteil hat Ihr Vater, das als Gitarrist f\u00fcr Roy Black und Daliah Lavi auf der B\u00fchne stand, an Ihrer musikalischen Entwicklung?<\/b><\/p>\n<p>Tim Peters: &#8222;Nicht nur mein Vater, auch meine Mutter sowie mein Onkel und meine Tante haben mich musikalisch beeinflusst und mich immer unterst\u00fctzt. Als ich 15 war, haben mir meine Eltern quasi ein Tonstudio geschenkt. Es bestand aus einem Computer, einem Interface, zwei Lautsprechern und einem Keyboard. Und damit habe ich dann meine eigenen Musik produziert. Meinen Eltern bin ich sehr dankbar daf\u00fcr.&#8220;<\/p>\n<div id=\"attachment_50312\" class=\"wp-caption alignnone\" style=\"max-width: 510px;\"><img loading=\"lazy\" decoding=\"async\" class=\" wp-image-50312\" src=\"\/wp-content\/uploads\/2022\/02\/Tim-Peters_Press2_Foto-Mirko-Schumann-2-663x1024.jpg\" alt=\"\" width=\"500\" height=\"772\" \/><span class=\"wp-caption-text\">Strahl eine frische Jugendlichkeit aus: Tim Peters &#8211; \u00a9 Mirko Schumann<\/span><\/div>\n<p><b>DS: Sie ware gerade einmal sieben Jahre als Sie mit Hilfe Ihres Vaters den ersten Song geschrieben haben: &#8222;Nie mehr mit Laura&#8220;. In dem Lied lassen Sie Ihre Cousine nicht besonders gut aussehen. Wie ist denn heute Ihr Verh\u00e4ltnis zu Laura?&#8220;<\/b><\/p>\n<p>Tim Peters (lacht): &#8222;Wir haben immer noch Kontakt \u00fcber Facebook und Instagram. Und<span class=\"Apple-converted-space\">\u00a0 <\/span>wir sehen uns auch einmal im Jahr auf der Grillfete meiner Tante. Und \u00fcber die Geschichte von damals k\u00f6nnen wir beide herzhaft lachen.&#8220;<\/p>\n<p><b>DS: Mit dem Laura-Song haben Sie es 1998 zwar bis ins Finale des &#8222;Schlager Grand Pix&#8220; im ZDF gebracht, sind dort aber nur Letzter geworden. Inwieweit hat Sie das Erlebnis f\u00fcr die Zukunft gepr\u00e4gt?<\/b><\/p>\n<p>Tim Peters: &#8222;Damals war ich nat\u00fcrlich traurig und habe auch geweint. Aber im Nachhinein war es f\u00fcr meine Entwicklung ein Segen, dass ich Letzter geworden bin. Mir wurde klar, dass man nicht als Star geboren wird, sondern hart arbeiten und dem\u00fctig sein muss, wenn man Erfolg haben will. Auch heute sehe ich das, was ich mache, nicht als non plus ultra an, sondern weiss, dass ich immer noch von anderen lernen und mich verbessern kann.&#8220;<\/p>\n<p><b>DS: Sie haben den Bachelor Of Science f\u00fcr Medienmanagement in der Tasche und konnten in New York von der Pike an das Handwerk des Musikproduzierens erlernen. Welche Rolle spielt f\u00fcr Sie die Zeit in den USA?<\/b><\/p>\n<p>Tim Peters: &#8222;Mit 22 Jahren kam ich nach New York und Amerka war eine ganz neue Welt f\u00fcr mich: Eine neue Sprache, eine neue Kultur und zum ersten Mal \u00fcberhaupt von zuhause weg. Und dann das Leben in einer so riesigen, fast schon \u00fcberfordernden Stadt. Aber wenn man dort einigermassen klar kommt, wird man erwachsen und ist f\u00fcrs Leben gewappnet. Ich habe in New York neben meinem Medienmanagement-Studium ein Praktikum in einem Tonstudio gemacht, in dem Hip-Hop und Rap produziert wurde. Das war auch einen neue, interessante Erfahrung f\u00fcr mich, weil ich musikalisch ja aus einer ganz anderen Ecke komme. Ich denke heute noch sehr gern an die Zeit in New York zur\u00fcck.&#8220;<\/p>\n<p><b>DS: Sie sind inzwischen ein sehr erfolgreicher Komponist und Musikproduzent, ohne selbst ein Instrument zu beherrschen. Welche Vor- oder Nachteile bringt diese Tatsache mit sich?<\/b><\/p>\n<p>Tim Peters: &#8222;So ein paar Akkorde auf dem Piano beherrsche ich schon und ich habe auch Ahnung von Akkord-Strukturen. Aber ein guter Instrumentalist bin ich nun wirklich nicht. Der Nachteil: Wenn es beispielsweise um das Arrangement von Balladen geht, reichen meine F\u00e4higkeiten als Musiker oft nicht aus. Dann muss ich mir daf\u00fcr professionelle Hilfe dazu holen. Dagegen habe ich bei den poppigen Up-Tempo-Nummern, die meistens dann gut funktionieren, wenn sie ganz simple aufgebaut sind, gar keine Schwierigkeiten. Ich glaube sogar, dass ich dadurch schneller Melodien entwickeln kann, die auch Menschen ansprechen, die selbst kein Instrument beherrschen, sondern einfach nur gern Musik h\u00f6ren. Und das ist dann wiederum ein Vorteil.&#8220;<\/p>\n<p><b>DS: Sie schreiben mittlerweile f\u00fcr Schlager-Gr\u00f6\u00dfen wie Matthias Reim, Michelle, Bernhard Brink oder Semino Rossi. Sind das Lieder, die Sie zuf\u00e4llig einmal geschrieben haben und dann weiter geben oder sind das ma\u00dfgeschneiderte Auftragsarbeiten?<\/b><\/p>\n<p>Tim Peters: &#8222;Das sind immer massgeschneiderte Songs f\u00fcr den jeweiligen K\u00fcnstler. Denn diese Stars stehen f\u00fcr eine bestimmte Haltung, wollen ganz bestimmte Werte mit ihren Liedern transportieren und haben auch ihre eigenen Sprache. Deshalb kann man keinen Song, der eigentlich f\u00fcr Matthias Reim komponiert war, einem Semino Rossi geben oder umgekehrt.&#8220;<\/p>\n<p><b>DS: Haben Sie eine andere Herangehensweise, wenn Sie Songs f\u00fcr fremde Interpreten oder f\u00fcr sich schreiben?<\/b><\/p>\n<p>Tim Peters: &#8222;Ich schaue mir vorher immer das Repertoire der jeweiligen K\u00fcnstler an. Ich mag beispielsweise die Musik von Matthias Reim sehr gern und h\u00f6re sie mir auch privat an. Ich gehe dann mit ein paar Anhaltspunkten in die Session. Wichtig ist, dass die Songs aus einer guten Laune heraus entstehen. Im Prinzip aber ist die Herangehensweise, ob ich einen Song f\u00fcr einen anderen K\u00fcnstler oder f\u00fcr mich schreibe, immer gleich. Nat\u00fcrlich stelle ich bei Liedern, die ich f\u00fcr mich selbst schreibe, die Fragen in den Mittelpunkt: Wof\u00fcr stehe ich, welche Werte sollen her\u00fcberkommen und welches Alleinstellungsmerkmal habe ich?&#8220;<\/p>\n<p><b>DS: Worauf legen Sie besonderen Wert, wenn Sie Songs f\u00fcr sich selbst schreiben &#8211; wie zum Beispiel f\u00fcr Ihr erstes eigenes Solo-Album?<\/b><\/p>\n<p>Tim Peters: &#8222;Mit meinen Songs m\u00f6chte ich die Leute aufr\u00fctteln, sie von den Sitzen rei\u00dfen, m\u00f6chte sie begeistern, daf\u00fcr sorgen, dass sie gute Laune bekommen. Deswegen wird mein Album Party lastiger. Ich achte darauf, dass jeder Song eine Botschaft hat und m\u00f6glichst Themen ber\u00fchrt, die noch keiner in der Form aufgegriffen hat. Beispielsweise \u00fcber die M\u00e4dels im Ruhrgebiet, wo ich ja herkomme.&#8220;<\/p>\n<p><b>DS: Zwei Goldene und einen Platin-&#8222;Platte&#8220; schm\u00fccken mittlerweile Ihre W\u00e4nde. Wie schwer ist es heutzutage einen Hit zu schreiben?<\/b><\/p>\n<p>Tim Peters: &#8222;Einen Hit kann man nicht planen. Was ich aber festgestellt habe, dass die Songs, bei denen nach f\u00fcnf bis zehn Minuten das Grundger\u00fcst steht, das gr\u00f6\u00dfte Potential haben, ein Hit zu werden.&#8220;<\/p>\n<p><b>DS: Sie bekennen sich zu 100 Prozent zum deutschen Schlager, was viele nicht so eindeutig tun. Kollege Michael Wendler schm\u00fcckt sich beispielsweise mit dem selbst gebastelten Titel &#8222;The German King of Pop&#8220;. Verk\u00f6rpern Sie sozusagen das neue Selbstbewusstsein der Schlager-Branche?<\/b><\/p>\n<p>Tim Peters: &#8222;Eindeutig Ja!&#8220;<\/p>\n<p><b>DS: Schlager ist seit Jahrzehnten ein Synonym f\u00fcr Herz und Schmerz, Liebeskummer und Happy-End. Sie greifen in Ihren Liedern ganz andere Themen als \u00fcblich auf. Auf Ihrem Album wird es Titel wie &#8222;Bettler&#8220; oder &#8222;Wenn ich alt bin&#8220; geben. Warum, glauben Sie, ist die Zeit daf\u00fcr reif?<\/b><\/p>\n<p>Tim Peters: &#8222;Wenn es keiner macht, bleiben solche Themen ja immer auf der Strecke. Klar gibt es auf meinem Album auch Liebeslieder. Es ist aber total spannend, auch andere Themen in den Mittelpunkt zu stellen und es trotzdem zu schaffen, die Leute zum Party machen zu animieren. Dieser Aufgabe stelle ich mich und das macht mir Spa\u00df.&#8220;<\/p>\n<p><b>DS: Welchen Stellenwert hat Ihrer Meinung nach bei einem erfolgreichen Song \u00fcberhaupt der Text?<\/b><\/p>\n<p>Tim Peters: &#8222;Sehr, sehr gro\u00df. Weil die deutschen H\u00f6rer sehr kritisch sind, was die Texte angeht. Bei englischen Titeln f\u00fcr den deutschen Markt reichen oft einige Reizw\u00f6rter, weil die Leute die Songs so nebenbei h\u00f6ren und die Texte f\u00fcr sie etwas Phonetisches sind. Bei Songs mit deutschen Texten, was ja beim Schlager der Fall ist, h\u00f6ren die Leute genau hin und verstehen auch jedes Wort. Deshalb ist es um so wichtiger, dass der Text auch Sinn macht, auch mal andere Formulierungen<span class=\"Apple-converted-space\">\u00a0 <\/span>benutzt werden, damit eine gewisse Reibung f\u00fcr den Zuh\u00f6rer entsteht.&#8220;<\/p>\n<div id=\"attachment_50313\" class=\"wp-caption alignnone\" style=\"max-width: 510px;\"><img loading=\"lazy\" decoding=\"async\" class=\" wp-image-50313\" src=\"\/wp-content\/uploads\/2022\/02\/Tim-Peters_Press-1_Foto-Mirko-Schumann-2-834x1024.jpg\" alt=\"\" width=\"500\" height=\"614\" \/><span class=\"wp-caption-text\">Komponist, Produzent und S\u00e4nger Tim Peters &#8211; \u00a9 Mirko Schumann<\/span><\/div>\n<p><b>DS: Planen Sie Ihre Karriere auch in Zukunft dreigleisig: Also Songs f\u00fcr andere zu schreiben, die Musik im Studio zu produzieren und auch selbst auf der B\u00fchne zu stehen?<\/b><\/p>\n<p>Tim Peters: &#8222;Ja, klar! Die Dinge greifen super ineinander und machen mir gro\u00dfen Spa\u00df. Warum sollte ich dann etwas davon aufgeben?&#8220;<\/p>\n<p><b>DS: Gibt es so etwas wie einen Traum, f\u00fcr welche K\u00fcnstlerin oder welchen K\u00fcnstler auf der Welt Sie gern einmal einen Song komponieren w\u00fcrden?<\/b><\/p>\n<p>Tim Peters: &#8222;Ich habe wirklich einen gro\u00dfen Traum! Aber der betrifft keine S\u00e4ngerin oder S\u00e4nger, sondern Max Martin, ein Produzent mit schwedischen Wurzeln. Er hat sehr viele internationale Hits komponiert und produziert. Mit ihm w\u00fcrde ich unheimlich gern eimal zusammenarbeiten oder ihm zumindest einmal hautnah \u00fcber die Schulter schauen. Seine Songs funktionieren \u00fcbrigens oft mit ganz einfachen Strukturen.&#8220;<\/p>\n<p><b>DS: Welche Musik h\u00f6ren Sie denn eigentlich privat?<\/b><\/p>\n<p>Tim Peters: &#8222;Wenn ich ganz ehrlich bin, h\u00f6re ich nicht selten privat gar keine Musik. Wenn man 8 &#8211; 10 Stunden im Studio gesessen und sich mit Musik besch\u00e4ftigt hat, ist man auch mal ganz froh, gar nichts zu h\u00f6ren. Wenn aber doch, h\u00f6re ich als Ausgleich gerne Dance-Music oder Rap. Ich mag auch bestimmte Rock-Gruppen und bin musikalisch eigentlich ganz offen.&#8220;<\/p>\n<p><b>DS: Welche Hobbies haben Sie oder womit verbringen Sie Ihre Freizeit, wenn Sie nicht am Mischpult sitzen?<\/b><\/p>\n<p>Tim Peters: &#8222;Eigentlich ist ja mein Beruf mein Hobby. Ansonsten verbringe ich meine Freizeit gern mit Freunden, ich verreise gerne, esse gerne gut und halte mich ganz bewusst mit Sport fit.&#8220;<\/p>\n<p><b>DS: Auch wenn Schlager f\u00fcr Sie nicht nur Lieder \u00fcber Liebe und Leidenschaft sind, haben Sie denn Ihre gro\u00dfe Liebe im Privatleben schon gefunden?<\/b><\/p>\n<p>Tim Peters: &#8222;Leider nein! Ich bin seit drei Jahren Single. Aber da ich mich im Moment ja sehr auf meine Musik konzentriere und an meiner Solo-Karriere arbeite, ist es vielleicht der richtige Zeitpunkt, allein durch die Welt zugehen und bin damit zur Zeit auch sehr gl\u00fccklich.&#8220;<\/p>\n<p><b>DS: Vielen Dank f\u00fcr das offene, spannende Gespr\u00e4ch<\/b><\/p>\n<p><b>Das Interview f\u00fchrte Peter Pionke<\/b><\/p>\n<p><b>Link zur Webseite<\/b><\/p>\n<p><a href=\"http:\/\/www.timpetersproduktion.com\">http:\/\/www.timpetersproduktion.com<\/a><\/p>\n<p>&nbsp;<\/p>\n<h4>\u00dcber Max Martin<\/h4>\n<p>Max Martin wurde am 26.02.1971 in Stockholm als Karl Martin Sandberg geboren. Er ist Songwriter und Produzent.<\/p>\n<p>Max Martin komponierte und produzierte u.a f\u00fcr Musik-Gr\u00f6\u00dfen wie Bryan Adams, Britney Spears, Rednex, Pink, Katy Perry, C\u00e8line Dion, Bon Jovi, Taylor Swift, Coldplay, James Blunt, Ellie Goulding und Adam Lambert.<\/p>\n<p>2014 wurde Max Martin mt dem &#8222;Grammy&#8220; als bester Produzent ausgezeichnet. Das ber\u00fchmte Musik-Magazin &#8222;Rolling Stone&#8220; f\u00fchrte ihn 2015 auf Platz 41 der besten 100 Songwriter.<\/p>\n","protected":false},"excerpt":{"rendered":"<p>Er ist die gro\u00dfe Hoffnung der Schlager-Branche! Tim Peters, 31 Jahre alt, ein Kind des Ruhrgebiets. Er hat sich als erfolgreicher Songwriter und Produzent einen Namen geschaffen. Die &#8222;Creme de la Creme&#8220; der Schlager-Szene gibt sich in seinem Studio in Kamen die Klinke in die Hand.\u00a0<\/p>\n","protected":false},"author":7,"featured_media":0,"comment_status":"open","ping_status":"open","sticky":false,"template":"","format":"standard","meta":{"footnotes":""},"categories":[29],"tags":[],"class_list":["post-50307","post","type-post","status-publish","format-standard","hentry","category-kultur"],"publishpress_future_action":{"enabled":false,"date":"2026-05-06 11:41:03","action":"change-status","newStatus":"draft","terms":[],"taxonomy":"category","extraData":[]},"publishpress_future_workflow_manual_trigger":{"enabledWorkflows":[]},"_links":{"self":[{"href":"https:\/\/www.die-stadtzeitung.de\/index.php\/wp-json\/wp\/v2\/posts\/50307","targetHints":{"allow":["GET"]}}],"collection":[{"href":"https:\/\/www.die-stadtzeitung.de\/index.php\/wp-json\/wp\/v2\/posts"}],"about":[{"href":"https:\/\/www.die-stadtzeitung.de\/index.php\/wp-json\/wp\/v2\/types\/post"}],"author":[{"embeddable":true,"href":"https:\/\/www.die-stadtzeitung.de\/index.php\/wp-json\/wp\/v2\/users\/7"}],"replies":[{"embeddable":true,"href":"https:\/\/www.die-stadtzeitung.de\/index.php\/wp-json\/wp\/v2\/comments?post=50307"}],"version-history":[{"count":8,"href":"https:\/\/www.die-stadtzeitung.de\/index.php\/wp-json\/wp\/v2\/posts\/50307\/revisions"}],"predecessor-version":[{"id":50320,"href":"https:\/\/www.die-stadtzeitung.de\/index.php\/wp-json\/wp\/v2\/posts\/50307\/revisions\/50320"}],"wp:attachment":[{"href":"https:\/\/www.die-stadtzeitung.de\/index.php\/wp-json\/wp\/v2\/media?parent=50307"}],"wp:term":[{"taxonomy":"category","embeddable":true,"href":"https:\/\/www.die-stadtzeitung.de\/index.php\/wp-json\/wp\/v2\/categories?post=50307"},{"taxonomy":"post_tag","embeddable":true,"href":"https:\/\/www.die-stadtzeitung.de\/index.php\/wp-json\/wp\/v2\/tags?post=50307"}],"curies":[{"name":"wp","href":"https:\/\/api.w.org\/{rel}","templated":true}]}}