{"id":50302,"date":"2022-02-17T11:41:10","date_gmt":"2022-02-17T10:41:10","guid":{"rendered":"https:\/\/www.die-stadtzeitung.de\/?p=50302"},"modified":"2022-02-19T11:41:29","modified_gmt":"2022-02-19T10:41:29","slug":"lichtblick-fuer-geschwister-von-schwerkranken-kindern","status":"publish","type":"post","link":"https:\/\/www.die-stadtzeitung.de\/index.php\/2022\/02\/17\/lichtblick-fuer-geschwister-von-schwerkranken-kindern\/","title":{"rendered":"&#8222;Lichtblick&#8220; f\u00fcr Geschwister von schwerkranken Kindern"},"content":{"rendered":"<div id=\"attachment_50304\" class=\"wp-caption alignnone\" style=\"max-width: 1034px;\"><img loading=\"lazy\" decoding=\"async\" class=\"size-large wp-image-50304\" src=\"\/wp-content\/uploads\/2022\/02\/208-01-2-1024x688.jpeg\" alt=\"\" width=\"1024\" height=\"688\" \/><span class=\"wp-caption-text\">Wald-Idylle &#8211; \u00a9 Achim Otto<\/span><\/div>\n<p>Vom 19. bis zum 23. April k\u00f6nnen Kinder im Alter zwischen 8 und 13 Jahren an der Aktion \u201eWaldEntdecken f\u00fcr Geschwister\u201c in H\u00fcrtgenwald in der Eifel teilnehmen, sofern die pandemischen Rahmenbedingungen es gestatten.<span class=\"Apple-converted-space\">\u00a0<\/span><\/p>\n<p>Ziel der f\u00fcnft\u00e4gigen Ferienfreizeit ist es, dass sich die Geschwister von schwerstkranken Kindern von dem oft schwierigen Alltagsleben in der Familie erholen. F\u00fcnf Tage Naturerleben mit Waldabenteuern und Spa\u00df st\u00e4rken die Kinder auf ihrem Lebensweg.<span class=\"Apple-converted-space\">\u00a0<\/span><\/p>\n<p>Fernab vom Alltag k\u00f6nnen sie Neues erleben und sich mit Gleichaltrigen austauschen, die sich in einer \u00e4hnlichen Situation befinden.<\/p>\n<p>Mit dem Angebot LICHTBLICK setzt sich die AOK Rheinland\/Hamburg seit 1996 f\u00fcr Familien mit schwerstkranken Kindern und Jugendlichen ein.<\/p>\n<p>Aufgrund ihrer engen Verbindung zur Natur wurden die LICHTBLICK-Ferienfreizeiten als offizielles Projekt der UN-Dekade Biologische Vielfalt ausgezeichnet.<span class=\"Apple-converted-space\">\u00a0<\/span><\/p>\n<p>In diesem Jahr findet &#8222;WaldEntdecken&#8220; in Zusammenarbeit mit der Deutschen Kinderkrebsstiftung bereits zum 17. Mal statt.<span class=\"Apple-converted-space\">\u00a0<\/span><\/p>\n<p><b>Das Besondere an der Aktion: <\/b><\/p>\n<p>Da die Ferienfreizeit aus Spenden finanziert wird, k\u00f6nnen auch Kinder teilnehmen, die nicht bei der AOK Rheinland\/Hamburg versichert sind.<b><span class=\"Apple-converted-space\">\u00a0<\/span><\/b><\/p>\n<p><b><\/b>Der Eigenanteil pro Kind betr\u00e4gt f\u00fcr die gesamten f\u00fcnf Tage 15 Euro. Anmeldeschluss ist der 10. M\u00e4rz 2022.<span class=\"Apple-converted-space\">\u00a0<\/span><\/p>\n<p>Anmeldung unter der kostenfreien Nummer 0800 37 37 374.<\/p>\n","protected":false},"excerpt":{"rendered":"<p>In der Natur neue Kraft tanken, Abenteuer erleben und die Alltagssorgen vergessen: In den Osterferien l\u00e4dt die AOK Rheinland\/Hamburg Kinder mit schwer oder chronisch kranken Geschwistern zur LICHTBLICK-Ferienfreizeit ein.\u00a0<\/p>\n","protected":false},"author":7,"featured_media":0,"comment_status":"open","ping_status":"open","sticky":false,"template":"","format":"standard","meta":{"footnotes":""},"categories":[24],"tags":[],"class_list":["post-50302","post","type-post","status-publish","format-standard","hentry","category-wuppertal"],"publishpress_future_action":{"enabled":false,"date":"2026-05-08 17:29:41","action":"change-status","newStatus":"draft","terms":[],"taxonomy":"category","extraData":[]},"publishpress_future_workflow_manual_trigger":{"enabledWorkflows":[]},"_links":{"self":[{"href":"https:\/\/www.die-stadtzeitung.de\/index.php\/wp-json\/wp\/v2\/posts\/50302","targetHints":{"allow":["GET"]}}],"collection":[{"href":"https:\/\/www.die-stadtzeitung.de\/index.php\/wp-json\/wp\/v2\/posts"}],"about":[{"href":"https:\/\/www.die-stadtzeitung.de\/index.php\/wp-json\/wp\/v2\/types\/post"}],"author":[{"embeddable":true,"href":"https:\/\/www.die-stadtzeitung.de\/index.php\/wp-json\/wp\/v2\/users\/7"}],"replies":[{"embeddable":true,"href":"https:\/\/www.die-stadtzeitung.de\/index.php\/wp-json\/wp\/v2\/comments?post=50302"}],"version-history":[{"count":2,"href":"https:\/\/www.die-stadtzeitung.de\/index.php\/wp-json\/wp\/v2\/posts\/50302\/revisions"}],"predecessor-version":[{"id":50305,"href":"https:\/\/www.die-stadtzeitung.de\/index.php\/wp-json\/wp\/v2\/posts\/50302\/revisions\/50305"}],"wp:attachment":[{"href":"https:\/\/www.die-stadtzeitung.de\/index.php\/wp-json\/wp\/v2\/media?parent=50302"}],"wp:term":[{"taxonomy":"category","embeddable":true,"href":"https:\/\/www.die-stadtzeitung.de\/index.php\/wp-json\/wp\/v2\/categories?post=50302"},{"taxonomy":"post_tag","embeddable":true,"href":"https:\/\/www.die-stadtzeitung.de\/index.php\/wp-json\/wp\/v2\/tags?post=50302"}],"curies":[{"name":"wp","href":"https:\/\/api.w.org\/{rel}","templated":true}]}}