{"id":50196,"date":"2022-02-14T06:07:34","date_gmt":"2022-02-14T05:07:34","guid":{"rendered":"https:\/\/www.die-stadtzeitung.de\/?p=50196"},"modified":"2022-02-16T06:08:57","modified_gmt":"2022-02-16T05:08:57","slug":"regionales-konjunkturbarometer-zeigt-hohe-unsicherheit-an","status":"publish","type":"post","link":"https:\/\/www.die-stadtzeitung.de\/index.php\/2022\/02\/14\/regionales-konjunkturbarometer-zeigt-hohe-unsicherheit-an\/","title":{"rendered":"Regionales Konjunkturbarometer zeigt hohe Unsicherheit an"},"content":{"rendered":"<div id=\"attachment_50198\" class=\"wp-caption alignnone\" style=\"max-width: 919px;\"><img loading=\"lazy\" decoding=\"async\" class=\" wp-image-50198\" src=\"\/wp-content\/uploads\/2022\/02\/csm_20220902KonjunkturreportQ42021_Titel_03e8ef5c24.jpeg\" alt=\"\" width=\"909\" height=\"752\" \/><span class=\"wp-caption-text\">Das regionale Konjunkturbarometer &#8211; \u00a9 Bergische Universit\u00e4t<\/span><\/div>\n<p>Die Bergische Universit\u00e4t hat jetzt in ihrem regionalen Konjunkturreport die Ergebnisse f\u00fcr das 4. Quartal 2021 ver\u00f6ffentlicht.<\/p>\n<p>W\u00e4hrend die Lageeinsch\u00e4tzungen des Regionalen Konjunkturbarometers die tats\u00e4chliche Gesch\u00e4ftslage zum Jahresende 2021 gut abbilden, sind die Erwartungen mit einer hohen Unsicherheit behaftet. Der Verlauf der wirtschaftlichen Entwicklung in den kommenden Monaten h\u00e4ngt weiterhin in hohem Ma\u00dfe von dem weiteren Infektionsgeschehen ab.<span class=\"Apple-converted-space\">\u00a0<\/span><\/p>\n<p>Das Regionale Konjunkturbarometer ist ein Kooperationsprojekt des Wuppertaler Instituts f\u00fcr Unternehmensforschung und Organisationspsychologie (WIFOP) der Bergischen Universit\u00e4t mit den Stadtsparkassen Wuppertal, Solingen und Remscheid. Die Ergebnisse werden quartalsweise in einem Konjunkturreport ver\u00f6ffentlicht.<\/p>\n<p>Die detaillierte Pressemitteilung des WIFOP finden Sie <a href=\"https:\/\/www.uni-wuppertal.de\/fileadmin\/data\/presse\/news\/2022\/02\/20220211_Umfrage_Q4_2021.pdf\">hier<\/a> (pdf-Datei).<\/p>\n<p>Der gesamte Regionale Konjunkturreport f\u00fcr das vierte Quartal 2021 unter<br \/>\n<a href=\"https:\/\/regionales-konjunkturbarometer.de\/Publikationen\">https:\/\/regionales-konjunkturbarometer.de\/Publikationen<\/a><\/p>\n<p>Der Konjunkturreport enth\u00e4lt mit dem Regionalen Konjunktur- und Besch\u00e4ftigungsbarometer eine ausf\u00fchrliche Darstellung der regionalen Wirtschaftsentwicklung und des regionalen Arbeitsmarktes. Die\u00a0Ergebnisse basieren auf einer viertelj\u00e4hrlichen Befragung im Bergischen St\u00e4dtedreieck ans\u00e4ssiger Unternehmen. Diese werden in eine Analyse gesamtwirtschaftlicher Entwicklungen eingebettet.<span class=\"Apple-converted-space\">\u00a0<\/span><\/p>\n<p>In diesem Report liegt zudem der Schwerpunkt auf der Thematik \u201eLieferketten\u201c. Drei Interviews mit Unternehmern aus dem Bergischen St\u00e4dtedreieck zeigen exemplarisch die Praxis in der Region sowie innovative Ideen. Erg\u00e4nzt werden diese Beitr\u00e4ge durch zwei Gastbeitr\u00e4ge.<\/p>\n<p>Weitere Informationen unter <a href=\"https:\/\/www.wifop.uni-wuppertal.de\/de\/transfer\/regionales-konjunkturbarometer.html\">www.wifop.uni-wuppertal.de\/de\/transfer\/regionales-konjunkturbarometer.html<\/a><\/p>\n","protected":false},"excerpt":{"rendered":"<p>Nach einer deutlichen konjunkturellen Erholung im ersten Halbjahr 2021 hat sich das Gesch\u00e4ftsklima im Bergischen St\u00e4dtedreieck zum Jahresende wieder eingetr\u00fcbt. Zum Jahreswechsel fallen sowohl die Lageeinsch\u00e4tzungen als auch die Gesch\u00e4ftserwartung f\u00fcr das 1. Halbjahr 2022 pessimistischer als zum Ende des 3. Quartals 2021 aus.\u00a0<\/p>\n","protected":false},"author":7,"featured_media":0,"comment_status":"open","ping_status":"open","sticky":false,"template":"","format":"standard","meta":{"footnotes":""},"categories":[22],"tags":[],"class_list":["post-50196","post","type-post","status-publish","format-standard","hentry","category-wirtschaft"],"publishpress_future_action":{"enabled":false,"date":"2026-05-08 17:29:41","action":"change-status","newStatus":"draft","terms":[],"taxonomy":"category","extraData":[]},"publishpress_future_workflow_manual_trigger":{"enabledWorkflows":[]},"_links":{"self":[{"href":"https:\/\/www.die-stadtzeitung.de\/index.php\/wp-json\/wp\/v2\/posts\/50196","targetHints":{"allow":["GET"]}}],"collection":[{"href":"https:\/\/www.die-stadtzeitung.de\/index.php\/wp-json\/wp\/v2\/posts"}],"about":[{"href":"https:\/\/www.die-stadtzeitung.de\/index.php\/wp-json\/wp\/v2\/types\/post"}],"author":[{"embeddable":true,"href":"https:\/\/www.die-stadtzeitung.de\/index.php\/wp-json\/wp\/v2\/users\/7"}],"replies":[{"embeddable":true,"href":"https:\/\/www.die-stadtzeitung.de\/index.php\/wp-json\/wp\/v2\/comments?post=50196"}],"version-history":[{"count":4,"href":"https:\/\/www.die-stadtzeitung.de\/index.php\/wp-json\/wp\/v2\/posts\/50196\/revisions"}],"predecessor-version":[{"id":50201,"href":"https:\/\/www.die-stadtzeitung.de\/index.php\/wp-json\/wp\/v2\/posts\/50196\/revisions\/50201"}],"wp:attachment":[{"href":"https:\/\/www.die-stadtzeitung.de\/index.php\/wp-json\/wp\/v2\/media?parent=50196"}],"wp:term":[{"taxonomy":"category","embeddable":true,"href":"https:\/\/www.die-stadtzeitung.de\/index.php\/wp-json\/wp\/v2\/categories?post=50196"},{"taxonomy":"post_tag","embeddable":true,"href":"https:\/\/www.die-stadtzeitung.de\/index.php\/wp-json\/wp\/v2\/tags?post=50196"}],"curies":[{"name":"wp","href":"https:\/\/api.w.org\/{rel}","templated":true}]}}