{"id":50176,"date":"2022-02-15T11:18:34","date_gmt":"2022-02-15T10:18:34","guid":{"rendered":"https:\/\/www.die-stadtzeitung.de\/?p=50176"},"modified":"2022-02-15T11:18:34","modified_gmt":"2022-02-15T10:18:34","slug":"forscherin-dr-kathrin-mallot-ein-jahr-im-ewigen-eis","status":"publish","type":"post","link":"https:\/\/www.die-stadtzeitung.de\/index.php\/2022\/02\/15\/forscherin-dr-kathrin-mallot-ein-jahr-im-ewigen-eis\/","title":{"rendered":"Forscherin Dr. Kathrin Mallot: Ein Jahr im ewigen Eis"},"content":{"rendered":"<div id=\"attachment_50178\" class=\"wp-caption alignnone\" style=\"max-width: 1034px;\"><img loading=\"lazy\" decoding=\"async\" class=\"size-large wp-image-50178\" src=\"\/wp-content\/uploads\/2022\/02\/Kathrin-MallotIceCubeNSF2-1024x683.jpg\" alt=\"\" width=\"1024\" height=\"683\" \/><span class=\"wp-caption-text\">Schon nach kurzer Zeit zeigen die eisigen Temperaturen ihre Wirkung \u2013 auch bei Physikerin Dr. Kathrin Mallot &#8211; \u00a9 Kathrin Mallot\/IceCube\/NSF<\/span><\/div>\n<p>Wie kalt wird es in der Antarktis im Winter wirklich? Warum k\u00f6nnen Flugzeuge dort nicht immer landen? Und wie sieht der Alltag in einer Forschungsstation in unmittelbarer N\u00e4he des geografischen S\u00fcdpols aus? Gibt es dort auch eine Feuerwehr oder ein Krankenhaus? Woher kommt Tag f\u00fcr Tag das Essen?<span class=\"Apple-converted-space\">\u00a0<\/span><\/p>\n<p>Diese und viele weitere Fragen kann Dr. Kathrin Mallot im Livestream auf dem YouTube-Kanal der Wuppertaler Junior Uni f\u00fcr das Bergische Land am Donnerstag, (24.02.) ab 16 Uhr beantworten. Sie verbrachte ein Jahr auf der amerikanischen Amundsen-Scott-Forschungsstation, nur wenige hundert Meter vom geografischen S\u00fcdpol entfernt und \u00fcbernahm dort die \u00dcberwachung des Experimentes \u201eIceCube\u201c.<span class=\"Apple-converted-space\">\u00a0<\/span><\/p>\n<p>\u201eIceCube besteht aus \u00fcber 6.400 Kameras, die bis zu 2,5 Kilometer tief im Eis versenkt sind\u201c, erkl\u00e4rt Mallot ihr Forschungsprojekt. \u201eDamit messen wir Licht, das von Teilchen, die durch das Eis jagen, ausgesendet wird, um mehr \u00fcber das Universum zu lernen. Da wir f\u00fcr Reparaturen nicht zwei Kilometer tief ins Eis bohren k\u00f6nnen, war meine Aufgabe vor allem sicherzustellen, dass die Computer, die die ganzen Signale auswerten, konstant laufen.\u201c<span class=\"Apple-converted-space\">\u00a0<\/span><\/p>\n<p>Kathrin Mallots Leben auf der Forschungsstation unterschied sich sehr vom Alltag, wie wir ihn aus Deutschland kennen. 40 Mitarbeiter leben und arbeiten auf der Forschungsstation und sind im Winter sogar ganz auf sich allein gestellt. Warum das so ist, und welche Herausforderungen es dort zu meistern gibt, erz\u00e4hlt Dr. Kathrin Mallot im Livestream.<\/p>\n<p>Interessierte Kinder und Jugendliche k\u00f6nnen Dr. Kathrin Mallot ab sofort ihre Fragen zusammen mit ihrem Namen und Alter per E-Mail an\u00a0<a href=\"info@junioruni-wuppertal.de\">info@junioruni-wuppertal.de<\/a>\u00a0schicken.<span class=\"Apple-converted-space\">\u00a0<\/span><\/p>\n<div id=\"attachment_50179\" class=\"wp-caption alignnone\" style=\"max-width: 710px;\"><img loading=\"lazy\" decoding=\"async\" class=\" wp-image-50179\" src=\"\/wp-content\/uploads\/2022\/02\/Kathrin-MallotIceCubeNSF-1024x683.jpg\" alt=\"\" width=\"700\" height=\"467\" \/><span class=\"wp-caption-text\">Ein beeindruckendes Schauspiel: Polarlichter an der Amundsen-Scott-Forschungsstation am geografischen S\u00fcdpol &#8211;\u00a0\u00a9 Kathrin Mallot\/IceCube\/NSF<\/span><\/div>\n<p>Wer pers\u00f6nlich am Livestream teilnehmen m\u00f6chte und seine Fragen in einem pers\u00f6nlichen Gespr\u00e4ch stellen m\u00f6chte, kann sich ebenfalls ab sofort unter dieser E-Mail-Adresse mit Angabe seines Namens und Alters sowie der Frage anmelden.<span class=\"Apple-converted-space\">\u00a0<\/span><\/p>\n<p>Wer jetzt schon mehr \u00fcber das Forschungsjahr erfahren m\u00f6chte kann in Dr. Kathrin Mallots Blog- Beitr\u00e4gen f\u00fcr das Helmholtz-Institut st\u00f6bern unter:\u00a0<a href=\"https:\/\/bit.ly\/3somxtr\">https:\/\/bit.ly\/3somxtr<\/a><\/p>\n<p>Dieser Link f\u00fchrt am Donnerstag, 24. Februar, um 16 Uhr direkt zum Livestream auf YouTube:<span class=\"Apple-converted-space\">\u00a0<\/span><\/p>\n<p><a href=\"https:\/\/youtu.be\/dcPmFP0JOHk\">https:\/\/youtu.be\/dcPmFP0JOHk<\/a><\/p>\n<p>Anschlie\u00dfend ist der Livestream im Archiv des YouTube-Kanals der Junior Uni zu finden.<span class=\"Apple-converted-space\">\u00a0<\/span><\/p>\n<h4>\u00dcber Dr. Kathrin Mallot:<span class=\"Apple-converted-space\">\u00a0<\/span><\/h4>\n<p>Bereits vor ihrem Forschungsaufenthalt in der Antarktis hat Dr. Kathrin Mallot viel von der Welt gesehen. Die promovierte Physikerin hat in Freiburg und Madrid studiert und w\u00e4hrend ihrer Promotion an der Berliner Humboldt Universit\u00e4t mehrmals auf der Kanareninsel La Palma geforscht.<\/p>\n<p>Anschlie\u00dfend reiste sie als Mitarbeiterin im technischen Support einer virtuellen Firma ein Jahr durch S\u00fcd- und Zentralamerika bevor sie in der Antarktis forschte. Seit 2020 arbeitet sie beim Unternehmen &#8222;right based on science&#8220; und ist dort Teamleiterin.<span class=\"Apple-converted-space\">\u00a0<\/span><\/p>\n<p><b>\u00a0<\/b><\/p>\n<p><img decoding=\"async\" src=\"data:image\/png;base64,iVBORw0KGgoAAAANSUhEUgAAAIUAAAABCAYAAADw+23yAAABYWlDQ1BrQ0dDb2xvclNwYWNlRGlzcGxheVAzAAAokWNgYFJJLCjIYWFgYMjNKykKcndSiIiMUmB\/yMAOhLwMYgwKicnFBY4BAT5AJQwwGhV8u8bACKIv64LMOiU1tUm1XsDXYqbw1YuvRJsw1aMArpTU4mQg\/QeIU5MLikoYGBhTgGzl8pICELsDyBYpAjoKyJ4DYqdD2BtA7CQI+whYTUiQM5B9A8hWSM5IBJrB+API1klCEk9HYkPtBQFul8zigpzESoUAYwKuJQOUpFaUgGjn\/ILKosz0jBIFR2AopSp45iXr6SgYGRiaMzCAwhyi+nMgOCwZxc4gxJrvMzDY7v\/\/\/\/9uhJjXfgaGjUCdXDsRYhoWDAyC3AwMJ3YWJBYlgoWYgZgpLY2B4dNyBgbeSAYG4QtAPdHFacZGYHlGHicGBtZ7\/\/9\/VmNgYJ\/MwPB3wv\/\/vxf9\/\/93MVDzHQaGA3kAFSFl7jXH0fsAAAA4ZVhJZk1NACoAAAAIAAGHaQAEAAAAAQAAABoAAAAAAAKgAgAEAAAAAQAAAIWgAwAEAAAAAQAAAAEAAAAAE25T4wAAABBJREFUKBVjYBgFoyGAFgIAAhUAAZYPm+kAAAAASUVORK5CYII=\" alt=\"pastedGraphic.png\" \/><span class=\"Apple-converted-space\">\u00a0<\/span><\/p>\n","protected":false},"excerpt":{"rendered":"<p>Am 24. Februar nimmt die Physikerin Dr. Kathrin Mallot im Junior Uni-Livestream interessierte Kinder und Jugendliche mit auf eine Reise ins ewige Eis der Antarktis. Sie berichtet von ihren Erfahrungen und Erlebnissen w\u00e4hrend ihres einj\u00e4hrigen Forschungsaufenthaltes und beantwortet Fragen der Zuschauerinnen und Zuschauer.<\/p>\n","protected":false},"author":7,"featured_media":0,"comment_status":"open","ping_status":"open","sticky":false,"template":"","format":"standard","meta":{"footnotes":""},"categories":[27],"tags":[],"class_list":["post-50176","post","type-post","status-publish","format-standard","hentry","category-wissen"],"publishpress_future_action":{"enabled":false,"date":"2026-05-08 02:33:57","action":"change-status","newStatus":"draft","terms":[],"taxonomy":"category","extraData":[]},"publishpress_future_workflow_manual_trigger":{"enabledWorkflows":[]},"_links":{"self":[{"href":"https:\/\/www.die-stadtzeitung.de\/index.php\/wp-json\/wp\/v2\/posts\/50176","targetHints":{"allow":["GET"]}}],"collection":[{"href":"https:\/\/www.die-stadtzeitung.de\/index.php\/wp-json\/wp\/v2\/posts"}],"about":[{"href":"https:\/\/www.die-stadtzeitung.de\/index.php\/wp-json\/wp\/v2\/types\/post"}],"author":[{"embeddable":true,"href":"https:\/\/www.die-stadtzeitung.de\/index.php\/wp-json\/wp\/v2\/users\/7"}],"replies":[{"embeddable":true,"href":"https:\/\/www.die-stadtzeitung.de\/index.php\/wp-json\/wp\/v2\/comments?post=50176"}],"version-history":[{"count":3,"href":"https:\/\/www.die-stadtzeitung.de\/index.php\/wp-json\/wp\/v2\/posts\/50176\/revisions"}],"predecessor-version":[{"id":50181,"href":"https:\/\/www.die-stadtzeitung.de\/index.php\/wp-json\/wp\/v2\/posts\/50176\/revisions\/50181"}],"wp:attachment":[{"href":"https:\/\/www.die-stadtzeitung.de\/index.php\/wp-json\/wp\/v2\/media?parent=50176"}],"wp:term":[{"taxonomy":"category","embeddable":true,"href":"https:\/\/www.die-stadtzeitung.de\/index.php\/wp-json\/wp\/v2\/categories?post=50176"},{"taxonomy":"post_tag","embeddable":true,"href":"https:\/\/www.die-stadtzeitung.de\/index.php\/wp-json\/wp\/v2\/tags?post=50176"}],"curies":[{"name":"wp","href":"https:\/\/api.w.org\/{rel}","templated":true}]}}