{"id":50048,"date":"2022-02-05T16:48:29","date_gmt":"2022-02-05T15:48:29","guid":{"rendered":"https:\/\/www.die-stadtzeitung.de\/?p=50048"},"modified":"2022-02-10T16:41:22","modified_gmt":"2022-02-10T15:41:22","slug":"wsv-fortuna-koeln-unterstuetzen-kinderhospiztag","status":"publish","type":"post","link":"https:\/\/www.die-stadtzeitung.de\/index.php\/2022\/02\/05\/wsv-fortuna-koeln-unterstuetzen-kinderhospiztag\/","title":{"rendered":"WSV &#038; Fortuna K\u00f6ln unterst\u00fctzen &#8222;Kinderhospiztag&#8220;"},"content":{"rendered":"<div id=\"attachment_44385\" class=\"wp-caption alignnone\" style=\"max-width: 1034px;\"><img loading=\"lazy\" decoding=\"async\" class=\"size-large wp-image-44385\" src=\"\/wp-content\/uploads\/2021\/12\/IMG_6072-3-1024x699.jpg\" alt=\"\" width=\"1024\" height=\"699\" \/><span class=\"wp-caption-text\">WSV-Vorstand Peter Neururer und \u00a0der ganze Wuppertaler SV unterst\u00fctzen den &#8222;Kinderhospizta&#8220; &#8211; \u00a9 Wuppertaler SV<\/span><\/div>\n<p>Ein erkranktes Kind in ihrer Mitte zu haben, ist f\u00fcr die ganze Familie eine ganz besondere Belastung und Herausforderung. Die Pandemie und die damit einhergehende soziale Isolation bringt die Familien zus\u00e4tzlich an ihre Grenzen.<span class=\"Apple-converted-space\">\u00a0<\/span><\/p>\n<p>Solidarit\u00e4t f\u00fcr diese Familien und die Menschen, die es sich zur Aufgabe gemacht haben, den Familien beizustehen, soll auch in diesem Jahr am 10.02.2022 im Mittelpunkt stehen.<span class=\"Apple-converted-space\">\u00a0<\/span><\/p>\n<p>Bundesweit halten betroffene Familien, Initiativen, ambulante und station\u00e4re Kinderhospize das \u201egr\u00fcne B\u00e4ndchen\u201c als Zeichen ihrer wichtigen Anteilnahme hoch. \u00dcberall wird mit verschiedenen Aktionen auf das Thema aufmerksam gemacht und informiert, auch um es zu enttabuisieren.<\/p>\n<p>Genau aus diesem Grund werd als Zeichen der Solidarit\u00e4t der Wuppertaler SV und Gegner SC Fortuna K\u00f6ln bei ihrem Spiel am Freitag (11.02.) um 19:30 Uhr mit gr\u00fcnen B\u00e4ndchen auflaufen.<\/p>\n<p>Sowohl das Kinderhospiz Burgholz in Wuppertal als auch der Ambulante Kinder- und Jugendhospizdienst K\u00f6ln werden von vielen, tollen Ehrenamtlichen unterst\u00fctzt. Mit ihnen zeigen sich die Teams am Freitag solidarisch.<\/p>\n<p>Wer am &#8222;Tag der Kinderhospizarbeit ein gr\u00fcnes B\u00e4ndchen&#8220; tr\u00e4gt \u2013 an der Tasche, am Revers oder am Auto, der sagt betroffenen Familien dadurch: &#8222;Ihr seid nicht allein!&#8220; Ein unendlich wertvolles Zeichen f\u00fcr alle, die ein solches Schicksal meistern m\u00fcssen, vor allem in diesen herausfordernden Zeiten der Corona-Pandemie.<\/p>\n<p>Der Wuppertaler Sportverein hat sich bereits in den vergangenen Jahren f\u00fcr das Bergische Kinderhospiz Burgholz engagiert. 2021 kamen, in Kooperation mit der Stadtsparkasse Wuppertal, bei der Versteigerung der WSV-Kreditkarte 4.000 Euro zusammen.<span class=\"Apple-converted-space\">\u00a0<\/span><\/p>\n<p>Ersteigert wurde die unterschriebene Karte von Joachim Bohn, der zusammen mit dem WSV-Vorstand die Summe nochmal erh\u00f6ht hatte.<\/p>\n","protected":false},"excerpt":{"rendered":"<p>Der Wuppertaler SV und Gegner Fortuna engagieren sich am &#8222;Tag der Kinderhospizarbeit&#8220;, der jedes Jahr am 10. Febraur stattfindet. An diesem Tag stehen Familien im Foku, in denen es ein Kind mit einer lebenslimitierenden Krankheit gibt.<\/p>\n","protected":false},"author":7,"featured_media":0,"comment_status":"open","ping_status":"open","sticky":false,"template":"","format":"standard","meta":{"footnotes":""},"categories":[20],"tags":[],"class_list":["post-50048","post","type-post","status-publish","format-standard","hentry","category-sport"],"publishpress_future_action":{"enabled":false,"date":"2026-05-04 06:40:47","action":"change-status","newStatus":"draft","terms":[],"taxonomy":"category","extraData":[]},"publishpress_future_workflow_manual_trigger":{"enabledWorkflows":[]},"_links":{"self":[{"href":"https:\/\/www.die-stadtzeitung.de\/index.php\/wp-json\/wp\/v2\/posts\/50048","targetHints":{"allow":["GET"]}}],"collection":[{"href":"https:\/\/www.die-stadtzeitung.de\/index.php\/wp-json\/wp\/v2\/posts"}],"about":[{"href":"https:\/\/www.die-stadtzeitung.de\/index.php\/wp-json\/wp\/v2\/types\/post"}],"author":[{"embeddable":true,"href":"https:\/\/www.die-stadtzeitung.de\/index.php\/wp-json\/wp\/v2\/users\/7"}],"replies":[{"embeddable":true,"href":"https:\/\/www.die-stadtzeitung.de\/index.php\/wp-json\/wp\/v2\/comments?post=50048"}],"version-history":[{"count":1,"href":"https:\/\/www.die-stadtzeitung.de\/index.php\/wp-json\/wp\/v2\/posts\/50048\/revisions"}],"predecessor-version":[{"id":50049,"href":"https:\/\/www.die-stadtzeitung.de\/index.php\/wp-json\/wp\/v2\/posts\/50048\/revisions\/50049"}],"wp:attachment":[{"href":"https:\/\/www.die-stadtzeitung.de\/index.php\/wp-json\/wp\/v2\/media?parent=50048"}],"wp:term":[{"taxonomy":"category","embeddable":true,"href":"https:\/\/www.die-stadtzeitung.de\/index.php\/wp-json\/wp\/v2\/categories?post=50048"},{"taxonomy":"post_tag","embeddable":true,"href":"https:\/\/www.die-stadtzeitung.de\/index.php\/wp-json\/wp\/v2\/tags?post=50048"}],"curies":[{"name":"wp","href":"https:\/\/api.w.org\/{rel}","templated":true}]}}