{"id":50010,"date":"2022-02-10T15:02:46","date_gmt":"2022-02-10T14:02:46","guid":{"rendered":"https:\/\/www.die-stadtzeitung.de\/?p=50010"},"modified":"2022-02-11T11:02:47","modified_gmt":"2022-02-11T10:02:47","slug":"architektin-bewundert-ausstellung-im-atelierhaus","status":"publish","type":"post","link":"https:\/\/www.die-stadtzeitung.de\/index.php\/2022\/02\/10\/architektin-bewundert-ausstellung-im-atelierhaus\/","title":{"rendered":"Architektin bewundert Ausstellung im ATELIERHAUS"},"content":{"rendered":"<div id=\"attachment_50017\" class=\"wp-caption alignnone\" style=\"max-width: 1034px;\"><img loading=\"lazy\" decoding=\"async\" class=\"size-large wp-image-50017\" src=\"\/wp-content\/uploads\/2022\/02\/IMG_4550-2-1024x835.jpeg\" alt=\"\" width=\"1024\" height=\"835\" \/><span class=\"wp-caption-text\">Vok Dams f\u00fchrt die Architektin und Kunst-Liebhaberin\u00a0Ariane Dehghan durch die aktuelle Ausstellung &#8211; \u00a9 Vok Dams iNotes<\/span><\/div>\n<p>Die Architektin und wissenschaftliche Mitarbeiterin am Lehrstuhl f\u00fcr Konstruieren und Entwerfen der Bergischen Universit\u00e4t Wuppertal, die sich mit \u201ezukunftsweisender Kunst und Architektur\u201c in Wuppertal besch\u00e4ftigt und go\u00dfe Pl\u00e4ne hat, lie\u00df vom Hausherrn Vok Dams pers\u00f6nlich durchs Haus f\u00fchren.<\/p>\n<p>Die aktuelle Ausstellung will &#8222;Das Erlebnis Kunst&#8220; unter der \u00dcberschrift &#8222;Die Kommunikation der Kunst&#8220; vermitteln. Sie umfasst ausschlie\u00dflich Werke aus der eigenen Sammlung.<\/p>\n<p>EG Foyer: <strong>Christian von Grumbkow<\/strong> \u2013 KREATIVE TRANSFORMATION<br \/>\nEG innen\/au\u00dfen: <strong>Hans-J\u00fcrgen Hiby<\/strong> \u2013 SKULPTUREN<br \/>\nUG Foyer: <strong>J\u00fcrgen Huhn<\/strong> \u2013 CHEMIGRAMME<br \/>\nUG Seminarraum: <strong>Vok Dams<\/strong> \u2013 50 JAHRE KOMMUNIKATION-DIREKT<br \/>\nUG Pr\u00e4sentation: <strong>Rupert Warren<\/strong> \u2013 DIE ENTDECKUNG DES SICHTBAREN<\/p>\n<p>Ariane Dehghan war nach dem Rundgang sichtlich beeindruckt. Im G\u00e4stebuch spricht sie von einem \u201einspirierenden Besuch im ATELIERHAUS.&#8220;<\/p>\n<div id=\"attachment_50013\" class=\"wp-caption alignnone\" style=\"max-width: 1034px;\"><img loading=\"lazy\" decoding=\"async\" class=\"size-large wp-image-50013\" src=\"\/wp-content\/uploads\/2022\/02\/IMG_9514@72-1024x683.jpg\" alt=\"\" width=\"1024\" height=\"683\" \/><span class=\"wp-caption-text\">Vok Dams im Gespr\u00e4ch mit dem K\u00fcnstler J\u00fcrgen Huhn &#8211; \u00a9 Vok Dams iNotes<\/span><\/div>\n<p>Neben dem gef\u00fchrten Besuch durchs ATELIERHAUS, der jetzt nach Anmeldung wieder m\u00f6glich ist, steht den Kunstfans selbstverst\u00e4ndlich noch der virtuelle Rundgang durch die aktuelle Ausstellung zur Verf\u00fcgung.<\/p>\n<p><strong>Link zur Webseite des Vok Dams ATELIERHAUSES<\/strong><\/p>\n<p><a href=\"http:\/\/www.vokdamsatelierhaus.de\">http:\/\/www.vokdamsatelierhaus.de<\/a><\/p>\n<p><strong>Link zum NotizBlog<\/strong><\/p>\n<p><a href=\"http:\/\/vokdamsatelierhaus.de\/blog\/\">http:\/\/vokdamsatelierhaus.de\/blog\/<\/a><\/p>\n<p><strong>Link zum ArtShop<\/strong><\/p>\n<p><a href=\"http:\/\/www.artshop-atelierhaus.de\/\">http:\/\/www.artshop-atelierhaus.de\/<\/a><\/p>\n","protected":false},"excerpt":{"rendered":"<p>Die Kultur erwacht aus dem Corona-Schlaf! Die Galerie Vok Dams ATELIERHAUS\u00a0hat wieder ge\u00f6ffnet. Grund genug f\u00fcr Ariane Dehghan, sich einmal die aktuelle Ausstellung genau anzuschauen.<\/p>\n","protected":false},"author":7,"featured_media":0,"comment_status":"open","ping_status":"open","sticky":false,"template":"","format":"standard","meta":{"footnotes":""},"categories":[29],"tags":[],"class_list":["post-50010","post","type-post","status-publish","format-standard","hentry","category-kultur"],"publishpress_future_action":{"enabled":false,"date":"2026-05-07 15:25:01","action":"change-status","newStatus":"draft","terms":[],"taxonomy":"category","extraData":[]},"publishpress_future_workflow_manual_trigger":{"enabledWorkflows":[]},"_links":{"self":[{"href":"https:\/\/www.die-stadtzeitung.de\/index.php\/wp-json\/wp\/v2\/posts\/50010","targetHints":{"allow":["GET"]}}],"collection":[{"href":"https:\/\/www.die-stadtzeitung.de\/index.php\/wp-json\/wp\/v2\/posts"}],"about":[{"href":"https:\/\/www.die-stadtzeitung.de\/index.php\/wp-json\/wp\/v2\/types\/post"}],"author":[{"embeddable":true,"href":"https:\/\/www.die-stadtzeitung.de\/index.php\/wp-json\/wp\/v2\/users\/7"}],"replies":[{"embeddable":true,"href":"https:\/\/www.die-stadtzeitung.de\/index.php\/wp-json\/wp\/v2\/comments?post=50010"}],"version-history":[{"count":6,"href":"https:\/\/www.die-stadtzeitung.de\/index.php\/wp-json\/wp\/v2\/posts\/50010\/revisions"}],"predecessor-version":[{"id":50021,"href":"https:\/\/www.die-stadtzeitung.de\/index.php\/wp-json\/wp\/v2\/posts\/50010\/revisions\/50021"}],"wp:attachment":[{"href":"https:\/\/www.die-stadtzeitung.de\/index.php\/wp-json\/wp\/v2\/media?parent=50010"}],"wp:term":[{"taxonomy":"category","embeddable":true,"href":"https:\/\/www.die-stadtzeitung.de\/index.php\/wp-json\/wp\/v2\/categories?post=50010"},{"taxonomy":"post_tag","embeddable":true,"href":"https:\/\/www.die-stadtzeitung.de\/index.php\/wp-json\/wp\/v2\/tags?post=50010"}],"curies":[{"name":"wp","href":"https:\/\/api.w.org\/{rel}","templated":true}]}}