{"id":50007,"date":"2022-02-04T12:18:36","date_gmt":"2022-02-04T11:18:36","guid":{"rendered":"https:\/\/www.die-stadtzeitung.de\/?p=50007"},"modified":"2022-02-09T16:49:10","modified_gmt":"2022-02-09T15:49:10","slug":"restrunde-mit-16-spielen-beginnt-gegen-fa-goeppingen","status":"publish","type":"post","link":"https:\/\/www.die-stadtzeitung.de\/index.php\/2022\/02\/04\/restrunde-mit-16-spielen-beginnt-gegen-fa-goeppingen\/","title":{"rendered":"Restrunde mit 16 Spielen beginnt gegen FA G\u00f6ppingen\u00a0"},"content":{"rendered":"<div id=\"attachment_50008\" class=\"wp-caption alignnone\" style=\"max-width: 1017px;\"><img loading=\"lazy\" decoding=\"async\" class=\"size-full wp-image-50008\" src=\"\/wp-content\/uploads\/2022\/02\/Yannick-Fraatz.jpeg\" alt=\"\" width=\"1007\" height=\"1010\" \/><span class=\"wp-caption-text\">Rechtsau\u00dfen Yannick Fraatz steht dem BHC nach langer Verletzungspause wieder zur Verf\u00fcgung &#8211; \u00a9 BHC 06<\/span><\/div>\n<p>Nachdem die L\u00f6wen im letzten Spiel 2021 beim HSV Hamburg ihre sieglose Serie durch einen 27:26-Erfolg beendet haben, wollen sie gegen Frisch Auf G\u00f6ppingen an die Leistung ankn\u00fcpfen.<span class=\"Apple-converted-space\">\u00a0<\/span><\/p>\n<p>Mit 21:15-Punkten stehen die G\u00f6ppinger aktuell auf Rang sechs der Bundesliga. &#8222;Man kann sicher nicht sagen, dass wir favorisiert sind&#8220;, erkl\u00e4rt Sebastian Hinze. &#8222;Aber wenn wir an unsere Leistungsgrenze kommen, ist vieles m\u00f6glich.&#8220;<span class=\"Apple-converted-space\">\u00a0<\/span><\/p>\n<p>Der BHC-Trainer ist \u00fcberzeugt, dass dies gelingen kann. Denn die Winter-Vorbereitungsphase hat trotz vieler fehlender Spielern gut funktioniert. &#8222;Gerade Alexander Weck und Simen Sch\u00f6nningsen haben die Zeit \u00fcberragend genutzt. Beide haben an Sicherheit gewonnen, so dass ich hoffe, dass wir das auch im Spiel sehen werden.&#8220;<span class=\"Apple-converted-space\">\u00a0<\/span><\/p>\n<p>Weck wird voraussichtlich erste Wahl im linken R\u00fcckraum, Sch\u00f6nningsen im rechten R\u00fcckraum sein. Denn die Positionskollegen fehlen oder sind angeschlagen.<span class=\"Apple-converted-space\">\u00a0<\/span><\/p>\n<p>Kapit\u00e4n Fabian Gutbrod f\u00e4llt mit einer Schulterverletzung weiterhin aus, Lukas Stutzke und David Schmidt sind nach ihren Corona-Infektionen erst gerade wieder ins Training eingestiegen. Sebastiann Hinze m\u00f6chte aber einen Einsatz des Duos nicht ganz ausschlie\u00dfen: &#8222;Sie kommen, wenn \u00fcberhaupt, nur f\u00fcr ein paar Minuten in Frage.&#8220; Fehlen wird wohl au\u00dferdem Csaba Sz\u00fccs, der ebenfalls positiv getestet wurde.<span class=\"Apple-converted-space\">\u00a0<\/span><\/p>\n<p>&#8222;Wir planen also, dass wir auf vier Spieler verzichten m\u00fcssen. Der Rest ist aber fit und bereit f\u00fcr ein gutes Spiel&#8220;, ist der Coach \u00fcberzeugt. Das gilt auch f\u00fcr Linus Arnesson und Yannick Fraatz.<span class=\"Apple-converted-space\">\u00a0<\/span><\/p>\n<p>Erstgenannter ist zu Beginn der Winter-Vorbereitung vorsichtig eingestiegen und hat inzwischen nach \u00fcberstandener Sprunggelenksverletzung keine Probleme mehr.<span class=\"Apple-converted-space\">\u00a0<\/span><\/p>\n<p>Yannick Fraatz wird sein Comeback nach zehneinhalb Monaten geben. Der Rechtsau\u00dfen hatte eine schwere Knieverletzung, musste vergangenes Jahr zwei Mal operiert werden, ist nun aber wieder voll belastbar.<span class=\"Apple-converted-space\">\u00a0<\/span><\/p>\n<p>&#8222;Man merkt im Training insgesamt, dass die Jungs hei\u00df sind, wieder in der Bundesliga anzutreten&#8220;, sagt Hinze mit Blick auf den Start in die Restrunde. Das gilt auch f\u00fcr Max Darj, der vor gut einer Woche mit Schweden Europameister wurde und seit Sonntag zur\u00fcck im Bergischen ist.<span class=\"Apple-converted-space\">\u00a0<\/span><\/p>\n<div id=\"attachment_41182\" class=\"wp-caption alignnone\" style=\"max-width: 1034px;\"><img loading=\"lazy\" decoding=\"async\" class=\"size-large wp-image-41182\" src=\"\/wp-content\/uploads\/2021\/09\/Hinze-1024x622.jpg\" alt=\"\" width=\"1024\" height=\"622\" \/><span class=\"wp-caption-text\">Steht noch in 16 Meisterschaftsspielen an der Seitenlinie des BHC: Cheftrainer Sebastian Hinze &#8211; \u00a9 BHC 06<\/span><\/div>\n<p>Wo genau der BHC und G\u00f6ppingen stehen, ist nach der sechsw\u00f6chigen Pause kaum einzusch\u00e4tzen. &#8222;Man wei\u00df dann nie so richtig, was einen erwartet&#8220;, erl\u00e4utert der Trainer. &#8222;Daher ist es wichtig, dass wir die Basics von Anfang an abrufen.&#8220;<span class=\"Apple-converted-space\">\u00a0<\/span><\/p>\n<p>Damit meint der Trainer die Abwehr in Verbindung mit dem Tempospiel, einen disziplinierten Positionsangriff. &#8222;Und nat\u00fcrlich Mut und Emotionalit\u00e4t. Das wollen wir direkt haben. Es passieren sicher noch ein paar Fehler, die man in ein paar Wochen nicht mehr sieht. Aber das gilt bestimmt f\u00fcr beide Teams.&#8220;<span class=\"Apple-converted-space\">\u00a0<\/span><\/p>\n<p>Gegen FA G\u00f6ppingen hofft Hinze auch auf einfache Tore durch Ballgewinne in der eigenen Abwehr und daraus folgende Konter. &#8222;Die sind uns im Hinspiel nach einer Weile nicht mehr gelungen, was auch ein Grund f\u00fcr die Niederlage war&#8220;, meint der 42-J\u00e4hrige.<\/p>\n<p>&#8222;Die G\u00f6ppinger machen es eigentlich \u00e4hnlich. Auch ihre St\u00e4rke liegt in der Abwehr, so dass es schwierig f\u00fcr uns wird, wenn wir unsere Chancen in den Zweik\u00e4mpfen suchen m\u00fcssen.&#8220;<span class=\"Apple-converted-space\">\u00a0<\/span><\/p>\n<p>Tickets sind f\u00fcr die Partie in der Klingenhalle nicht verf\u00fcgbar. Aufgrund der geltenden Corona- Beschr\u00e4nkungen d\u00fcrfen Sportst\u00e4tten nur mit 30 Prozent ihrer Kapazit\u00e4t genutzt werden.<span class=\"Apple-converted-space\">\u00a0<\/span><\/p>\n<p>Das bedeutet, dass das Live-Erlebnis am Mittwoch Partnern und Dauerkarten- beziehungsweise Stammblatt-Inhabern des Bergischen HC vorbehalten ist. Aber es gibt ja auch noch die Live-\u00dcbertragung beim Bezahlsender SKY.<\/p>\n","protected":false},"excerpt":{"rendered":"<p>16 Meisterschaftsspiele hat der Bergische HC in dieser Saison noch in der Handball-Bundesliga vor der Brust. Das n\u00e4chste findet am Mittwoch (09.02.) um 18:30 Uhr in der Solinger Klingenhalle statt. Gegner ist Frisch Auf G\u00f6ppingen.<\/p>\n","protected":false},"author":7,"featured_media":0,"comment_status":"open","ping_status":"closed","sticky":false,"template":"","format":"standard","meta":{"footnotes":""},"categories":[20],"tags":[],"class_list":["post-50007","post","type-post","status-publish","format-standard","hentry","category-sport"],"publishpress_future_action":{"enabled":false,"date":"2026-05-06 11:37:45","action":"change-status","newStatus":"draft","terms":[],"taxonomy":"category","extraData":[]},"publishpress_future_workflow_manual_trigger":{"enabledWorkflows":[]},"_links":{"self":[{"href":"https:\/\/www.die-stadtzeitung.de\/index.php\/wp-json\/wp\/v2\/posts\/50007","targetHints":{"allow":["GET"]}}],"collection":[{"href":"https:\/\/www.die-stadtzeitung.de\/index.php\/wp-json\/wp\/v2\/posts"}],"about":[{"href":"https:\/\/www.die-stadtzeitung.de\/index.php\/wp-json\/wp\/v2\/types\/post"}],"author":[{"embeddable":true,"href":"https:\/\/www.die-stadtzeitung.de\/index.php\/wp-json\/wp\/v2\/users\/7"}],"replies":[{"embeddable":true,"href":"https:\/\/www.die-stadtzeitung.de\/index.php\/wp-json\/wp\/v2\/comments?post=50007"}],"version-history":[{"count":2,"href":"https:\/\/www.die-stadtzeitung.de\/index.php\/wp-json\/wp\/v2\/posts\/50007\/revisions"}],"predecessor-version":[{"id":50047,"href":"https:\/\/www.die-stadtzeitung.de\/index.php\/wp-json\/wp\/v2\/posts\/50007\/revisions\/50047"}],"wp:attachment":[{"href":"https:\/\/www.die-stadtzeitung.de\/index.php\/wp-json\/wp\/v2\/media?parent=50007"}],"wp:term":[{"taxonomy":"category","embeddable":true,"href":"https:\/\/www.die-stadtzeitung.de\/index.php\/wp-json\/wp\/v2\/categories?post=50007"},{"taxonomy":"post_tag","embeddable":true,"href":"https:\/\/www.die-stadtzeitung.de\/index.php\/wp-json\/wp\/v2\/tags?post=50007"}],"curies":[{"name":"wp","href":"https:\/\/api.w.org\/{rel}","templated":true}]}}