{"id":49976,"date":"2022-02-07T14:09:22","date_gmt":"2022-02-07T13:09:22","guid":{"rendered":"https:\/\/www.die-stadtzeitung.de\/?p=49976"},"modified":"2022-02-07T14:09:22","modified_gmt":"2022-02-07T13:09:22","slug":"zeitzeugen-erinnern-sich-an-die-anfaenge-der-uni","status":"publish","type":"post","link":"https:\/\/www.die-stadtzeitung.de\/index.php\/2022\/02\/07\/zeitzeugen-erinnern-sich-an-die-anfaenge-der-uni\/","title":{"rendered":"Zeitzeugen erinnern sich an die Anf\u00e4nge der Uni"},"content":{"rendered":"<div id=\"attachment_49979\" class=\"wp-caption alignnone\" style=\"max-width: 1034px;\"><img loading=\"lazy\" decoding=\"async\" class=\"size-large wp-image-49979\" src=\"\/wp-content\/uploads\/2022\/02\/Festschrift-2-1024x894.jpeg\" alt=\"\" width=\"1024\" height=\"894\" \/><span class=\"wp-caption-text\">Jubil\u00e4ums-Festschrift \u201e50 Jahre Bergische Universit\u00e4t Wuppertal\u00a0\u2013 Erinnerungen an die Gr\u00fcndungsphase\u201c &#8211; \u00a9 Friederike von Heyden<\/span><\/div>\n<p>Herausgeber und Autoren des Buches sind Dr. Joachim Studberg, fast 30 Jahre lang Uni-Archivar und seit Herbst 2021 im Ruhestand, sowie der Wuppertaler Historiker Prof. Dr. Gerrit Walther.<\/p>\n<p>\u201eDas erste Jahrzehnt der Hochschule war von einer vehementen Debatte um das F\u00fcr und Wider des Konzepts \u201aGesamthochschule\u2018 bestimmt. Diese Debatten, ihre politischen, sozia\u00adlen und akademischen Dimensionen, lohnen n\u00e4here Betrachtung\u201c, erkl\u00e4rt Prof. Dr. Gerit Walther.<span class=\"Apple-converted-space\">\u00a0<\/span><\/p>\n<p>Die Festschrift illustriert daher diese dramatische Phase mit einer ausf\u00fchrlichen historischen Skizze, einer Biographienreihe, einer Chronologie und zahlreichen seltenen Bilddokumenten. \u201eHerzst\u00fcck des Ganzen sind aber eine Reihe von Ausz\u00fcgen aus den Pro\u00adtokollen von mehr als 50 Gespr\u00e4chen, die wir zwischen 2013 und 2021 mit Zeit\u00adzeuginnen und Zeutzeugen gef\u00fchrt haben\u201c, so Dr. Joachim Studberg.<\/p>\n<p>Die Wegbegleiter schildern darin ihre Erinnerungen \u2013 und zum Teil sehr Pers\u00f6nli\u00adches \u2013 aus dem ersten Jahrzehnt Universit\u00e4tsentwicklung: von der fr\u00fchen Vision einer Gesamthochschule \u00fcber die Vorbereitungen zu ihrer Realisierung und die erste F\u00fchrungs\u00adriege hin zur Profilierung der Universit\u00e4t, ihrer Rolle in der Region und einer indivi\u00adduellen Bilanz zum Konzept \u201eGesamthochschule&#8220;. Interessierte erhalten Einblick in die Erfahrungen und Erinnerungen bewusst ganz unterschiedlicher Beteiligter, Lehrender, Stu\u00addierender so\u00adwie Gestaltender in der Verwaltung.<\/p>\n<p>Die Festschrift \u201e50 Jahre Bergische Universit\u00e4t Wuppertal \u2013 Erinnerungen an die Gr\u00fcn\u00addungsphase\u201c ist erh\u00e4ltlich im Unishop: <a href=\"http:\/\/www.unishop-wuppertal.de\/papeterie\">www.unishop-wuppertal.de\/papeterie<\/a><\/p>\n<div id=\"attachment_45718\" class=\"wp-caption alignnone\" style=\"max-width: 1034px;\"><img loading=\"lazy\" decoding=\"async\" class=\"size-large wp-image-45718\" src=\"\/wp-content\/uploads\/2022\/01\/IMG_1041-2-1024x803.jpg\" alt=\"\" width=\"1024\" height=\"803\" \/><span class=\"wp-caption-text\">Uni-Rektor Prof. Dr. Lambert T. Koch erkl\u00e4rt auf der Pressekonferenz das Jubil\u00e4umsprogramm &#8211; \u00a9 Paul Coon<\/span><\/div>\n<h4>\u201eWir feiern. 50 Jahre.\u201c<\/h4>\n<p>Unter diesem Motto begeht die Bergische Universit\u00e4t Wuppertal ihr Jubil\u00e4umsjahr 2022. Und sie l\u00e4dt alle ein, das ganze Jahr mitzufeiern: Studierende, Lehrende, Mitarbeitende und Ehemalige sowie Kooperationspartner, Freunde und alle interessierten \u00adB\u00fcrger des Bergischen Landes.<span class=\"Apple-converted-space\">\u00a0<\/span><\/p>\n<p>Gro\u00dfe Highlights, wie der Tag der offenen T\u00fcr am 21. Mai, der Jubil\u00e4ums-Festakt in der Historischen Stadthalle am 26. August und der Jubi\u00adl\u00e4umsball am 5. November stehen 2022 ebenso auf dem Programm wie zahlreiche kleinere Veranstaltungen und Aktivit\u00e4ten, die spannende Einblicke in f\u00fcnf Jahrzehnte Universit\u00e4t ge\u00adben. Weitere Infos rund um das Jubil\u00e4um finden Sie unter <a href=\"http:\/\/www.50jahre.uni-wuppertal.de\/\">www.50jahre.uni-wuppertal.de<\/a><\/p>\n","protected":false},"excerpt":{"rendered":"<p>Wie sie die Anfangszeiten der Bergischen Universit\u00e4t erlebt haben, dar\u00fcber berichten 56 Wegbegleiterinnen und Wegbegleiter in der Festschrift \u201e50 Jahre Bergische Universit\u00e4t Wuppertal \u2013 Erinnerungen an die Gr\u00fcndungsphase\u201c.<\/p>\n","protected":false},"author":7,"featured_media":0,"comment_status":"open","ping_status":"closed","sticky":false,"template":"","format":"standard","meta":{"footnotes":""},"categories":[27],"tags":[],"class_list":["post-49976","post","type-post","status-publish","format-standard","hentry","category-wissen"],"publishpress_future_action":{"enabled":false,"date":"2026-05-07 15:22:01","action":"change-status","newStatus":"draft","terms":[],"taxonomy":"category","extraData":[]},"publishpress_future_workflow_manual_trigger":{"enabledWorkflows":[]},"_links":{"self":[{"href":"https:\/\/www.die-stadtzeitung.de\/index.php\/wp-json\/wp\/v2\/posts\/49976","targetHints":{"allow":["GET"]}}],"collection":[{"href":"https:\/\/www.die-stadtzeitung.de\/index.php\/wp-json\/wp\/v2\/posts"}],"about":[{"href":"https:\/\/www.die-stadtzeitung.de\/index.php\/wp-json\/wp\/v2\/types\/post"}],"author":[{"embeddable":true,"href":"https:\/\/www.die-stadtzeitung.de\/index.php\/wp-json\/wp\/v2\/users\/7"}],"replies":[{"embeddable":true,"href":"https:\/\/www.die-stadtzeitung.de\/index.php\/wp-json\/wp\/v2\/comments?post=49976"}],"version-history":[{"count":3,"href":"https:\/\/www.die-stadtzeitung.de\/index.php\/wp-json\/wp\/v2\/posts\/49976\/revisions"}],"predecessor-version":[{"id":49981,"href":"https:\/\/www.die-stadtzeitung.de\/index.php\/wp-json\/wp\/v2\/posts\/49976\/revisions\/49981"}],"wp:attachment":[{"href":"https:\/\/www.die-stadtzeitung.de\/index.php\/wp-json\/wp\/v2\/media?parent=49976"}],"wp:term":[{"taxonomy":"category","embeddable":true,"href":"https:\/\/www.die-stadtzeitung.de\/index.php\/wp-json\/wp\/v2\/categories?post=49976"},{"taxonomy":"post_tag","embeddable":true,"href":"https:\/\/www.die-stadtzeitung.de\/index.php\/wp-json\/wp\/v2\/tags?post=49976"}],"curies":[{"name":"wp","href":"https:\/\/api.w.org\/{rel}","templated":true}]}}