{"id":49967,"date":"2022-02-03T13:38:23","date_gmt":"2022-02-03T12:38:23","guid":{"rendered":"https:\/\/www.die-stadtzeitung.de\/?p=49967"},"modified":"2022-02-09T12:06:20","modified_gmt":"2022-02-09T11:06:20","slug":"junior-uni-riesen-andrang-auf-die-kurplaetze","status":"publish","type":"post","link":"https:\/\/www.die-stadtzeitung.de\/index.php\/2022\/02\/03\/junior-uni-riesen-andrang-auf-die-kurplaetze\/","title":{"rendered":"Junior Uni: Riesen-Andrang auf die Kurpl\u00e4tze"},"content":{"rendered":"<div class=\"page\" title=\"Page 1\">\n<div class=\"layoutArea\">\n<div class=\"column\">\n<div id=\"attachment_49968\" class=\"wp-caption alignnone\" style=\"max-width: 1034px;\"><img loading=\"lazy\" decoding=\"async\" class=\"size-large wp-image-49968\" src=\"\/wp-content\/uploads\/2022\/02\/Geschaeftsfuehrung-Team-Junior-Uni_Junior-Uni-Anna-Sch-wartz-1024x743.jpg\" alt=\"\" width=\"1024\" height=\"743\" \/><span class=\"wp-caption-text\">Die Junior Uni-Gesch\u00e4ftsf\u00fchrerinnen Dr. Ariane Staab (r.) und Dr. Annika Spathmann und Prokurist Dr. Stefan Hellhake sind \u00fcberw\u00e4ltigt von dem gro\u00dfen Ansturm auf die Kurspl\u00e4tze &#8211; \u00a9 Foto: Junior Uni\/Anna Schwartz<\/span><\/div>\n<p>Fu\u0308r Kinder und Jugendliche ab sieben Jahren gibt es noch wenige freie Pla\u0308tze, fu\u0308r die sich Interessierte u\u0308ber www.junioruni-wuppertal.de auch jetzt noch schnell und unkompliziert anmelden ko\u0308nnen.<\/p>\n<p>Die Junior Uni-Gescha\u0308ftsfu\u0308hrung reagiert u\u0308berwa\u0308ltigt. \u201eDer Ansturm auf die Kurspla\u0308tze ist unglaublich! Wir freuen uns sehr u\u0308ber die enorme Nachfrage\u201c, erkla\u0308rt Junior Uni- Gescha\u0308ftsfu\u0308hrerin Dr. Ariane Staab.<\/p>\n<p>Ihre Mitgescha\u0308ftsfu\u0308hrerin Dr. Annika Spathmann erga\u0308nzt: \u201eFu\u0308r diejenigen, die leider keinen Platz ergattern konnten, werden wir versuchen, trotz unserer begrenzten Ra\u0308umlichkeiten mo\u0308glichst viele Kurse nachzulegen.\u201c Dazu sollen sich alle, die keinen Platz in ihrem Wunschkurs bekommen haben, trotz des gro\u00dfen Andrangs auf der Warteliste eintragen.<\/p>\n<p>Sowohl die Pra\u0308senz- als auch die Onlinekurse sind erneut stark nachgefragt. Wa\u0308hrend bei den 4- 6-Ja\u0308hrigen bereits nach wenigen Minuten alle Pla\u0308tze vergeben und auch die Kurse der 7-10- Ja\u0308hrigen schon jetzt fast ausgebucht sind, gibt es bei den Jugendlichen noch in mehreren Kursen einzelne freie Pla\u0308tze.<\/p>\n<p>Das Sommersemester beginnt am 14. Februar und endet am 24. Juni 2022. Das aktuelle Kursprogramm und alle weiteren Informationen finden sich auf:<\/p>\n<p><a href=\"http:\/\/www.junioruni-wuppertal.de\">http:\/\/www.junioruni-wuppertal.de<\/a><\/p>\n<p>&nbsp;<\/p>\n<\/div>\n<\/div>\n<\/div>\n","protected":false},"excerpt":{"rendered":"<p>Fast 1.500 Kurspl\u00e4tze in 195 Kursen standen zum Anmeldestart an der Wuppertaler Junior Uni f\u00fcr das Bergische Land f\u00fcr das Sommersemester bereit, das vom 14. Februar bis zum 24. Juni 2022 geht. Der \u00fcberwiegende Teil davon ist bereits gebucht, zus\u00e4tzlich wurden fast 1900 Pl\u00e4tze auf der Warteliste vergeben.<\/p>\n","protected":false},"author":7,"featured_media":0,"comment_status":"open","ping_status":"closed","sticky":false,"template":"","format":"standard","meta":{"footnotes":""},"categories":[27],"tags":[],"class_list":["post-49967","post","type-post","status-publish","format-standard","hentry","category-wissen"],"publishpress_future_action":{"enabled":false,"date":"2026-05-08 18:21:36","action":"change-status","newStatus":"draft","terms":[],"taxonomy":"category","extraData":[]},"publishpress_future_workflow_manual_trigger":{"enabledWorkflows":[]},"_links":{"self":[{"href":"https:\/\/www.die-stadtzeitung.de\/index.php\/wp-json\/wp\/v2\/posts\/49967","targetHints":{"allow":["GET"]}}],"collection":[{"href":"https:\/\/www.die-stadtzeitung.de\/index.php\/wp-json\/wp\/v2\/posts"}],"about":[{"href":"https:\/\/www.die-stadtzeitung.de\/index.php\/wp-json\/wp\/v2\/types\/post"}],"author":[{"embeddable":true,"href":"https:\/\/www.die-stadtzeitung.de\/index.php\/wp-json\/wp\/v2\/users\/7"}],"replies":[{"embeddable":true,"href":"https:\/\/www.die-stadtzeitung.de\/index.php\/wp-json\/wp\/v2\/comments?post=49967"}],"version-history":[{"count":1,"href":"https:\/\/www.die-stadtzeitung.de\/index.php\/wp-json\/wp\/v2\/posts\/49967\/revisions"}],"predecessor-version":[{"id":49969,"href":"https:\/\/www.die-stadtzeitung.de\/index.php\/wp-json\/wp\/v2\/posts\/49967\/revisions\/49969"}],"wp:attachment":[{"href":"https:\/\/www.die-stadtzeitung.de\/index.php\/wp-json\/wp\/v2\/media?parent=49967"}],"wp:term":[{"taxonomy":"category","embeddable":true,"href":"https:\/\/www.die-stadtzeitung.de\/index.php\/wp-json\/wp\/v2\/categories?post=49967"},{"taxonomy":"post_tag","embeddable":true,"href":"https:\/\/www.die-stadtzeitung.de\/index.php\/wp-json\/wp\/v2\/tags?post=49967"}],"curies":[{"name":"wp","href":"https:\/\/api.w.org\/{rel}","templated":true}]}}