{"id":49866,"date":"2022-01-28T10:40:57","date_gmt":"2022-01-28T09:40:57","guid":{"rendered":"https:\/\/www.die-stadtzeitung.de\/?p=49866"},"modified":"2022-02-05T09:18:21","modified_gmt":"2022-02-05T08:18:21","slug":"lore-duwe-befuerchtet-wieder-verschwindet-ein-kleinod","status":"publish","type":"post","link":"https:\/\/www.die-stadtzeitung.de\/index.php\/2022\/01\/28\/lore-duwe-befuerchtet-wieder-verschwindet-ein-kleinod\/","title":{"rendered":"Lore Duwe bef\u00fcrchtet: Wieder verschwindet ein Kleinod"},"content":{"rendered":"<div id=\"attachment_45875\" class=\"wp-caption alignnone\" style=\"max-width: 1034px;\"><img loading=\"lazy\" decoding=\"async\" class=\"size-large wp-image-45875\" src=\"\/wp-content\/uploads\/2020\/12\/Lore-Duwe-Foto-von-Manfred-Goergens-1-1024x681.jpg\" alt=\"\" width=\"1024\" height=\"681\" \/><span class=\"wp-caption-text\">Lore Duwe &#8211; \u00a9 Manfred G\u00f6rgens<\/span><\/div>\n<p>Mal\u00a0 unter uns! Wie sch\u00f6n war es, wenn &#8222;damals&#8220; in noch fast autoloser Zeit Gro\u00dffamlien mit den Kindern spazieren gingen. \u00dcber Waldwege, vorbei an<\/p>\n<p>Rinnsalen und B\u00e4chen. Die Kinder hatten ihren Spa\u00df. V\u00e4ter und Gro\u00dfv\u00e4ter schwangen stolz ihre Spazierst\u00f6cke<span class=\"Apple-converted-space\">\u00a0<\/span><\/p>\n<p>Nicht selten waren Ausflugslokale Ziel des Spaziergangs. Wahre Anziehungspunkte in der westlichen H\u00e4lfte Wuppertals waren damals die Gastst\u00e4tten &#8222;Birmes&#8220; und &#8220; Richter&#8220; in der Beek. F\u00fcr die Eltern gab es dort k\u00fchle Getr\u00e4nke, f\u00fcr die Kinder eine Schaukel, eine Wippe und ein Karussell.<\/p>\n<p>Rast wurde unterwegs der an einer Ansammlung von Fachwerkh\u00e4usern gemacht. Dieser Fleck war wie eine kleine Dorfgemeinschaft. Hier wurden die Wanderv\u00f6gel von G\u00e4nsen, Enten, H\u00fchnern und bellenden Hunden empfangen.<\/p>\n<div id=\"attachment_49869\" class=\"wp-caption alignnone\" style=\"max-width: 657px;\"><img loading=\"lazy\" decoding=\"async\" class=\" wp-image-49869\" src=\"\/wp-content\/uploads\/2022\/02\/IMG_4216-2-1024x721.jpg\" alt=\"\" width=\"647\" height=\"455\" \/><span class=\"wp-caption-text\">Das abgebrannte Haus am Otto-Hausmann-Ring &#8211; \u00a9 Lore Duwe<\/span><\/div>\n<p>Dieses kleine Dorf lag zwischen der Kriegerheimstra\u00dfe und dem damals noch mit Schotter belegten\u00a0Otto-Hausmann-Ring.<\/p>\n<p>Das &#8222;D\u00f6rfchen&#8220;\u00a0vergangener Zeit mu\u00dfte der A 46 und der Industrie-Bebauung weichen. \u00dcbrig &#8211; quasi als Erinnerung&#8220; &#8211; blieb nur ein einzelnes zauberhaftes Fachwerkhaus direkt am Otto-Hausmann-Ring.<\/p>\n<p>Jetzt ist dieses Kleinod Opfer eines Brandes geworden. Ob der Schaden noch einmal repariert werden kann &#8211; mehr als fraglich. Falls nicht, w\u00fcrde hier nichts mehr an die gute alte Zeit und an die einst so lebendige Hofgemeinschaft erinnern.<\/p>\n<p>Gottseidank sind zumindest keine Menschenleben zu beklagen.<\/p>\n<p><b>Ihre Lore Duwe\/Euer\u00a0 L\u00f6rken<\/b><\/p>\n","protected":false},"excerpt":{"rendered":"<p>Die Wuppertaler Schauspielerin, S\u00e4ngerin, T\u00e4nzerin und Autorin Lore Duwe schildert in ihrer Kolumne &#8222;Mal unter uns&#8220; Erlebnisse von gestern und heute aus ihrem ganz pers\u00f6nlichen Blickwinkel.<\/p>\n","protected":false},"author":7,"featured_media":0,"comment_status":"open","ping_status":"closed","sticky":false,"template":"","format":"standard","meta":{"footnotes":""},"categories":[25],"tags":[],"class_list":["post-49866","post","type-post","status-publish","format-standard","hentry","category-lifestyle"],"publishpress_future_action":{"enabled":false,"date":"2026-05-07 15:25:25","action":"change-status","newStatus":"draft","terms":[],"taxonomy":"category","extraData":[]},"publishpress_future_workflow_manual_trigger":{"enabledWorkflows":[]},"_links":{"self":[{"href":"https:\/\/www.die-stadtzeitung.de\/index.php\/wp-json\/wp\/v2\/posts\/49866","targetHints":{"allow":["GET"]}}],"collection":[{"href":"https:\/\/www.die-stadtzeitung.de\/index.php\/wp-json\/wp\/v2\/posts"}],"about":[{"href":"https:\/\/www.die-stadtzeitung.de\/index.php\/wp-json\/wp\/v2\/types\/post"}],"author":[{"embeddable":true,"href":"https:\/\/www.die-stadtzeitung.de\/index.php\/wp-json\/wp\/v2\/users\/7"}],"replies":[{"embeddable":true,"href":"https:\/\/www.die-stadtzeitung.de\/index.php\/wp-json\/wp\/v2\/comments?post=49866"}],"version-history":[{"count":3,"href":"https:\/\/www.die-stadtzeitung.de\/index.php\/wp-json\/wp\/v2\/posts\/49866\/revisions"}],"predecessor-version":[{"id":49870,"href":"https:\/\/www.die-stadtzeitung.de\/index.php\/wp-json\/wp\/v2\/posts\/49866\/revisions\/49870"}],"wp:attachment":[{"href":"https:\/\/www.die-stadtzeitung.de\/index.php\/wp-json\/wp\/v2\/media?parent=49866"}],"wp:term":[{"taxonomy":"category","embeddable":true,"href":"https:\/\/www.die-stadtzeitung.de\/index.php\/wp-json\/wp\/v2\/categories?post=49866"},{"taxonomy":"post_tag","embeddable":true,"href":"https:\/\/www.die-stadtzeitung.de\/index.php\/wp-json\/wp\/v2\/tags?post=49866"}],"curies":[{"name":"wp","href":"https:\/\/api.w.org\/{rel}","templated":true}]}}