{"id":45668,"date":"2022-01-27T08:19:39","date_gmt":"2022-01-27T07:19:39","guid":{"rendered":"https:\/\/www.die-stadtzeitung.de\/?p=45668"},"modified":"2022-01-27T08:19:39","modified_gmt":"2022-01-27T07:19:39","slug":"digidienstag-als-alternative-zum-herumluemmeln","status":"publish","type":"post","link":"https:\/\/www.die-stadtzeitung.de\/index.php\/2022\/01\/27\/digidienstag-als-alternative-zum-herumluemmeln\/","title":{"rendered":"&#8222;digiDienstag&#8220; als Alternative zum Heruml\u00fcmmeln"},"content":{"rendered":"<div id=\"attachment_45670\" class=\"wp-caption alignnone\" style=\"max-width: 1034px;\"><img loading=\"lazy\" decoding=\"async\" class=\"size-large wp-image-45670\" src=\"\/wp-content\/uploads\/2022\/01\/Digi-Dienstag_Pressefoto-2-1024x739.jpeg\" alt=\"\" width=\"1024\" height=\"739\" \/><span class=\"wp-caption-text\">Entspannung @ Home bietet das neue Angebot &#8222;der b\u00f6rse&#8220; &#8211; der &#8222;digiDienstag&#8220; &#8211; \u00a9 die b\u00f6rse<\/span><\/div>\n<p>Der &#8222;digiDienstag&#8220; (bis 08.03.) bietet allen, die sich in den eigenen vier W\u00e4nden geistig und k\u00f6rperlich bewegen wollen eine Alternative zum Heruml\u00fcmmeln auf dem Sofa. F\u00fcr den einmaligen Beitrag von 80 Euro k\u00f6nnen sie an acht Dienstagen wahlweise drei Kurse wahrnehmen: Entschleunigung mit Stop &amp; Stille, sich tanzend erleben mit K\u00f6rper &amp; Kontraste und Detox-Yoga A &amp; Om.<\/p>\n<p>Nachhaltig shoppen, Style tanken, coole Musik h\u00f6ren, eine gute Zeit unter Frauen erleben \u2013 das und noch mehr bietet der beliebte und entspannte Frauen(floh)markt &#8222;WeibsSt\u00fccke&#8220;, der am Samstag (05.02.) zum ersten Mal an einem Samstagnachmittag stattfindet. Premiere feiern die DJ-Ladys von &#8222;Double Trouble&#8220; mit Rockabilly Sound und anderen Songperlen aus ihren Plattenkisten.<\/p>\n<div id=\"attachment_45671\" class=\"wp-caption alignnone\" style=\"max-width: 1034px;\"><img loading=\"lazy\" decoding=\"async\" class=\"size-large wp-image-45671\" src=\"\/wp-content\/uploads\/2022\/01\/Global-Music-Club_Golow_Foto_Arne-Schramm-1024x682.jpg\" alt=\"\" width=\"1024\" height=\"682\" \/><span class=\"wp-caption-text\">Der S\u00e4nger &#8222;Golow&#8220; steht beim &#8222;Global Music Club&#8220; auf der B\u00fchne &#8211; \u00a9 Arne Schramm<\/span><\/div>\n<p>Bevor der &#8222;Global Music Club 2022&#8220; sein kultur\u00fcbergreifendes Projekt ausweitet und zum &#8222;Global Cultures Club&#8220; wird, feiert er den Jahresanfang noch einmal ausschlie\u00dflich mit Live-Musik beim Konzert am Freitag (11.02.). Auf der B\u00fchne stehen dann die Remscheider Band &#8222;Lioness&#8220;, der Wuppertaler Musiker und Produzent GOLOW und die aus Ruanda stammenden Band &#8222;SANO BOI &amp; A4&#8220;.<\/p>\n<p>Beim &#8222;Erz\u00e4hlsalon &#8211; Geschichten von nebenan&#8220; am Mittwoch (23.02)geht es diesmal um ein Thema. das gerne aus dem Alltag verdr\u00e4ngt wird: Das Sterben. Zu Gast ist \u201eDie Pusteblume\u201c, der Hospiz- und Palliativdienst aus der S\u00fcdstadt.<\/p>\n<p>Das komplette Program &#8222;der b\u00f6rse&#8220; und vieles mehr finden Sie auf der<span class=\"Apple-converted-space\">\u00a0 <\/span>Webseite <a href=\"http:\/\/www.dieboerse-wtal.de\/\">www.dieboerse-wtal.de<\/a><\/p>\n","protected":false},"excerpt":{"rendered":"<p>Das Veranstaltungs-Team &#8222;der b\u00f6rse&#8220; hat in unsicheren Corona-Zeiten mit Umsicht und Optimismus das Februar-Programm geplant. Darunter ist ein neues spannendes Online-Angebot: Der &#8222;digiDienstag&#8220;.<\/p>\n","protected":false},"author":7,"featured_media":0,"comment_status":"open","ping_status":"closed","sticky":false,"template":"","format":"standard","meta":{"footnotes":""},"categories":[29],"tags":[],"class_list":["post-45668","post","type-post","status-publish","format-standard","hentry","category-kultur"],"publishpress_future_action":{"enabled":false,"date":"2026-05-06 11:40:08","action":"change-status","newStatus":"draft","terms":[],"taxonomy":"category","extraData":[]},"publishpress_future_workflow_manual_trigger":{"enabledWorkflows":[]},"_links":{"self":[{"href":"https:\/\/www.die-stadtzeitung.de\/index.php\/wp-json\/wp\/v2\/posts\/45668","targetHints":{"allow":["GET"]}}],"collection":[{"href":"https:\/\/www.die-stadtzeitung.de\/index.php\/wp-json\/wp\/v2\/posts"}],"about":[{"href":"https:\/\/www.die-stadtzeitung.de\/index.php\/wp-json\/wp\/v2\/types\/post"}],"author":[{"embeddable":true,"href":"https:\/\/www.die-stadtzeitung.de\/index.php\/wp-json\/wp\/v2\/users\/7"}],"replies":[{"embeddable":true,"href":"https:\/\/www.die-stadtzeitung.de\/index.php\/wp-json\/wp\/v2\/comments?post=45668"}],"version-history":[{"count":2,"href":"https:\/\/www.die-stadtzeitung.de\/index.php\/wp-json\/wp\/v2\/posts\/45668\/revisions"}],"predecessor-version":[{"id":45672,"href":"https:\/\/www.die-stadtzeitung.de\/index.php\/wp-json\/wp\/v2\/posts\/45668\/revisions\/45672"}],"wp:attachment":[{"href":"https:\/\/www.die-stadtzeitung.de\/index.php\/wp-json\/wp\/v2\/media?parent=45668"}],"wp:term":[{"taxonomy":"category","embeddable":true,"href":"https:\/\/www.die-stadtzeitung.de\/index.php\/wp-json\/wp\/v2\/categories?post=45668"},{"taxonomy":"post_tag","embeddable":true,"href":"https:\/\/www.die-stadtzeitung.de\/index.php\/wp-json\/wp\/v2\/tags?post=45668"}],"curies":[{"name":"wp","href":"https:\/\/api.w.org\/{rel}","templated":true}]}}