{"id":45657,"date":"2022-01-26T09:43:25","date_gmt":"2022-01-26T08:43:25","guid":{"rendered":"https:\/\/www.die-stadtzeitung.de\/?p=45657"},"modified":"2022-01-26T15:43:38","modified_gmt":"2022-01-26T14:43:38","slug":"bhc-maldonado-kommt-majdzinski-geht","status":"publish","type":"post","link":"https:\/\/www.die-stadtzeitung.de\/index.php\/2022\/01\/26\/bhc-maldonado-kommt-majdzinski-geht\/","title":{"rendered":"BHC: Maldonado kommt &#8211; Majdzinski geht"},"content":{"rendered":"<div id=\"attachment_45659\" class=\"wp-caption alignnone\" style=\"max-width: 1035px;\"><img loading=\"lazy\" decoding=\"async\" class=\"size-full wp-image-45659\" src=\"\/wp-content\/uploads\/2022\/01\/200817_NA_Autogrammkarte_Majdzinski-2.jpeg\" alt=\"\" width=\"1025\" height=\"797\" \/><span class=\"wp-caption-text\">Maciej Majdzinski &#8211; \u00a9 BHC 06<\/span><\/div>\n<p>Der 23-J\u00e4hrige Maldonado wechselte im Sommer 2020 vom TSV Bayer Dormagen f\u00fcr seine erste Profistation zum TuSEM Essen, wo er von Beginn an \u00fcberzeugen und auf sich aufmerksam machen konnte.<span class=\"Apple-converted-space\">\u00a0<\/span><\/p>\n<p>In der aktuellen Spielzeit der 2. Handball-Bundesliga ist der Essener Spielmacher derzeit mit 82 Treffern erfolgreichster Torsch\u00fctze beim TuSEM und unterstreicht seine Qualit\u00e4ten mit 39 Assists und 13 Steals.<span class=\"Apple-converted-space\">\u00a0<\/span><\/p>\n<p>Eloy Morante Maldonado, der beim Bergischen HC einen Kontrakt \u00fcber zwei Jahre bis zum 30. Juni 2025 unterschrieben hat, wird mit seinen vielf\u00e4ltigen Qualit\u00e4ten als Allrounder im R\u00fcckraum die Qualit\u00e4t und Durchschlagskraft des BHC verst\u00e4rken.<span class=\"Apple-converted-space\">\u00a0<\/span><\/p>\n<h4>Vertrag mit Maciej Majdzinski l\u00e4uft im Sommer aus<span class=\"Apple-converted-space\">\u00a0<\/span><\/h4>\n<p>Der Bergische HC und Maciej Majdzinski haben sich nach zahlreichen pers\u00f6nlichen Gespr\u00e4chen im gegenseitigen Einvernehmen darauf geeinigt, den bestehenden Vertrag im Sommer 2022 auslaufen zu lassen.<span class=\"Apple-converted-space\">\u00a0<\/span><\/p>\n<p>Der R\u00fcckraumrechte hatte sich bei seinem Einsatz f\u00fcr Polen bei der Handball-Weltmeisterschaft im Januar 2021 einen Kreuzbandriss im linken Knie zugezogen und befand sich seit dem vorgenommenen operativen Eingriff in einer aufw\u00e4ndigen und langwierigen Rehabilitationsma\u00dfnahme.<span class=\"Apple-converted-space\">\u00a0<\/span><\/p>\n<p>Insgesamt musste der Linksh\u00e4nder damit bereits die dritte schwere Knieverletzung w\u00e4hrend seiner knapp sechs Jahren im Trikot des Bergischen HC beklagen.<span class=\"Apple-converted-space\">\u00a0<\/span><\/p>\n<p>Im Zuge des stetigen pers\u00f6nlichen Austausches w\u00e4hrend der Rehabilitation und zahlreichen R\u00fccksprachen mit den Experten der medizinischen Abteilung des Clubs haben Maciej Majdzinski und die Verantwortlichen des Clubs gemeinsam den Entschluss \u00fcber das Vertragsende gefasst.<span class=\"Apple-converted-space\">\u00a0<\/span><\/p>\n","protected":false},"excerpt":{"rendered":"<p>Der Bergische HC vermeldet eine perspektivische Verpflichtung f\u00fcr die Spielzeit 2023\/24. Im Sommer 2023 wechselt der R\u00fcckraumspieler Eloy Morante Maldonado zu den L\u00f6wen. Maciej Majdzinski wird dagegen den BHC am Ende der Sison verlassen.<\/p>\n","protected":false},"author":7,"featured_media":0,"comment_status":"open","ping_status":"closed","sticky":false,"template":"","format":"standard","meta":{"footnotes":""},"categories":[20],"tags":[],"class_list":["post-45657","post","type-post","status-publish","format-standard","hentry","category-sport"],"publishpress_future_action":{"enabled":false,"date":"2026-05-07 14:08:06","action":"change-status","newStatus":"draft","terms":[],"taxonomy":"category","extraData":[]},"publishpress_future_workflow_manual_trigger":{"enabledWorkflows":[]},"_links":{"self":[{"href":"https:\/\/www.die-stadtzeitung.de\/index.php\/wp-json\/wp\/v2\/posts\/45657","targetHints":{"allow":["GET"]}}],"collection":[{"href":"https:\/\/www.die-stadtzeitung.de\/index.php\/wp-json\/wp\/v2\/posts"}],"about":[{"href":"https:\/\/www.die-stadtzeitung.de\/index.php\/wp-json\/wp\/v2\/types\/post"}],"author":[{"embeddable":true,"href":"https:\/\/www.die-stadtzeitung.de\/index.php\/wp-json\/wp\/v2\/users\/7"}],"replies":[{"embeddable":true,"href":"https:\/\/www.die-stadtzeitung.de\/index.php\/wp-json\/wp\/v2\/comments?post=45657"}],"version-history":[{"count":2,"href":"https:\/\/www.die-stadtzeitung.de\/index.php\/wp-json\/wp\/v2\/posts\/45657\/revisions"}],"predecessor-version":[{"id":45660,"href":"https:\/\/www.die-stadtzeitung.de\/index.php\/wp-json\/wp\/v2\/posts\/45657\/revisions\/45660"}],"wp:attachment":[{"href":"https:\/\/www.die-stadtzeitung.de\/index.php\/wp-json\/wp\/v2\/media?parent=45657"}],"wp:term":[{"taxonomy":"category","embeddable":true,"href":"https:\/\/www.die-stadtzeitung.de\/index.php\/wp-json\/wp\/v2\/categories?post=45657"},{"taxonomy":"post_tag","embeddable":true,"href":"https:\/\/www.die-stadtzeitung.de\/index.php\/wp-json\/wp\/v2\/tags?post=45657"}],"curies":[{"name":"wp","href":"https:\/\/api.w.org\/{rel}","templated":true}]}}