{"id":45634,"date":"2022-01-26T10:22:49","date_gmt":"2022-01-26T09:22:49","guid":{"rendered":"https:\/\/www.die-stadtzeitung.de\/?p=45634"},"modified":"2022-01-26T16:12:36","modified_gmt":"2022-01-26T15:12:36","slug":"experte-kalla-scheer-rechnet-mit-dem-handball-ab","status":"publish","type":"post","link":"https:\/\/www.die-stadtzeitung.de\/index.php\/2022\/01\/26\/experte-kalla-scheer-rechnet-mit-dem-handball-ab\/","title":{"rendered":"Experte &#8222;Kalla&#8220; Scheer rechnet mit dem Handball ab"},"content":{"rendered":"<div id=\"attachment_45637\" class=\"wp-caption alignnone\" style=\"max-width: 794px;\"><img loading=\"lazy\" decoding=\"async\" class=\" wp-image-45637\" src=\"\/wp-content\/uploads\/2022\/01\/CCI05112016_00000-2.jpeg\" alt=\"\" width=\"784\" height=\"547\" \/><span class=\"wp-caption-text\">Karl-Heinz &#8222;Kalla&#8220; Scheer (l.) mit Dargur Sigurdsson, ehemaliger Nationaltrainer, Europameister \u00a0und Spieler des LTV Wuppertal &#8211; \u00a9 privat<\/span><\/div>\n<p>Der Wuppertaler Steuerberater Karl-Hein &#8222;Kalla&#8220; Scheer (76) hatte durch kluges Management beim LTV den Wuppertaler Handball 1996 in die Bundesliga gef\u00fchrt. Sein Fazit zur aktuellen Situation: &#8222;Es werden viele Fehler gemacht, zu viele!&#8220;<\/p>\n<p><b>DS: Wie sch\u00e4tzen Sie das Abschneiden der deutschen Mannschaft ein?<\/b><\/p>\n<p>&#8222;Kalla&#8220; Scheer: &#8222;Unsere Mannschaft ist sportlich ausgeschieden, daran ist nicht zu r\u00fctteln. Was mich allerdings sehr aufregt, ist der Umgang mit unserem Team durch den Europ\u00e4ischen Verband (EHF). Wir hatten coronabedingt mit 15 betroffenen Akteuren den Totalausfall der halben Mannschaft und konnten uns nur retten, weil wir nachnominierten. So wurden auch die R\u00fcckraumspieler David Schmidt und Lukas Stutzke (beide Bergischer HC) nach Bratislava beordert. Was h\u00e4tte es geschadet, wenn der EHF dem deutschen Team ihrem Wunsch entsprechend eine Spielverlegung nur um einen Tag zugestanden h\u00e4tte? Die Gesundheit der Sportler<span class=\"Apple-converted-space\">\u00a0 <\/span>sollte auch hier Vorrang haben. Man mu\u00df dazu wissen, dass unsere Handballer im europ\u00e4ischen Verband so gut wie keinen Einfluss haben, obwohl es vor allem hiesige Firmen sind, die das ganze Spektakel mit Werbung finanzieren.&#8220;<\/p>\n<p><b>DS: Warum hat die Mannschaftsleitung die Mannschaft angesichts dieser Situation nicht einfach zur\u00fcckgezogen und ist abgereist?<\/b><\/p>\n<p>&#8222;Kalla Scheer&#8220;: &#8222;Das wollte sie ja. Da hat der EHF aber mit drakonischen Strafen gedroht. Die deutsche Mannschaft w\u00e4re gesperrt worden und h\u00e4tte bei den n\u00e4chsten internationalen Wettbewerben nicht mehr teilnehmen k\u00f6nnen.&#8220;<\/p>\n<div id=\"attachment_45177\" class=\"wp-caption alignnone\" style=\"max-width: 610px;\"><img loading=\"lazy\" decoding=\"async\" class=\" wp-image-45177\" src=\"\/wp-content\/uploads\/2022\/01\/210902_eh_Autogrammkarte_Schmidt-2.jpeg\" alt=\"\" width=\"600\" height=\"535\" \/><span class=\"wp-caption-text\">Wurde f\u00fcr die EM nachnominiert: BHC-R\u00fcckraumspieler Martin Schmidt &#8211; \u00a9 BHC 06<\/span><\/div>\n<p><b>DS: Sie kritisieren also die Politik des EHF?<\/b><\/p>\n<p>&#8222;Kalla&#8220; Scheer: &#8222;So ist es. Der EHF hat sich in den letzten Jahren in der Verwaltung von drei auf 78 Mitarbeiter aufgebl\u00e4ht. Bei der Europameisterschaft, die 2024 in Deutschland ausgerichtet wird, plant man Handballspiele in der D\u00fcsseldorfer Merkur-Arena (fr\u00fcher Rheinstadion) und kalkuliert mit 50.000 Zuschauern. Das ist Handball wie bei \u201ePlaymobile\u201c. Das ist nicht mehr basisgerecht und schadet dem Ansehen des Handballsportes, der in der Halle auf dem Kleinfeld seine Wirkung erzielt. Es geht offenbar nur noch um Geldverdienen, da kann ich nur noch mit dem Kopf sch\u00fctteln. Mit 18.000 Zuschauern, wie etwa in der K\u00f6lner Lanxess Arena m\u00f6glich, sind die Grenzen des machbaren erreicht.&#8220;<\/p>\n<p><b>DS: F\u00fcr den deutschen Handball war es das siebte Turnier hintereinander ohne Halbfinalteilnahme. Wo liegen die Gr\u00fcnde f\u00fcr das schwache Abschneiden in den letzten Jahren und wie sehen Sie die sportliche Entwicklung des Handballs \u00fcberhaupt in Deutschland?<\/b><\/p>\n<p>&#8222;Kalla&#8220; Scheer: &#8222;Die Fehler springen einen f\u00f6rmlich an. Da gibt es die Vorgabe, dass jeder Erst-Bundesligist ein Jugendzertifikat haben soll, andernfalls 20.000 Euro Strafe abdr\u00fccken mu\u00df. Das Ergebnis ist, dass au\u00dfer Julian K\u00f6ster heute nicht ein einziger deutscher Nationalspieler aus diesen Jugendzentren kommt. Spieler wie Stefan Kretzschmar, Martin Schwalb oder Andreas Thiel waren noch Naturtalente, die von ihren Vereinen gef\u00f6rdert zu Weltstars wurden.&#8220;<span class=\"Apple-converted-space\">\u00a0<\/span><\/p>\n<p><b>DS: Damit ist das Ph\u00e4nomen aber noch nicht erkl\u00e4rt. Wo liegen die Gr\u00fcnde wirklich?<\/b><\/p>\n<p>&#8222;Kalla&#8220; Scheer: &#8222;Die Vereine konzentrieren sich vor allem auf dem Weltmarkt und kaufen hier die Spieler ein, die sie zu brauchen glauben. Eigene Nachwuchsarbeit ger\u00e4t damit ins Hintertreffen. Der SC Magdeburg bildet da ein absolutes Negativbeispiel. Hinzu kommt, dass die Spieler inzwischen aufgrund der aufgebl\u00e4hten Spielpl\u00e4ne \u00fcberfordert werden. Die Mannschaften kommen leicht auf 70 Spiele im Jahr, rechnet man alle Bundesliga, Pokal und Spiele in internationalen Wettbewerben zusammen. Da das Jahr ja bekanntlich nur 52 Wochen hat, kommt es dazu, dass inzwischen sogar Weihnachten gespielt wird. Der deutsche Handball-Bundestrainer Alfred Gislason ist ein armer Kerl, hat er seine Spieler doch so wenig zusammen wie kein anderer internationaler Trainer im Vergleich. Da darf man sich auch nicht wundern, wenn einzelne Spieler ihre Teilnahme an gro\u00dfen Turnieren einfach absagen, weil sie auch einmal ein paar Tage zu Hause sein wollen. Hier unterscheidet sich indessen die deutsche Mentalit\u00e4t von der anderer L\u00e4ndern, was am Ende f\u00fcr uns zum Wettbewerbsnachteil f\u00fchrt.&#8220;<\/p>\n<div id=\"attachment_32961\" class=\"wp-caption alignnone\" style=\"max-width: 610px;\"><img loading=\"lazy\" decoding=\"async\" class=\" wp-image-32961\" src=\"\/wp-content\/uploads\/2021\/01\/200817_NA_Autogrammkarte_Stutzke.jpeg\" alt=\"\" width=\"600\" height=\"454\" \/><span class=\"wp-caption-text\">Wurde bei der EM nachnominiert: Lukas Stutzke &#8211; \u00a9 BHC 06<\/span><\/div>\n<p><b>DS: Wo sehen Sie denn \u00fcberhaupt L\u00f6sungsans\u00e4tze?<\/b><\/p>\n<p>&#8222;Kalla&#8220; Scheer: &#8222;Ich h\u00e4tte schlicht die zahlreichen deutschen Sponsoren der Europameisterschaft eingeladen und mit denen nach L\u00f6sungen gesucht. Wenn es um das Geld geht, reagiert der europ\u00e4ische Verband.&#8220;<\/p>\n<p><b>DS: Und wie sehen sie die Entwicklung des Handballs in Wuppertal?<\/b><\/p>\n<p>&#8222;Kalla&#8220; Scheer: &#8222;Wir haben mit dem BHC eine ausgezeichnete Vertretung, die sich sehr gut behauptet. Allerdings sehe ich keine Stimmigkeit zwischen Solingen und Wuppertal. Das ist noch keine Bergische Einheit. Ich h\u00e4tte mir auch mehr Einsatz seitens der Politik gew\u00fcnscht, die notwenige Sporthalle in Wuppertal zu bauen. Mit der ehemaligen Post am Kleeblatt h\u00e4tten wir hierzu ein ideales Gel\u00e4nde mit Anbindung an die erforderliche Infrastruktur. Hier h\u00e4tte sich unser Oberb\u00fcrgermeister ganz anders ins Zeug legen m\u00fcssen. Auch die Wuppertaler Wirtschaft hat es nach meiner Ansicht am notwenigen Engagement fehlen lassen. Eine \u201eBarmenia-Halle\u201c oder \u201eVorwerk-Arena&#8220; als Namensgeber w\u00e4re ein gl\u00e4nzender Werbetr\u00e4ger gewesen. Diese Chance wurde vertan.&#8220;<\/p>\n<p><b>Das Interview f\u00fchrte Siegfried J\u00e4hne<span class=\"Apple-converted-space\">\u00a0<\/span><\/b><\/p>\n<p>Link zur Webseite von Karl-Heinz &#8222;Kalla&#8220; Scheer:<\/p>\n<p><a href=\"http:\/\/www.kalla-scheer.de\">http:\/\/www.kalla-scheer.de<\/a><\/p>\n","protected":false},"excerpt":{"rendered":"<p>Die deutschen Handballer sind gescheitert. Bei der Europameisterschaft in Ungarn und Slowenien kam das \u201eAus\u201c bereits in der Hauptrunde. In erster Linie Corona bedingt, wie man wei\u00df. Wir haben \u00fcber die Situation mit dem Wuppertaler Handball-Experten Karl-Heinz Scheer gesprochen, den in Handballer-Kreisen alle nur &#8222;Kalla&#8220; nennen.<\/p>\n","protected":false},"author":7,"featured_media":0,"comment_status":"open","ping_status":"closed","sticky":false,"template":"","format":"standard","meta":{"footnotes":""},"categories":[20],"tags":[],"class_list":["post-45634","post","type-post","status-publish","format-standard","hentry","category-sport"],"publishpress_future_action":{"enabled":false,"date":"2026-05-07 05:09:57","action":"change-status","newStatus":"draft","terms":[],"taxonomy":"category","extraData":[]},"publishpress_future_workflow_manual_trigger":{"enabledWorkflows":[]},"_links":{"self":[{"href":"https:\/\/www.die-stadtzeitung.de\/index.php\/wp-json\/wp\/v2\/posts\/45634","targetHints":{"allow":["GET"]}}],"collection":[{"href":"https:\/\/www.die-stadtzeitung.de\/index.php\/wp-json\/wp\/v2\/posts"}],"about":[{"href":"https:\/\/www.die-stadtzeitung.de\/index.php\/wp-json\/wp\/v2\/types\/post"}],"author":[{"embeddable":true,"href":"https:\/\/www.die-stadtzeitung.de\/index.php\/wp-json\/wp\/v2\/users\/7"}],"replies":[{"embeddable":true,"href":"https:\/\/www.die-stadtzeitung.de\/index.php\/wp-json\/wp\/v2\/comments?post=45634"}],"version-history":[{"count":9,"href":"https:\/\/www.die-stadtzeitung.de\/index.php\/wp-json\/wp\/v2\/posts\/45634\/revisions"}],"predecessor-version":[{"id":45662,"href":"https:\/\/www.die-stadtzeitung.de\/index.php\/wp-json\/wp\/v2\/posts\/45634\/revisions\/45662"}],"wp:attachment":[{"href":"https:\/\/www.die-stadtzeitung.de\/index.php\/wp-json\/wp\/v2\/media?parent=45634"}],"wp:term":[{"taxonomy":"category","embeddable":true,"href":"https:\/\/www.die-stadtzeitung.de\/index.php\/wp-json\/wp\/v2\/categories?post=45634"},{"taxonomy":"post_tag","embeddable":true,"href":"https:\/\/www.die-stadtzeitung.de\/index.php\/wp-json\/wp\/v2\/tags?post=45634"}],"curies":[{"name":"wp","href":"https:\/\/api.w.org\/{rel}","templated":true}]}}