{"id":45596,"date":"2022-01-25T15:54:35","date_gmt":"2022-01-25T14:54:35","guid":{"rendered":"https:\/\/www.die-stadtzeitung.de\/?p=45596"},"modified":"2022-01-25T15:54:35","modified_gmt":"2022-01-25T14:54:35","slug":"die-gefahr-von-extremwetterereignissen-steigt-stetig","status":"publish","type":"post","link":"https:\/\/www.die-stadtzeitung.de\/index.php\/2022\/01\/25\/die-gefahr-von-extremwetterereignissen-steigt-stetig\/","title":{"rendered":"Die Gefahr von Extremwetterereignissen steigt stetig\u00a0"},"content":{"rendered":"<div id=\"attachment_45598\" class=\"wp-caption alignnone\" style=\"max-width: 1034px;\"><img loading=\"lazy\" decoding=\"async\" class=\"size-large wp-image-45598\" src=\"\/wp-content\/uploads\/2022\/01\/Fiedrich_2021_Foto_Bo_Tackenberg1-2-1024x663.jpeg\" alt=\"\" width=\"1024\" height=\"663\" \/><span class=\"wp-caption-text\">Prof. Dr.-Ing. Frank Fiedrich &#8211; \u00a9 Bo Tackenberg<\/span><\/div>\n<p>Der Klimawandel ist da, wissen Fachleute schon seit Jahren, doch die Schutzma\u00dfnahmen k\u00f6nnten optimiert werden, wei\u00df Prof. Dr.-Ing. Frank Fiedrich, Lehrstuhlinhaber f\u00fcr Bev\u00f6lkerungsschutz, Katastrophenhilfe und Objektsicherheit der Fakult\u00e4t f\u00fcr Maschinenbau und Sicherheitstechnik an der Bergischen Universit\u00e4t.<span class=\"Apple-converted-space\">\u00a0<\/span><\/p>\n<p>\u201eLangsam lernen wir, dass das auch bei uns passieren kann\u201c, sagt Frank Fiedrich, \u201eund dabei ist die Frage des Selbstschutzes der Bev\u00f6lkerung aktuell ein gro\u00dfes Thema sowohl in der Praxis als auch in der Forschung.\u201c Dabei gehe es zun\u00e4chst noch um Zukunftsszenarien, doch werden mittelfristig Waldbr\u00e4nde, D\u00fcrregefahren und Starkregenereignisse steigen, betont der Wissenschaftler.<span class=\"Apple-converted-space\">\u00a0<\/span><\/p>\n<p>Bezogen auf Waldbr\u00e4nde, von denen Europa in den vergangenen Jahren auch vielerorts betroffen war, gebe es sowohl nationale als auch internationale Mechanismen, die greifen, wenn eine Region oder ein Land mit einer solchen Gefahrensituation \u00fcberfordert sei.<span class=\"Apple-converted-space\">\u00a0<\/span><\/p>\n<p>\u201eAuf europ\u00e4ischer Ebene ist es der EU-Zivilschutzmechanismus, durch den zus\u00e4tzliche Ressourcen aus anderen EU-Staaten angefragt werden k\u00f6nnen. Auf nationaler Ebene ist die \u00fcber\u00f6rtliche Hilfe im deutschen Katastrophenschutz \u00e4hnlich geregelt.\u201c<span class=\"Apple-converted-space\">\u00a0<\/span><\/p>\n<p>Waldbrandgefahren seien seit Jahren im Fokus der Europ\u00e4ischen Union, erkl\u00e4rt Frank Fiedrich und sagt: \u201eDie EU als Ganzes ist sich auch bewusst, dass wir in gewissen Bereichen unterversorgt sind und unterst\u00fctzt daher die Beschaffung zus\u00e4tzlicher Ressourcen zur Waldbrandbek\u00e4mpfung durch das neue Programm rescEU.\u201c<\/p>\n<h4>Urban Wildland Interface<\/h4>\n<p>Der Traum vieler Menschen, ein Haus im Gr\u00fcnen zu besitzen, mit bester Waldanbindung f\u00fcr die t\u00e4glichen Joggingrunden oder den Gassigang, k\u00f6nnte in Zeiten des Klimawandels auch ein gef\u00e4hrlicher Traum werden. \u201eDort, wo Natur und W\u00e4lder mit Menschen zusammenkommen, muss man besonders vorsichtig sein\u201c, erkl\u00e4rt der Wissenschaftler.<span class=\"Apple-converted-space\">\u00a0<\/span><\/p>\n<div id=\"attachment_45603\" class=\"wp-caption alignnone\" style=\"max-width: 710px;\"><img loading=\"lazy\" decoding=\"async\" class=\" wp-image-45603\" src=\"\/wp-content\/uploads\/2022\/01\/1810710-01-1-1024x698.jpeg\" alt=\"\" width=\"700\" height=\"477\" \/><span class=\"wp-caption-text\">Hochwasser in Wuppertal &#8211; \u00a9 Achim Otto<\/span><\/div>\n<p>Im angloamerikanischen Raum spreche man in diesem Zusammenhang auch vom Urban Wildland Interface. So nennt man die Schnittstelle zwischen unbebauter Natur und besiedelten Bereichen. Wenn man also von einer steigenden Waldbrandgefahr ausgehe, dann m\u00fcsse man auch dort entsprechende Vorkehrungen treffen. Innerhalb eines Grundst\u00fccks bedeute das gr\u00f6\u00dfere Freir\u00e4ume mit bestimmten Abst\u00e4nden sowie eine d\u00fcnnere Besiedelung zur eigentlichen Waldvegetation, denn, so betont er: \u201eMittelfristig haben wir in Bezug auf die Klimagefahren auch hier mit ausgepr\u00e4gteren D\u00fcrreperioden zu rechnen.\u201c<\/p>\n<h4>Selbstschutz durch Informiertheit<\/h4>\n<p>In der Coronakrise konnte man sehr gut feststellen, wie die Bev\u00f6lkerung von offiziellen Stellen informiert wurde und sich auch selbst schlau machte. Es gibt Brosch\u00fcren sowohl in Printform als auch digital, doch Kommunikation bedeutet f\u00fcr Frank Fiedrich vor allem proaktiv zu werden.<span class=\"Apple-converted-space\">\u00a0<\/span><\/p>\n<p>Da sieht der Wissenschaftler von staatlicher Seite noch erhebliches Verbesserungspotential z.B. in Form von Veranstaltungen, die in Schulen stattfinden k\u00f6nnten oder die sich in welcher aktiven Form auch immer \u00f6ffentlichkeitswirksam an die Bev\u00f6lkerung richten. Aufholbedarf gebe es zus\u00e4tzlich auch bez\u00fcglich einer st\u00e4rkeren Pr\u00e4senz in den sozialen Medien.<span class=\"Apple-converted-space\">\u00a0<\/span><\/p>\n<p>Die Hochwasseranl\u00e4sse in Deutschland h\u00e4tten die Menschen bereits sehr sensibilisiert und dieses Bewusstsein k\u00f6nne man verst\u00e4rken. Andere Angebote, wie der bundesweite Warntag oder der internationale Tag der Katastrophenvorbeugung werden, nicht zuletzt, weil gro\u00dfe Schadensereignisse bei uns bisher eher selten sind, individuell weniger angenommen.<span class=\"Apple-converted-space\">\u00a0<\/span><\/p>\n<p><img loading=\"lazy\" decoding=\"async\" class=\"alignnone size-full wp-image-45599\" src=\"\/wp-content\/uploads\/2022\/01\/image002-1.jpg\" alt=\"\" width=\"430\" height=\"138\" \/><\/p>\n<p>\u201eWenn beispielsweise in Indien der Strom ausf\u00e4llt, ist es etwas Anderes, als wenn solch ein Ereignis in Deutschland eintritt. Die dortige Bev\u00f6lkerung ist eher darauf eingestellt, dass so etwas passieren k\u00f6nnte und kann daher besser mit solchen Ausf\u00e4llen umgehen\u201c, sagt der Fachmann.<\/p>\n<p><strong>Bek\u00e4mpfung mit vereinten Kr\u00e4ften<\/strong><\/p>\n<p>Nach Angaben der Waldbrandstatistik des Bundesamtes f\u00fcr Landwirtschaft und Ern\u00e4hrung verbrannte 2020 eine Gesamtfl\u00e4che von 62 ha. 1919 waren es noch 27 ha. \u201eHier in Wuppertal w\u00e4ren im Katastrophenfall in erster Linie die Stadt und die Feuerwehr Wuppertal zust\u00e4ndig\u201c, erkl\u00e4rt Frank Fiedrich. \u201eEs w\u00fcrden Krisenst\u00e4be zur Bew\u00e4ltigung gebildet und ggfls. sachbezogen Fachleute hinzugezogen.\u201c<span class=\"Apple-converted-space\">\u00a0<\/span><\/p>\n<div id=\"attachment_45604\" class=\"wp-caption alignnone\" style=\"max-width: 710px;\"><img loading=\"lazy\" decoding=\"async\" class=\" wp-image-45604\" src=\"\/wp-content\/uploads\/2022\/01\/Achim-Otto-Sandsaecke-767x1024.jpeg\" alt=\"\" width=\"700\" height=\"935\" \/><span class=\"wp-caption-text\">Flut-Katastrophe in Wuppertal: Das Wasser ging, die Sands\u00e4cke blieben &#8211; \u00a9 Achim Otto<\/span><\/div>\n<p>Dies k\u00f6nnten dann beispielsweise das Technische Hilfswerk oder das Amt f\u00fcr Forstwirtschaft sein, erl\u00e4utert er. Zur Hilfe bei einer Naturkatastrophe oder bei einem besonders schweren Ungl\u00fccksfall kann f\u00fcr die Einsatzbew\u00e4ltigung ggf. zus\u00e4tzlich auch die Bundeswehr im Rahmen der Amtshilfe einbezogen werden. Die heutigen Einsatzleitungen arbeiteten vor allem auf Erkenntnissen des gr\u00f6\u00dften deutschen Waldbrandes in der L\u00fcneburger Heide 1975, wei\u00df der Forscher.<span class=\"Apple-converted-space\">\u00a0<\/span><\/p>\n<p>Frank Fiedrich: \u201eWir hatten damals dort den gr\u00f6\u00dften Waldbrand der deutschen Geschichte. Da sind mehr als 75 Quadratkilometer innerhalb von zwei Wochen abgebrannt. Es waren \u00fcber 32000 Kr\u00e4fte im Einsatz und es wurden viele M\u00e4ngel in der Zusammenarbeit der Einsatzorganisationen festgestellt. Daraus hat man gelernt! Man ist besser vorbereitet und es gibt entsprechende Strukturen.\u201c<\/p>\n<p>In Deutschland unterschiede man zudem zwischen dem operativ-taktischen Stab f\u00fcr die Einsatzleitung und dem administrativ-organisatorischen Verwaltungsstab, der f\u00fcr diejenigen Ma\u00dfnahmen zust\u00e4ndig ist, die von einer Verwaltung aufgrund rechtlicher Vorgaben, finanzieller Zust\u00e4ndigkeiten oder politischer Verantwortung zu treffen sind. Ob diese Strukturen auch heute noch passen, hinterfragt Frank Fiedrich bei jedem neuen Projekt.<\/p>\n<h4>Unsicherheitsfaktor Mensch<\/h4>\n<p>Viele Br\u00e4nde entstehen durch Brandstiftung. Die weggeworfene Zigarette, das heimliche Grillen oder b\u00f6swilliges Z\u00fcndeln. Der Mensch als Unsicherheitsfaktor? Wie geht man mit diesen anthropogenen Gef\u00e4hrdungspotentialen in der Gefahrenabwehr \u00fcberhaupt um?<span class=\"Apple-converted-space\">\u00a0<\/span><\/p>\n<p>\u201eDer Mensch als Ursache spielt schon immer eine Rolle. Man muss dabei unterscheiden, ob er sich b\u00f6swillig oder nur fahrl\u00e4ssig verhalten hat\u201c, sagt Frank Fiedrich. Fahrl\u00e4ssigkeit k\u00f6nne man mit Aufkl\u00e4rungskampagnen oder auch gut aufgestellten Schildern begegnen.<span class=\"Apple-converted-space\">\u00a0<\/span><\/p>\n<div id=\"attachment_45605\" class=\"wp-caption alignnone\" style=\"max-width: 709px;\"><img loading=\"lazy\" decoding=\"async\" class=\" wp-image-45605\" src=\"\/wp-content\/uploads\/2022\/01\/1810699-01-1024x685.jpeg\" alt=\"\" width=\"699\" height=\"468\" \/><span class=\"wp-caption-text\">Hochwasser 2021 in Wuppertal &#8211; \u00a9 Achim Otto<\/span><\/div>\n<p>Damit generiere man eine Sensibilisierung innerhalb der Bev\u00f6lkerung, wobei der Wissenschaftler betont, dass die Vermeidung von Brandstiftung in Wald- und Naturschutzgebieten leider oft nicht m\u00f6glich ist, denn allein schon aufgrund der Fl\u00e4chengr\u00f6\u00dfe k\u00f6nne es dort keine gute \u00dcberwachung geben. Aber der Faktor Mensch werde in den Gef\u00e4hrdungs- und Risikoanalysen immer ber\u00fccksichtigt.<\/p>\n<h4>Helfende H\u00e4nde<\/h4>\n<p>Dass Menschen nicht nur als Risikofaktoren in Analysen angesehen werden, sondern auch als potentielle St\u00fctze bei Krisen und Katastrophen fungieren k\u00f6nnen, untersucht Frank Fiedrich unter anderem in einem neuen, auf drei Jahre angelegten Projekt.<span class=\"Apple-converted-space\">\u00a0<\/span><\/p>\n<p>Unter dem K\u00fcrzel Sokapi-R (Entwicklung eines Sozialkapital-Radars f\u00fcr den sozialraumorientieren Bev\u00f6lkerungsschutz) geht es um die Untersuchung von Gemeinschaften, die durch einen hohen Zusammenhalt, starkes Vertrauen und gemeinsam geteilte Werte in Krisen und Katastrophen ein breites, auf Hilfe und Unterst\u00fctzung ausgerichtetes Verhalten zeigen.<span class=\"Apple-converted-space\">\u00a0<\/span><\/p>\n<p>\u201eEs geht darum, dass man versucht, die Nachbarschaften und die Unterst\u00fctzungskapazit\u00e4ten, die in jeder Stadt innewohnen, besser zu verstehen&#8220;, wei\u00df Frank Fiedrich. Das Projekt will Nachbarschaftsnetzwerke und Initiativen eruieren und deren Einfluss auf die Krisenresilienz untersuchen. Auch Benachteiligungsaspekte vulnerabler, besonders anf\u00e4lliger Gruppen stehen im Fokus.<span class=\"Apple-converted-space\">\u00a0<\/span><\/p>\n<p>Zusammen kann daraus ein Lagebild entstehen, welches man bei der Arbeit im Bev\u00f6lkerungsschutz ber\u00fccksichtigen muss. \u201eDazu k\u00f6nnte man f\u00fcr Wuppertal eine Art Dashboard, also eine Visualisierung von Daten entwickeln, mit dessen Hilfe man relevante Daten \u00fcberschneiden und Verbesserungspotentiale erkennen kann. Denn f\u00fcr eine gute Krisenbew\u00e4ltigung spielt die Zusammenarbeit von Bev\u00f6lkerung, Einsatz- und Freiwilligenorganisationen sowie Nachbarschaftsnetzwerken und dergleichen eine gro\u00dfe Rolle.\u201c<\/p>\n<p>Das Bewusstsein im Umgang mit Krisen, stellt Fiedrich fest, \u00e4ndere sich gerade und je besser man die sozialen Strukturen und den damit verbundenen Zusammenhalt der Gemeinschaften verstehe, desto zielgerichteter k\u00f6nne man Schutzma\u00dfnahmen f\u00fcr die Bev\u00f6lkerung planen.<\/p>\n<p><b>Uwe Blass<\/b><\/p>\n<h4>\u00dcber Prof. Dr.-Ing Frank Fiedrich<\/h4>\n<p>Prof. Dr.-Ing. Frank Fiedrich leitet den Lehrstuhl f\u00fcr Bev\u00f6lkerungsschutz, Katastrophenhilfe und Objektsicherheit der Fakult\u00e4t f\u00fcr Maschinenbau und Sicherheitstechnik an der Bergischen Universit\u00e4t.<\/p>\n","protected":false},"excerpt":{"rendered":"<p>Verheerende Waldbr\u00e4nde in Griechenland und der T\u00fcrkei, Tornados in den Vereinigten Staaten, Vulkanausbr\u00fcche auf den Kanaren oder \u00dcberschwemmungen wie j\u00fcngst in Nordrhein-Westfalen und Rheinland-Pfalz sorgen die Menschen allerorts mehr und mehr.\u00a0<\/p>\n","protected":false},"author":7,"featured_media":0,"comment_status":"open","ping_status":"closed","sticky":false,"template":"","format":"standard","meta":{"footnotes":""},"categories":[27],"tags":[],"class_list":["post-45596","post","type-post","status-publish","format-standard","hentry","category-wissen"],"publishpress_future_action":{"enabled":false,"date":"2026-05-09 08:00:19","action":"change-status","newStatus":"draft","terms":[],"taxonomy":"category","extraData":[]},"publishpress_future_workflow_manual_trigger":{"enabledWorkflows":[]},"_links":{"self":[{"href":"https:\/\/www.die-stadtzeitung.de\/index.php\/wp-json\/wp\/v2\/posts\/45596","targetHints":{"allow":["GET"]}}],"collection":[{"href":"https:\/\/www.die-stadtzeitung.de\/index.php\/wp-json\/wp\/v2\/posts"}],"about":[{"href":"https:\/\/www.die-stadtzeitung.de\/index.php\/wp-json\/wp\/v2\/types\/post"}],"author":[{"embeddable":true,"href":"https:\/\/www.die-stadtzeitung.de\/index.php\/wp-json\/wp\/v2\/users\/7"}],"replies":[{"embeddable":true,"href":"https:\/\/www.die-stadtzeitung.de\/index.php\/wp-json\/wp\/v2\/comments?post=45596"}],"version-history":[{"count":6,"href":"https:\/\/www.die-stadtzeitung.de\/index.php\/wp-json\/wp\/v2\/posts\/45596\/revisions"}],"predecessor-version":[{"id":45608,"href":"https:\/\/www.die-stadtzeitung.de\/index.php\/wp-json\/wp\/v2\/posts\/45596\/revisions\/45608"}],"wp:attachment":[{"href":"https:\/\/www.die-stadtzeitung.de\/index.php\/wp-json\/wp\/v2\/media?parent=45596"}],"wp:term":[{"taxonomy":"category","embeddable":true,"href":"https:\/\/www.die-stadtzeitung.de\/index.php\/wp-json\/wp\/v2\/categories?post=45596"},{"taxonomy":"post_tag","embeddable":true,"href":"https:\/\/www.die-stadtzeitung.de\/index.php\/wp-json\/wp\/v2\/tags?post=45596"}],"curies":[{"name":"wp","href":"https:\/\/api.w.org\/{rel}","templated":true}]}}